{"id":489950,"date":"2025-10-25T22:38:20","date_gmt":"2025-10-25T22:38:20","guid":{"rendered":"https:\/\/www.europesays.com\/fr\/489950\/"},"modified":"2025-10-25T22:38:20","modified_gmt":"2025-10-25T22:38:20","slug":"jean-louis-aubert-revient-sur-le-jour-ou-son-pere-a-essaye-de-lempecher-de-devenir-musicien","status":"publish","type":"post","link":"https:\/\/www.europesays.com\/fr\/489950\/","title":{"rendered":"Jean-Louis Aubert revient sur le jour o\u00f9 son p\u00e8re a essay\u00e9 de l\u2019emp\u00eacher de devenir musicien"},"content":{"rendered":"<p>    Jean-Louis Aubert dans \u00abLes rencontres du Papotin\u00bb<br \/>\n                Leo Kekemenis \/ L\u00e9o KEKEMENIS &#8211; France T\u00e9l\u00e9visions<\/p>\n<p>\n    Entre instants de musique et d\u2019\u00e9motion, le chanteur \u00e2g\u00e9 de 70 ans s\u2019est, entre autres, livr\u00e9 sur son enfance face aux journalistes non-professionnels du Papotin dans l\u2019\u00e9mission diffus\u00e9e sur France 2.<\/p>\n<p class=\"fig-paragraph\">\u00abQuel est votre premier souvenir de musique\u00a0?\u00bb, \u00abEst-ce que vous avez d\u00e9j\u00e0 rencontr\u00e9 Louis Bertignac dans un parc animalier\u00a0?\u00bb, \u00abTes parents te trouvaient chiants\u00a0?\u00bb Autant de questions auxquelles\u00a0<a href=\"https:\/\/www.lefigaro.fr\/tag\/jean-louis-aubert\" target=\"_blank\" rel=\"sponsored noopener\" data-gtm-custom-categorie=\"navigation\" data-gtm-custom-action=\"crossclick\" data-gtm-custom-label=\"Contextuel\" data-gtm-event=\"customEventSPE\">Jean-Louis Aubert<\/a>\u00a0a accept\u00e9 de r\u00e9pondre ce samedi 25 octobre. L\u2019artiste s\u2019est pli\u00e9 \u00e0 cette transparence et cette authenticit\u00e9 \u00e0 l\u2019occasion des\u00a0<a href=\"https:\/\/www.lefigaro.fr\/tag\/les-rencontres-du-papotin\" target=\"_blank\" rel=\"sponsored noopener\" data-gtm-custom-categorie=\"navigation\" data-gtm-custom-action=\"crossclick\" data-gtm-custom-label=\"Contextuel\" data-gtm-event=\"customEventSPE\">\u00abRencontres du Papotins\u00bb<\/a>\u00a0diffus\u00e9e sur\u00a0<a href=\"https:\/\/tvmag.lefigaro.fr\/programme-tv\/chaine\/4\/tous-les-programmes-de-france-2\" target=\"_blank\" rel=\"sponsored noopener\" data-gtm-custom-categorie=\"navigation\" data-gtm-custom-action=\"crossclick\" data-gtm-custom-label=\"Contextuel\" data-gtm-event=\"customEventSPE\">France 2<\/a>.<\/p>\n<p class=\"fig-paragraph\">Sans jamais se d\u00e9partir de son sourire ni de sa guitare, le chanteur \u00e2g\u00e9 de 70 ans s\u2019est confront\u00e9, sans jamais para\u00eetre d\u00e9sar\u00e7onn\u00e9 aux journalistes porteurs de trouble du spectre autistique. Entre \u00e9motion et intimit\u00e9, Jean-Louis Aubert est revenu sur son enfance et sur sa relation avec ses parents. \u00abIls \u00e9taient soucieux et moi j\u2019\u00e9tais tr\u00e8s dissip\u00e9. Surtout quand je suis arriv\u00e9 \u00e0 Paris. En province j\u2019\u00e9tais un peu plus solitaire, \u00e0 Paris je me faisais beaucoup de copains et \u00e0 l\u2019\u00e9cole j\u2019\u00e9tais tr\u00e8s agit\u00e9\u00bb, explique l\u2019originaire de l\u2019Ain, en Auvergne-Rh\u00f4ne-Alpes.<\/p>\n<p class=\"fig-body-link\">\n            \u00c0 lire aussi<br \/>\n        <a class=\"fig-body-link__link\" href=\"http:\/\/tvmag.lefigaro.fr\/programme-tv\/people\/vous-pouvez-tomber-a-tout-moment-jean-louis-aubert-raconte-son-operation-a-coeur-ouvert-dans-sept-a-huit-20250209\" target=\"_blank\" data-fig-type=\"Article\" rel=\"noopener\" data-gtm-custom-categorie=\"navigation\" data-gtm-custom-action=\"crossclick\" data-gtm-custom-label=\"Contextuel\" data-gtm-event=\"customEventSPE\" data-fig-domain=\"TVMAG\"><\/p>\n<p>        \u00abVous pouvez tomber \u00e0 tout moment\u00bb\u00a0: Jean-Louis Aubert raconte son op\u00e9ration \u00e0 c\u0153ur ouvert dans \u00abSept \u00e0 huit\u00bb<br \/>\n    <\/a>\n<\/p>\n<p>                                    <a class=\"fig-a11y-skip a11y-hidden\" href=\"#fig-a11y-skip-main-inarticle\"><br \/>\n        Passer la publicit\u00e9<br \/>\n    <\/a><\/p>\n<p class=\"fig-paragraph\">Son amour de la musique n\u2019a pas arrang\u00e9 les affaires de ses parents. \u00abJ\u2019ai fait de la musique tr\u00e8s t\u00f4t. J\u2019avais envie d\u2019\u00eatre libre. C\u2019\u00e9tait une dr\u00f4le de p\u00e9riode et la musique c\u2019\u00e9tait m\u00eame un peu politique. C\u2019\u00e9tait la libert\u00e9\u00bb, se souvient le membre du groupe T\u00e9l\u00e9phone. Pourtant, cet amoureux de libert\u00e9 s\u2019est confront\u00e9 \u00e0 des obstacles avant de pouvoir faire accepter sa vocation \u00e0 ses proches. \u00abVotre p\u00e8re vous a amen\u00e9 voir un psy pour pas que vous deveniez musicien. C\u2019\u00e9tait quoi votre r\u00e9action\u00a0?\u00bb, interroge l\u2019un des journalistes non-professionnels.<\/p>\n<p class=\"fig-paragraph\">Jean-Louis Aubert se replonge dans sa m\u00e9moire et rappelle les faits\u00a0: \u00abLe monsieur m\u2019a fait parler puis il nous a convoqu\u00e9s tous les deux et a dit\u00a0: \u201cS\u2019il y a quelqu\u2019un chez qui quelque chose ne va pas, c\u2019est vous\u201d et il a regard\u00e9 mon p\u00e8re. Il a dit\u00a0: \u201cVotre fils a un r\u00eave, il est passionn\u00e9 par \u00e7a, il a besoin au moins d\u2019essayer de le faire\u201d\u00bb. Et de poursuivre\u00a0: \u00abMon p\u00e8re a \u00e9t\u00e9 super, on est all\u00e9 boire une bi\u00e8re ensemble apr\u00e8s et il m\u2019a dit : \u201cBah \u00e9coute, t\u2019as gagn\u00e9, j\u2019ai fait tout ce que j\u2019ai pu\u201d. Et donc ce psy a \u00e9t\u00e9 important parce qu\u2019il a dit \u00e0 mon p\u00e8re de laisser son fils tranquille, de me laisser essayer de r\u00e9aliser mon r\u00eave\u00bb, confie-t-il non sans une certaine \u00e9motion.<\/p>\n","protected":false},"excerpt":{"rendered":"Jean-Louis Aubert dans \u00abLes rencontres du Papotin\u00bb Leo Kekemenis \/ L\u00e9o KEKEMENIS &#8211; France T\u00e9l\u00e9visions Entre instants de&hellip;\n","protected":false},"author":2,"featured_media":489951,"comment_status":"","ping_status":"","sticky":false,"template":"","format":"standard","meta":{"footnotes":""},"categories":[1359],"tags":[58,59,1011,27,594,30870,973],"class_list":{"0":"post-489950","1":"post","2":"type-post","3":"status-publish","4":"format-standard","5":"has-post-thumbnail","7":"category-people","8":"tag-divertissement","9":"tag-entertainment","10":"tag-fr","11":"tag-france","12":"tag-france-2","13":"tag-jean-louis-aubert","14":"tag-people"},"share_on_mastodon":{"url":"https:\/\/pubeurope.com\/@fr\/115437207902004253","error":""},"_links":{"self":[{"href":"https:\/\/www.europesays.com\/fr\/wp-json\/wp\/v2\/posts\/489950","targetHints":{"allow":["GET"]}}],"collection":[{"href":"https:\/\/www.europesays.com\/fr\/wp-json\/wp\/v2\/posts"}],"about":[{"href":"https:\/\/www.europesays.com\/fr\/wp-json\/wp\/v2\/types\/post"}],"author":[{"embeddable":true,"href":"https:\/\/www.europesays.com\/fr\/wp-json\/wp\/v2\/users\/2"}],"replies":[{"embeddable":true,"href":"https:\/\/www.europesays.com\/fr\/wp-json\/wp\/v2\/comments?post=489950"}],"version-history":[{"count":0,"href":"https:\/\/www.europesays.com\/fr\/wp-json\/wp\/v2\/posts\/489950\/revisions"}],"wp:featuredmedia":[{"embeddable":true,"href":"https:\/\/www.europesays.com\/fr\/wp-json\/wp\/v2\/media\/489951"}],"wp:attachment":[{"href":"https:\/\/www.europesays.com\/fr\/wp-json\/wp\/v2\/media?parent=489950"}],"wp:term":[{"taxonomy":"category","embeddable":true,"href":"https:\/\/www.europesays.com\/fr\/wp-json\/wp\/v2\/categories?post=489950"},{"taxonomy":"post_tag","embeddable":true,"href":"https:\/\/www.europesays.com\/fr\/wp-json\/wp\/v2\/tags?post=489950"}],"curies":[{"name":"wp","href":"https:\/\/api.w.org\/{rel}","templated":true}]}}