{"id":489952,"date":"2025-10-25T22:39:14","date_gmt":"2025-10-25T22:39:14","guid":{"rendered":"https:\/\/www.europesays.com\/fr\/489952\/"},"modified":"2025-10-25T22:39:14","modified_gmt":"2025-10-25T22:39:14","slug":"un-artiste-de-normandie-a-cree-cette-sculpture-a-caen-elle-attire-deja-sur-la-presquile","status":"publish","type":"post","link":"https:\/\/www.europesays.com\/fr\/489952\/","title":{"rendered":"Un artiste de Normandie a cr\u00e9\u00e9 cette sculpture \u00e0 Caen, elle attire d\u00e9j\u00e0 sur la Presqu\u2019\u00eele"},"content":{"rendered":"<p>            Par<br \/>\n        <strong><br \/>\n            <a href=\"https:\/\/actu.fr\/auteur\/martin-arrot\" title=\"Consulter tous les articles de Martin Arrot\" target=\"_blank\" rel=\"noopener\">Martin Arrot<\/a><br \/>\n        <\/strong><\/p>\n<p>        Publi\u00e9 le<\/p>\n<p>            25 oct. 2025 \u00e0 14h40        <\/p>\n<p>Depuis le d\u00e9but du mois d\u2019octobre, une <b>\u00e9trange sculpture<\/b> est <a href=\"https:\/\/actu.fr\/normandie\/caen_14118\/quelle-est-cette-sculpture-en-cours-de-construction-sur-la-presquile-de-caen_63286879.html\" target=\"_blank\" rel=\"noopener\">en cours d\u2019installation sur la<b> <\/b>Presqu\u2019\u00eele de Caen<\/a> (Calvados), <b>pr\u00e8s du tribunal judiciaire<\/b>, non loin du port et de la biblioth\u00e8que Alexis-de-Tocqueville. Il s\u2019agit de Molecular Cloud, une \u0153uvre pour le <a href=\"https:\/\/actu.fr\/tag\/millenaire-de-caen\" target=\"_blank\" rel=\"noopener\">Mill\u00e9naire de Caen<\/a> sign\u00e9e du Normand<b> Vincent Leroy<\/b>, ayant fait une partie de ses \u00e9tudes \u00e0 Caen.<\/p>\n<p>Pass\u00e9 par le lyc\u00e9e technique Laplace \u00e0 Caen<\/p>\n<p class=\" wall-content\">Avant d\u2019exposer ses \u0153uvres \u00e0 S\u00e9oul, New York ou encore Singapour, l\u2019histoire de Vincent Leroy commence loin des galeries parisiennes, <b>dans une petite ferme du sud de la Manche<\/b>. Fils de deux parents agriculteurs, il occupe ses journ\u00e9es \u00e0 <b>bricoler avec les diff\u00e9rents mat\u00e9riaux <\/b>qu\u2019il trouve.<\/p>\n<blockquote class=\"ac-article-quote wall-content\">\n<p>Quand tu es \u00e0 la campagne, tu as de l\u2019espace, du temps et des mat\u00e9riaux, donc tu fais bosser ton imagination.<\/p>\n<p>Vincent Leroy<\/p><\/blockquote>\n<p class=\" wall-content\">C\u2019est ainsi qu\u2019il fabrique plusieurs jouets, un planeur ou encore un char \u00e0 voile. Mauvais \u00e9l\u00e8ve, il se retrouve \u00e0 <b>Caen<\/b> (Calvados)<b> au lyc\u00e9e technique Laplace<\/b>. Apr\u00e8s sa formation, il t\u00e2tonne, \u00ab\u2009je ne savais pas trop quoi faire de ma vie\u2009\u00bb. Il se rend alors \u00e0 l\u2019espace orientation de l\u2019<a href=\"https:\/\/actu.fr\/tag\/universite-de-caen\" target=\"_blank\" rel=\"noopener\">universit\u00e9 de Caen<\/a>. Un peu par hasard, il tombe sur une brochure d\u2019une \u00e9cole de design parisienne. <b>C\u2019est la r\u00e9v\u00e9lation<\/b>\u2009: \u00ab\u2009\u00e7a d\u00e9crivait exactement ce que je faisais petit, dans la ferme de mes parents.\u2009\u00bb<\/p>\n<p>    <img   decoding=\"async\" loading=\"lazy\" class=\"size-large\" src=\"https:\/\/www.europesays.com\/fr\/wp-content\/uploads\/2025\/10\/aeeac0b446f8692fac0b446f886facv-960x640.jpg\" alt=\"Vincent Leroy, l'artiste normand qui cr\u00e9e Molecular Cloud, une sculpture intrigante sur la Presqu'\u00eele de Caen (Calvados).\" width=\"960\" height=\"640\"\/><br \/>\n    Vincent Leroy, l\u2019artiste normand qui cr\u00e9e Molecular Cloud, une sculpture intrigante sur la Presqu\u2019\u00eele de Caen (Calvados). \u00a9Vincent Leroy\u00ab\u2009Que la municipalit\u00e9 de Caen me demande de cr\u00e9er quelque chose, c\u2019est touchant\u2009\u00bb<\/p>\n<p class=\" wall-content\">Il se rend alors \u00e0 Paris, \u00e0 l\u2019Ecole Nationale Sup\u00e9rieure de Cr\u00e9ation Industrielle. \u00c0 peine arriv\u00e9 dans la capitale, il se fait conna\u00eetre avec ses premi\u00e8res cr\u00e9ations, des mobiles motoris\u00e9s fabriqu\u00e9s avec des rebuts de mat\u00e9riel scientifique. C\u2019est <b>un succ\u00e8s<\/b>. <b>Il en vend plus de 300<\/b>, ce qui lui permet de financer ses \u00e9tudes et d\u2019obtenir des premiers contacts dans le monde de l\u2019art.<\/p>\n<p class=\" wall-content\">Depuis ses 25\u00a0ans, <b>Vincent Leroy expose dans le monde entier<\/b> \u2013 en Chine, aux \u00c9tats-Unis, en Europe,\u2026 et collabore avec des marques de luxe telles qu\u2019Y<b>ves Saint-Laurent<\/b>. Malgr\u00e9 tout,<b> <\/b>lorsqu\u2019il re\u00e7oit <b>un mail de la mairie de Caen, <\/b>il est<b> surpris<\/b>.<\/p>\n<p>Votre r\u00e9gion, votre actu !<\/p>\n<p>Recevez chaque jour les infos qui comptent pour vous.<\/p>\n<p>\t<a href=\"https:\/\/actu.fr\/newsletter\" class=\"ac-btn ac-btn--corner ac-btn--medium ac-btn--blue800\" target=\"_blank\" rel=\"noopener\">S&rsquo;incrire<\/a><\/p>\n<blockquote class=\"ac-article-quote wall-content\">\n<p>Je pensais que c\u2019\u00e9tait un spam. Ils voulaient me rencontrer pour que j\u2019expose dans le cadre du mill\u00e9naire de la ville. Que la municipalit\u00e9 me demande de cr\u00e9er quelque chose, c\u2019est touchant.<\/p>\n<p>Vincent Leroy<\/p><\/blockquote>\n<p>Molecular Cloud, une \u0153uvre inspir\u00e9e de la ville et n\u00e9e d\u2019un \u00ab\u2009chemin artistique\u2009\u00bb<\/p>\n<p class=\" wall-content\">Imaginer une \u0153uvre pour la Ville de <a href=\"https:\/\/actu.fr\/normandie\/caen_14118\" target=\"_blank\" rel=\"noopener\">Caen<\/a> n\u2019a pas \u00e9t\u00e9 simple. Mais <a href=\"https:\/\/actu.fr\/normandie\/caen_14118\/quelle-est-cette-sculpture-en-cours-de-construction-sur-la-presquile-de-caen_63286879.html\" target=\"_blank\" rel=\"noopener\">Molecular Cloud<\/a> est <b>n\u00e9 d\u2019un constat.<\/b> \u00ab\u2009J\u2019\u00e9tais en voiture sur l\u2019A13 et je me suis fait une remarque. Les nuages en Normandie sont plus bas qu\u2019\u00e0 Paris\u2009\u00bb. Deux id\u00e9es se rejoignent ensuite. Plus jeune, <b>la ville<\/b> lui apparaissait <b>comme scientifique <\/b>et la municipalit\u00e9 avait la <b>volont\u00e9 de propager Caen dans le futur<\/b>. L\u2019id\u00e9e lui est alors venue de donner <b>cet aspect mol\u00e9culaire \u00e0 un nuage<\/b>, pour cr\u00e9er une \u0153uvre alliant science et po\u00e9sie.<\/p>\n<p>    <img   decoding=\"async\" loading=\"lazy\" class=\"size-large\" src=\"https:\/\/www.europesays.com\/fr\/wp-content\/uploads\/2025\/10\/83eb88fb19e8677eb88fb19e84beb8v-1-960x640.jpg\" alt=\"Une \u00e9trange sculpture semble prendre vie sur la Presqu'\u00eele de Caen\" width=\"960\" height=\"640\"\/><br \/>\n    Une \u00e9trange sculpture prend vie actuellement sur la Presqu\u2019\u00eele de Caen. \u00a9Martin Arrot<\/p>\n<p class=\" wall-content\">La version de \u00ab\u2009Molecular Cloud\u2009\u00bb qui sera expos\u00e9e \u00e0 Caen n\u2019est <b>pas la premi\u00e8re<\/b>. Une autre avait \u00e9t\u00e9 pr\u00e9sent\u00e9e au festival de musique californien de Coachella en 2023, puis \u00e0 la Design Foundation de S\u00e9oul en 2025. Contrairement \u00e0 ces versions \u00ab\u2009mobiles et temporaires\u2009\u00bb,<b> celle de Caen sera p\u00e9renne<\/b>.<\/p>\n<p>Une sculpture qui sera p\u00e9renne \u00e0 Caen, derri\u00e8re le port<\/p>\n<p class=\" wall-content\">Ces deux premi\u00e8res esquisses constituent <b>le chemin artistique de Vincent Leroy<\/b>. \u00c0 chaque \u0153uvre, il r\u00e9fl\u00e9chit \u00e0 ce qu\u2019il peut modifier, am\u00e9liorer, ajouter\u2026<\/p>\n<blockquote class=\"ac-article-quote wall-content\">\n<p>Tu ne fais pas une \u0153uvre et tu repars sur autre chose derri\u00e8re, ce n\u2019est pas comme \u00e7a que \u00e7a fonctionne, tu cultives ton chemin.<\/p>\n<p>Vincent Leroy<\/p><\/blockquote>\n<p class=\" wall-content\">C\u2019est ainsi qu\u2019il a<b> affin\u00e9 sa vision<\/b> pour arriver \u00e0 l\u2019\u0153uvre qui sera expos\u00e9e \u00e0 Caen. Il a notamment appris que les spectateurs jouaient avec les nombreux reflets sph\u00e8res et accordaient une importance \u00e0 la vision du dessous. Il a alors eu l\u2019id\u00e9e de percer un petit trou en dessous de chaque sph\u00e8re. Au-del\u00e0 de l\u2019avantage technique, cette ouverture permettra aux Caennais d\u2019<b>observer le ciel \u00e0 travers l\u2019\u0153uvre<\/b>,<b> <\/b>leur offrant alors<b> une seconde lecture, plus a\u00e9rienne.<\/b><\/p>\n<p>    <img   decoding=\"async\" loading=\"lazy\" class=\"size-large\" src=\"https:\/\/www.europesays.com\/fr\/wp-content\/uploads\/2025\/10\/97428d122ee86ab428d122ee88f428v-960x640.jpg\" alt=\"L'oeuvre monumentale Maolecular Cloud, du Noramnd Vincent Leroy, s'installe sur la Presqu'\u00eele de Caen\" width=\"960\" height=\"640\"\/><br \/>\n    L\u2019\u0153uvre monumentale Maolecular Cloud, du Normand Vincent Leroy, s\u2019installe sur la Presqu\u2019\u00eele ambitionne de devenir le miroir de la ville. \u00a9Vincent LeroyUne \u0153uvre vivant au rythme de Caen<\/p>\n<p class=\" wall-content\">Molecular Cloud prendra place <b>sur la Presqu\u2019\u00eele de Caen<\/b>, un lieu choisi d\u2019un commun accord entre la mairie et l\u2019artiste. La municipalit\u00e9 avait la volont\u00e9 de poursuivre la valorisation de <a href=\"https:\/\/actu.fr\/normandie\/caen_14118\/sur-la-presquile-de-caen-ce-nouveau-parc-urbain-de-8-hectares-ne-ressemble-a-aucun-autre_62745083.html\" target=\"_blank\" rel=\"noopener\">cette nouvelle zone urbaine<\/a>. Vincent Leroy a tout de suite \u00e9t\u00e9 s\u00e9duit par l\u2019id\u00e9e, \u00ab\u2009pouvoir <b>redonner vie \u00e0 cette ancienne zone industrielle<\/b>, c\u2019est g\u00e9nial\u2009\u00bb.<br \/>L\u2019\u0153uvre s\u2019installe donc <b>sur la grande pelouse<\/b>, \u00ab\u2009un peu vide\u2009\u00bb selon l\u2019artiste, mais id\u00e9alement situ\u00e9e gr\u00e2ce \u00e0 sa richesse visuelle. Elle r\u00e9unit \u00e0 elle seule <b>le pass\u00e9, avec l\u2019Abbaye-aux-Dames visible au loin, la modernit\u00e9 des nouveaux b\u00e2timents de la Presqu\u2019\u00cele et la s\u00e9r\u00e9nit\u00e9 du canal.<\/b><\/p>\n<p class=\" wall-content\">Selon l\u2019endroit o\u00f9 l\u2019on se trouve, la perception de l\u2019\u0153uvre sera diff\u00e9rente. De l\u2019autre c\u00f4t\u00e9 du canal, depuis les rues adjacentes, l\u2019\u0153uvre appara\u00eetra de mani\u00e8re inattendue, au d\u00e9tour d\u2019un regard. \u00c0 l\u2019inverse, depuis certains points d\u00e9gag\u00e9s, on l\u2019apercevra de loin, tel un diamant scintillant.<\/p>\n<p>    <img   decoding=\"async\" loading=\"lazy\" class=\"size-large\" src=\"https:\/\/www.europesays.com\/fr\/wp-content\/uploads\/2025\/10\/09c4a4e45fe8643e4a4e45fe8c7e4av-960x640.jpg\" alt=\"Caen - sculpture - Molecular Clouds - Vincent Leroy - montage - Mill\u00e9naire\" width=\"960\" height=\"640\"\/><br \/>\n    La sculpture Molecular Cloud est en cours de montage sur la Presqu\u2019\u00eele, dans le cadre du Mill\u00e9naire de Caen (Calvados). \u00a9Christophe JacquetQue l\u2019installation devienne le miroir de la ville de Caen<\/p>\n<p class=\" wall-content\">L\u2019artiste souhaite que son installation <b>devienne le miroir de la ville<\/b>. Les sph\u00e8res refl\u00e9teront les couleurs du ciel \u2013 au lever du jour, \u00e0 midi ou au coucher du soleil. Aucun spot lumineux ne sera install\u00e9 \u00e0 proximit\u00e9\u2009: \u00ab\u2009Le but c\u2019est <b>que ce soit la ville qui l\u2019\u00e9claire<\/b>\u2009\u00bb, explique l\u2019artiste. La nuit, la vie nocturne caennaise se refl\u00e9tera donc dans ces nuages. \u00ab\u2009C\u2019est un choix os\u00e9 mais la municipalit\u00e9 a adh\u00e9r\u00e9\u2009\u00bb, confie Vincent Leroy.<br \/>\u00c0 travers cette installation, Molecular Cloud ambitionne de devenir<b> un point de rep\u00e8re pour les habitants<\/b>, une \u0153uvre vivante, \u00e9voluant au rythme du ciel et de la ville. Et c\u2019est avant tout ce que l\u2019artiste cherche \u00e0 exprimer\u2009: <b>cr\u00e9er des \u0153uvres immersives<\/b>, empreintes de r\u00eave et de po\u00e9sie pour rassembler.<br \/>Il va falloir encore patienter quelques semaines, avant de pouvoir observer l\u2019\u0153uvre de Vincent Leroy, dont la livraison est estim\u00e9e <b>\u00e0 la mi-novembre\u00a02026.<\/b><\/p>\n<p class=\" wall-content\">Personnalisez votre actualit\u00e9 en ajoutant vos villes et m\u00e9dias en favori avec <a href=\"https:\/\/moncompte.actu.fr\" title=\"D\u00e9couvez Mon Actu\" rel=\"nofollow noopener\" data-trk=\"{&quot;cta&quot;:{&quot;action&quot;:&quot;https:\\\/\\\/moncompte.actu.fr&quot;,&quot;category&quot;:&quot;mon compte&quot;,&quot;from&quot;:&quot;article footer&quot;,&quot;name&quot;:&quot;Mon actu&quot;,&quot;type&quot;:&quot;cta&quot;}}\" target=\"_blank\">Mon Actu<\/a>.<\/p>\n","protected":false},"excerpt":{"rendered":"Par Martin Arrot Publi\u00e9 le 25 oct. 2025 \u00e0 14h40 Depuis le d\u00e9but du mois d\u2019octobre, une \u00e9trange&hellip;\n","protected":false},"author":2,"featured_media":489953,"comment_status":"","ping_status":"","sticky":false,"template":"","format":"standard","meta":{"footnotes":""},"categories":[1358],"tags":[1348,1384,1385,1386,58,59,1011,27,1652,19785,58067],"class_list":{"0":"post-489952","1":"post","2":"type-post","3":"status-publish","4":"format-standard","5":"has-post-thumbnail","7":"category-arts-et-design","8":"tag-arts","9":"tag-arts-and-design","10":"tag-arts-et-design","11":"tag-design","12":"tag-divertissement","13":"tag-entertainment","14":"tag-fr","15":"tag-france","16":"tag-loisirs-culture","17":"tag-millenaire-de-caen","18":"tag-presquile-de-caen"},"share_on_mastodon":{"url":"https:\/\/pubeurope.com\/@fr\/115437212507238769","error":""},"_links":{"self":[{"href":"https:\/\/www.europesays.com\/fr\/wp-json\/wp\/v2\/posts\/489952","targetHints":{"allow":["GET"]}}],"collection":[{"href":"https:\/\/www.europesays.com\/fr\/wp-json\/wp\/v2\/posts"}],"about":[{"href":"https:\/\/www.europesays.com\/fr\/wp-json\/wp\/v2\/types\/post"}],"author":[{"embeddable":true,"href":"https:\/\/www.europesays.com\/fr\/wp-json\/wp\/v2\/users\/2"}],"replies":[{"embeddable":true,"href":"https:\/\/www.europesays.com\/fr\/wp-json\/wp\/v2\/comments?post=489952"}],"version-history":[{"count":0,"href":"https:\/\/www.europesays.com\/fr\/wp-json\/wp\/v2\/posts\/489952\/revisions"}],"wp:featuredmedia":[{"embeddable":true,"href":"https:\/\/www.europesays.com\/fr\/wp-json\/wp\/v2\/media\/489953"}],"wp:attachment":[{"href":"https:\/\/www.europesays.com\/fr\/wp-json\/wp\/v2\/media?parent=489952"}],"wp:term":[{"taxonomy":"category","embeddable":true,"href":"https:\/\/www.europesays.com\/fr\/wp-json\/wp\/v2\/categories?post=489952"},{"taxonomy":"post_tag","embeddable":true,"href":"https:\/\/www.europesays.com\/fr\/wp-json\/wp\/v2\/tags?post=489952"}],"curies":[{"name":"wp","href":"https:\/\/api.w.org\/{rel}","templated":true}]}}