{"id":489964,"date":"2025-10-25T22:46:14","date_gmt":"2025-10-25T22:46:14","guid":{"rendered":"https:\/\/www.europesays.com\/fr\/489964\/"},"modified":"2025-10-25T22:46:14","modified_gmt":"2025-10-25T22:46:14","slug":"george-clooney-va-jouer-dans-dix-pour-cent-et-enfin-partager-autre-chose-quun-cafe-avec-camille-cottin","status":"publish","type":"post","link":"https:\/\/www.europesays.com\/fr\/489964\/","title":{"rendered":"George Clooney va jouer dans \u00ab\u00a0Dix pour cent\u00a0\u00bb et enfin partager autre chose qu\u2019un caf\u00e9 avec Camille Cottin"},"content":{"rendered":"<p>        <img decoding=\"async\" loading=\"lazy\" src=\"https:\/\/www.europesays.com\/fr\/wp-content\/uploads\/2025\/10\/ebf8e13_1725223834780-gettyimages-1848935077.jpg\"  width=\"728\" height=\"409\" alt=\"George Clooney (ici le 11\u00a0d\u00e9cembre 2023\u00a0\u00e0 Beverly Hills) va jouer dans \u00ab\u00a0Dix pour cent\u00a0\u00bb et va enfin partager autre chose qu\u2019un caf\u00e9 avec Camille Cottin.\"\/>  <\/p>\n<p>David Livingston \/ WireImage<\/p>\n<p>George Clooney (ici le 11\u00a0d\u00e9cembre 2023\u00a0\u00e0 Beverly Hills) va jouer dans \u00ab\u00a0Dix pour cent\u00a0\u00bb et va enfin partager autre chose qu\u2019un caf\u00e9 avec Camille Cottin.<\/p>\n<p class=\"asset asset-text\">DIVERTISSEMENT\u00a0&#8211; Un caf\u00e9 et \u00ab\u00a0what else\u00a0\u00bb\u00a0? Un film\u00a0! Alors que Netflix annon\u00e7ait le 8\u00a0octobre le lancement du tournage du long m\u00e9trage <a href=\"https:\/\/www.huffingtonpost.fr\/culture\/article\/eva-longoria-va-adapter-dix-pour-cent-au-mexique-annonce-l-actrice-en-plein-festival-de-cannes_234115.html\" target=\"_blank\" rel=\"noopener\" title=\"Nouvelle fen\u00eatre\">Dix pour cent<\/a>, suite de la s\u00e9rie embl\u00e9matique du m\u00eame nom, une pointure du cin\u00e9ma vient d\u2019annoncer au <a href=\"https:\/\/www.leparisien.fr\/culture-loisirs\/cinema\/george-clooney-je-vais-jouer-dans-le-film-dix-pour-cent-et-jarrive-a-paris-pour-le-tournage-25-10-2025-4OSGJURQQVCK5K2A45P5NDEISI.php\" target=\"_blank\" rel=\"noopener\" title=\"Nouvelle fen\u00eatre\">Parisien<\/a> qu\u2019elle serait de la partie\u00a0: George Clooney. Celui qui partage les pubs d\u2019une c\u00e9l\u00e8bre marque de caf\u00e9 avec la Fran\u00e7aise Camille Cottin va donc cette fois partager l\u2019affiche avec celle qui incarne<a href=\"https:\/\/www.huffingtonpost.fr\/culture\/article\/dix-pour-cent-saison-4-que-pensent-les-etrangers-de-la-serie_171786.html\" target=\"_blank\" rel=\"noopener\" title=\"Nouvelle fen\u00eatre\"> l\u2019un des personnages principaux<\/a>.<\/p>\n<p class=\"asset asset-text\">Le tournage du film vient de commencer et devrait durer deux mois. D\u2019ailleurs, George Clooney ne devrait pas tarder \u00e0 arriver \u00e0 Paris, comme il l\u2019a annonc\u00e9 au Parisien dans un article publi\u00e9 ce samedi 25\u00a0octobre, \u00e0 l\u2019occasion de la sortie de son prochain film Jay Kelly. \u00ab\u00a0Puisque vous \u00eates fran\u00e7ais, je vais vous dire que je pars pour Paris o\u00f9 je serai la semaine prochaine pour participer au tournage du film Dix pour Cent\u00a0\u00bb, a-t-il confi\u00e9 au quotidien. Il pr\u00e9cise m\u00eame\u00a0: \u00ab\u00a0Je n\u2019ai pas h\u00e9sit\u00e9 une seconde\u00a0\u00bb. Le long m\u00e9trage est attendu sur Netflix courant 2026.<\/p>\n<p class=\"asset asset-text\">Si la s\u00e9rie s\u2019est arr\u00eat\u00e9e en 2020\u00a0en France \u00e0 l\u2019issue de la quatri\u00e8me saison, elle s\u2019est d\u00e9clin\u00e9e dans de nombreux pays, conquis par les p\u00e9rip\u00e9ties de l\u2019agence artistique parisienne A.S.K.. Elle a notamment \u00e9t\u00e9 adapt\u00e9e en anglais sous le titre\u00a0Call My Agent.<\/p>\n<p class=\"asset asset-text\">Dans la version fran\u00e7aise, un acteur ou une actrice connue du grand public vient jouer son propre r\u00f4le, dans des versions exag\u00e9r\u00e9es ou humoristiques. Parmi les invit\u00e9s notables figurent Isabelle Huppert, Juliette Binoche, Jean Dujardin ou Monica Bellucci. L\u2019actrice Sigourney Weaver avait \u00e9galement jou\u00e9 dans la saison 4.<\/p>\n<p> La lecture de ce contenu est susceptible d\u2019entra\u00eener un d\u00e9p\u00f4t de cookies de la part de l\u2019op\u00e9rateur tiers qui l\u2019h\u00e9berge. Compte-tenu des choix que vous avez exprim\u00e9s en mati\u00e8re de d\u00e9p\u00f4t de cookies, nous avons bloqu\u00e9 l\u2019affichage de ce contenu. Si vous souhaitez y acc\u00e9der, vous devez accepter la cat\u00e9gorie de cookies \u201cContenus tiers\u201d en cliquant sur le bouton ci-dessous. <\/p>\n<p> Lire la Vid\u00e9o        <\/p>\n<p class=\"asset asset-text\">On ne sait pas encore grand-chose sur le prochain film si ce n\u2019est, selon le site sp\u00e9cialis\u00e9 <a href=\"https:\/\/deadline.com\/2025\/09\/netflix-reunites-the-cast-for-call-my-agent-the-movie-1236529685\/\" target=\"_blank\" rel=\"noopener\" title=\"Nouvelle fen\u00eatre\">Deadline<\/a>, qu\u2019il commencera cinq ans apr\u00e8s la fermeture de l\u2019agence A.S.K. et r\u00e9unira les personnages d\u2019origine camp\u00e9s par Camille Cottin, Laure Calamy, Thibault de Montalembert, Gr\u00e9gory Montel et Nicolas Maury.<\/p>\n","protected":false},"excerpt":{"rendered":"David Livingston \/ WireImage George Clooney (ici le 11\u00a0d\u00e9cembre 2023\u00a0\u00e0 Beverly Hills) va jouer dans \u00ab\u00a0Dix pour cent\u00a0\u00bb&hellip;\n","protected":false},"author":2,"featured_media":489965,"comment_status":"","ping_status":"","sticky":false,"template":"","format":"standard","meta":{"footnotes":""},"categories":[8],"tags":[251,58,59808,59,1011,27,6054,973,595],"class_list":{"0":"post-489964","1":"post","2":"type-post","3":"status-publish","4":"format-standard","5":"has-post-thumbnail","7":"category-divertissement","8":"tag-culture","9":"tag-divertissement","10":"tag-dix-pour-cent","11":"tag-entertainment","12":"tag-fr","13":"tag-france","14":"tag-george-clooney","15":"tag-people","16":"tag-serie-tv"},"share_on_mastodon":{"url":"https:\/\/pubeurope.com\/@fr\/115437240013674862","error":""},"_links":{"self":[{"href":"https:\/\/www.europesays.com\/fr\/wp-json\/wp\/v2\/posts\/489964","targetHints":{"allow":["GET"]}}],"collection":[{"href":"https:\/\/www.europesays.com\/fr\/wp-json\/wp\/v2\/posts"}],"about":[{"href":"https:\/\/www.europesays.com\/fr\/wp-json\/wp\/v2\/types\/post"}],"author":[{"embeddable":true,"href":"https:\/\/www.europesays.com\/fr\/wp-json\/wp\/v2\/users\/2"}],"replies":[{"embeddable":true,"href":"https:\/\/www.europesays.com\/fr\/wp-json\/wp\/v2\/comments?post=489964"}],"version-history":[{"count":0,"href":"https:\/\/www.europesays.com\/fr\/wp-json\/wp\/v2\/posts\/489964\/revisions"}],"wp:featuredmedia":[{"embeddable":true,"href":"https:\/\/www.europesays.com\/fr\/wp-json\/wp\/v2\/media\/489965"}],"wp:attachment":[{"href":"https:\/\/www.europesays.com\/fr\/wp-json\/wp\/v2\/media?parent=489964"}],"wp:term":[{"taxonomy":"category","embeddable":true,"href":"https:\/\/www.europesays.com\/fr\/wp-json\/wp\/v2\/categories?post=489964"},{"taxonomy":"post_tag","embeddable":true,"href":"https:\/\/www.europesays.com\/fr\/wp-json\/wp\/v2\/tags?post=489964"}],"curies":[{"name":"wp","href":"https:\/\/api.w.org\/{rel}","templated":true}]}}