{"id":489970,"date":"2025-10-25T22:50:13","date_gmt":"2025-10-25T22:50:13","guid":{"rendered":"https:\/\/www.europesays.com\/fr\/489970\/"},"modified":"2025-10-25T22:50:13","modified_gmt":"2025-10-25T22:50:13","slug":"donald-trump-annonce-une-hausse-de-10-des-droits-de-douane-sur-le-canada","status":"publish","type":"post","link":"https:\/\/www.europesays.com\/fr\/489970\/","title":{"rendered":"Donald Trump annonce une hausse de 10% des droits de douane sur le Canada"},"content":{"rendered":"<p>\n    Le pr\u00e9sident am\u00e9ricain entend ainsi punir le Canada pour une publicit\u00e9 contre les droits de douane am\u00e9ricains.<\/p>\n<p class=\"fig-paragraph\">Le pr\u00e9sident Donald Trump, qui a d\u00e9cid\u00e9 cette semaine de rompre les relations commerciales avec le Canada \u00e0 cause d\u2019<a href=\"http:\/\/www.lefigaro.fr\/flash-eco\/le-canada-suspend-une-campagne-critiquee-par-trump-pour-relancer-les-negociations-commerciales-avec-washington-20251024\" target=\"_blank\" data-fig-type=\"NewsFlash\" rel=\"noopener\" data-gtm-custom-categorie=\"navigation\" data-gtm-custom-action=\"crossclick\" data-gtm-custom-label=\"Contextuel\" data-gtm-event=\"customEventSPE\" data-fig-domain=\"LEFIGARO\">une publicit\u00e9 contre les droits de douane am\u00e9ricains<\/a>, a annonc\u00e9 samedi l\u2019ajout de 10% suppl\u00e9mentaires contre les importations canadiennes qui \u00e9taient d\u00e9j\u00e0 concern\u00e9es. \u00abLeur publicit\u00e9 devait \u00eatre retir\u00e9e, IMM\u00c9DIATEMENT, mais ils l\u2019ont laiss\u00e9e \u00eatre diffus\u00e9e hier (vendredi) soir pendant la World Series, en sachant qu\u2019il s\u2019agissait d\u2019une FRAUDE\u00bb, a lanc\u00e9 le pr\u00e9sident am\u00e9ricain, sur sa plateforme Truth Social. \u00abEn raison de leur grave d\u00e9formation des faits, et de leur acte hostile, j\u2019augmente les droits de douane sur le Canada de 10% suppl\u00e9mentaires par rapport \u00e0 ce qu\u2019il paie actuellement\u00bb, a-t-il ajout\u00e9.<\/p>\n<p class=\"fig-paragraph\">Il faisait r\u00e9f\u00e9rence \u00e0 une campagne publicitaire produite par la province canadienne de l\u2019Ontario, qui a \u00e9t\u00e9 diffus\u00e9e vendredi soir \u00e0 l\u2019occasion du premier match tr\u00e8s suivi des finales du championnat nord-am\u00e9ricain de baseball. \u00abJ\u2019ai entendu dire qu\u2019ils allaient retirer la publicit\u00e9. Je ne savais pas qu\u2019ils allaient la diffuser un peu plus. Ils auraient pu la retirer ce soir\u00bb, avait-il relev\u00e9 vendredi soir, \u00e0 des journalistes avant de s\u2019envoler pour une tourn\u00e9e en Asie, d\u00e9non\u00e7ant un \u00abcoup tordu\u00bb du Canada.<\/p>\n<p>                                    <a class=\"fig-a11y-skip a11y-hidden\" href=\"#fig-a11y-skip-main-inarticle\"><br \/>\n        Passer la publicit\u00e9<br \/>\n    <\/a><\/p>\n<p>\u00abUn comportement scandaleux\u00bb<\/p>\n<p class=\"fig-paragraph\">Cette publicit\u00e9 utilisait des extraits d\u2019un discours de Ronald Reagan, dans lequel l\u2019ancien pr\u00e9sident am\u00e9ricain mettait en garde contre certaines cons\u00e9quences que des droits de douane \u00e9lev\u00e9s sur les importations \u00e9trang\u00e8res pourraient avoir sur l\u2019\u00e9conomie am\u00e9ricaine. Diffus\u00e9e sur plusieurs cha\u00eenes de t\u00e9l\u00e9vision am\u00e9ricaine, elle a provoqu\u00e9 l\u2019ire de Donald Trump qui a d\u00e9nonc\u00e9 jeudi soir \u00abun comportement scandaleux\u00bb et a annonc\u00e9 la rupture \u00e0 effet imm\u00e9diat des n\u00e9gociations commerciales avec Ottawa. Cette rupture constituait d\u00e9j\u00e0 un coup dur pour le Canada au moment o\u00f9 un accord commercial entre les deux pays &#8211; portant sur l\u2019acier, l\u2019aluminium et l\u2019\u00e9nergie &#8211; semblait pouvoir \u00eatre conclu, selon le journal canadien Globe and Mail.<\/p>\n<p class=\"fig-paragraph\">Avant l\u2019apparition de cette publicit\u00e9, une rencontre entre le premier ministre canadien Mark Carney et Donald Trump \u00e9tait pr\u00e9vue lors du sommet de la Coop\u00e9ration \u00e9conomique Asie-Pacifique (Apec) \u00e0 la fin du mois en Cor\u00e9e du Sud. Mais, apr\u00e8s cette diffusion, le milliardaire am\u00e9ricain a affirm\u00e9 n\u2019avoir aucune intention de discuter avec Mark Carney ou de le rencontrer.<\/p>\n<p class=\"fig-paragraph\">Le Canada est le deuxi\u00e8me partenaire commercial des \u00c9tats-Unis et un fournisseur majeur d\u2019acier et d\u2019aluminium pour les entreprises am\u00e9ricaines. Avant l\u2019annonce de samedi, une partie des importations canadiennes subissaient des droits de douane maximum de 25% (10% pour l\u2019\u00e9nergie et la potasse) mais en sont exempt\u00e9es toutes les marchandises entrant dans le cadre de l\u2019accord de libre-\u00e9change entre les \u00c9tats-Unis, le Canada et le Mexique (ACEUM).<\/p>\n","protected":false},"excerpt":{"rendered":"Le pr\u00e9sident am\u00e9ricain entend ainsi punir le Canada pour une publicit\u00e9 contre les droits de douane am\u00e9ricains. Le&hellip;\n","protected":false},"author":2,"featured_media":489971,"comment_status":"","ping_status":"","sticky":false,"template":"","format":"standard","meta":{"footnotes":""},"categories":[5],"tags":[11,574,1011,27,14,12,28],"class_list":{"0":"post-489970","1":"post","2":"type-post","3":"status-publish","4":"format-standard","5":"has-post-thumbnail","7":"category-international","8":"tag-actualites","9":"tag-canada","10":"tag-fr","11":"tag-france","12":"tag-international","13":"tag-news","14":"tag-world"},"share_on_mastodon":{"url":"https:\/\/pubeurope.com\/@fr\/115437254968888512","error":""},"_links":{"self":[{"href":"https:\/\/www.europesays.com\/fr\/wp-json\/wp\/v2\/posts\/489970","targetHints":{"allow":["GET"]}}],"collection":[{"href":"https:\/\/www.europesays.com\/fr\/wp-json\/wp\/v2\/posts"}],"about":[{"href":"https:\/\/www.europesays.com\/fr\/wp-json\/wp\/v2\/types\/post"}],"author":[{"embeddable":true,"href":"https:\/\/www.europesays.com\/fr\/wp-json\/wp\/v2\/users\/2"}],"replies":[{"embeddable":true,"href":"https:\/\/www.europesays.com\/fr\/wp-json\/wp\/v2\/comments?post=489970"}],"version-history":[{"count":0,"href":"https:\/\/www.europesays.com\/fr\/wp-json\/wp\/v2\/posts\/489970\/revisions"}],"wp:featuredmedia":[{"embeddable":true,"href":"https:\/\/www.europesays.com\/fr\/wp-json\/wp\/v2\/media\/489971"}],"wp:attachment":[{"href":"https:\/\/www.europesays.com\/fr\/wp-json\/wp\/v2\/media?parent=489970"}],"wp:term":[{"taxonomy":"category","embeddable":true,"href":"https:\/\/www.europesays.com\/fr\/wp-json\/wp\/v2\/categories?post=489970"},{"taxonomy":"post_tag","embeddable":true,"href":"https:\/\/www.europesays.com\/fr\/wp-json\/wp\/v2\/tags?post=489970"}],"curies":[{"name":"wp","href":"https:\/\/api.w.org\/{rel}","templated":true}]}}