{"id":489974,"date":"2025-10-25T22:52:10","date_gmt":"2025-10-25T22:52:10","guid":{"rendered":"https:\/\/www.europesays.com\/fr\/489974\/"},"modified":"2025-10-25T22:52:10","modified_gmt":"2025-10-25T22:52:10","slug":"stupeur-a-abu-dhabi-le-combat-entre-le-francais-gane-et-aspinall-arrete-au-premier-round","status":"publish","type":"post","link":"https:\/\/www.europesays.com\/fr\/489974\/","title":{"rendered":"stupeur \u00e0 Abu Dhabi, le combat entre le Fran\u00e7ais Gane et Aspinall arr\u00eat\u00e9 au premier round"},"content":{"rendered":"<p>\n    P\u00e9tard mouill\u00e9 \u00e0 Abu Dhabi, o\u00f9 le tr\u00e8s attendu combat pour le sacre mondial des lourds entre le Fran\u00e7ais Ciryl Gane et le ph\u00e9nom\u00e8ne Tom Aspinall a \u00e9t\u00e9 arr\u00eat\u00e9 lors du premier round ce samedi et report\u00e9. Ledit Aspinall garde sa ceinture.<\/p>\n<p class=\"fig-paragraph\">Le combat tant attendu\u00a0<a href=\"https:\/\/www.lefigaro.fr\/sports\/mma\/en-direct-mma-ciryl-gane-repart-a-la-conquete-du-sacre-mondial-face-a-tom-aspinall-20251025\" data-fig-type=\"Live\" data-gtm-custom-categorie=\"navigation\" data-gtm-custom-action=\"crossclick\" data-gtm-custom-label=\"Contextuel\" data-gtm-event=\"customEventSPE\" data-fig-domain=\"LEFIGARO\" rel=\"nofollow noopener\" target=\"_blank\">entre Ciryl Gane et Tom Aspinall<\/a>\u00a0pour la ceinture des lourds de l\u2019UFC a \u00e9t\u00e9 arr\u00eat\u00e9 d\u00e8s le premier round, le Britannique \u00e9tant incapable de reprendre le combat apr\u00e8s avoir pris un coup dans l\u2019\u0153il involontaire du Fran\u00e7ais. Ciryl Gane, qui tentait apr\u00e8s deux \u00e9checs de s\u2019emparer du titre supr\u00eame, devra encore patienter. Aspinall conserve la ceinture des lourds mais un nouveau combat devrait avoir lieu dans les prochains mois.<\/p>\n<p class=\"fig-paragraph\">Les hostilit\u00e9s avaient commenc\u00e9 sur un rythme \u00e9lev\u00e9 comme souvent lors des apparitions d\u2019Aspinall dans l\u2019octogone, et le Fran\u00e7ais, qui s\u2019\u00e9tait pr\u00e9par\u00e9 comme jamais pour ce duel, semblait avoir pris l\u2019ascendant dans la premi\u00e8re reprise. Mais au bout de 4 min 35, sur un low-kick de Gane, le Fran\u00e7ais a involontairement mis deux doigts dans les yeux de son adversaire. Apr\u00e8s plusieurs minutes d\u2019interruption, le Britannique a indiqu\u00e9 ne plus pouvoir voir avec l\u2019\u0153il droit, for\u00e7ant l\u2019arbitre \u00e0 arr\u00eater le combat sur un \u00abno-contest\u00bb.<\/p>\n<blockquote class=\"fig-quote&#10;    \">\n<p class=\"fig-quote__text\">Tout le monde est un peu d\u00e9go\u00fbt\u00e9 de cette issue.<\/p>\n<p>            Ciryl Gane\n    <\/p><\/blockquote>\n<p>                                    <a class=\"fig-a11y-skip a11y-hidden\" href=\"#fig-a11y-skip-main-inarticle\"><br \/>\n        Passer la publicit\u00e9<br \/>\n    <\/a><\/p>\n<p class=\"fig-paragraph\">\u00c0 l\u2019annonce de la sentence, Gane s\u2019est prostr\u00e9 au sol au milieu de la cage. \u00abJe suis vraiment d\u00e9sol\u00e9 de ce qui s\u2019est pass\u00e9, d\u00e9sol\u00e9 pour Aspinall, d\u00e9sol\u00e9 pour mon camp. On a mis beaucoup d\u2019\u00e9nergie pour pr\u00e9parer ce combat. C\u2019est le sport, c\u2019est comme \u00e7a\u00bb, a r\u00e9agi le Fran\u00e7ais de 35 ans. \u00abD\u00e9nouement compliqu\u00e9\u00bb, a-t-il poursuivi au micro de RMC Sport. \u00ab\u00c0 la limite, il m\u2019aurait mis KO, je l\u2019aurais mis KO, il gagne, je gagne&#8230; On aurait eu quelque chose de satisfaisant pour un camp ou l\u2019autre. L\u00e0, tout le monde est un peu d\u00e9go\u00fbt\u00e9 de cette issue, en sachant toute l\u2019\u00e9nergie qu\u2019on a pu mettre.\u00bb<\/p>\n<p class=\"fig-paragraph\">Ciryl Gane avait d\u00e9j\u00e0 obtenu deux chances pour la ceinture contre deux des plus grands noms de l\u2019histoire de cette cat\u00e9gorie. Battu de peu en janvier 2022 par le Camerounais Francis Ngannou, Gane s\u2019\u00e9tait vu offrir une deuxi\u00e8me chance en mars 2023 contre la l\u00e9gende am\u00e9ricaine Jon Jones. Mais cette seconde exp\u00e9rience s\u2019\u00e9tait sold\u00e9e par une d\u00e9faite cuisante pour le Fran\u00e7ais, qui cherchait \u00e0 effacer ce revers. Champion par int\u00e9rim lors de la p\u00e9riode d\u2019inactivit\u00e9 de Jon Jones, Aspinall avait \u00e9t\u00e9 promu champion incontest\u00e9 de la cat\u00e9gorie reine \u00e0 la suite de la retraite de l\u2019Am\u00e9ricain.<\/p>\n","protected":false},"excerpt":{"rendered":"P\u00e9tard mouill\u00e9 \u00e0 Abu Dhabi, o\u00f9 le tr\u00e8s attendu combat pour le sacre mondial des lourds entre le&hellip;\n","protected":false},"author":2,"featured_media":489975,"comment_status":"","ping_status":"","sticky":false,"template":"","format":"standard","meta":{"footnotes":""},"categories":[2],"tags":[11,23879,1011,27,12],"class_list":{"0":"post-489974","1":"post","2":"type-post","3":"status-publish","4":"format-standard","5":"has-post-thumbnail","7":"category-actualites","8":"tag-actualites","9":"tag-ciryl-gane","10":"tag-fr","11":"tag-france","12":"tag-news"},"share_on_mastodon":{"url":"https:\/\/pubeurope.com\/@fr\/115437262854609277","error":""},"_links":{"self":[{"href":"https:\/\/www.europesays.com\/fr\/wp-json\/wp\/v2\/posts\/489974","targetHints":{"allow":["GET"]}}],"collection":[{"href":"https:\/\/www.europesays.com\/fr\/wp-json\/wp\/v2\/posts"}],"about":[{"href":"https:\/\/www.europesays.com\/fr\/wp-json\/wp\/v2\/types\/post"}],"author":[{"embeddable":true,"href":"https:\/\/www.europesays.com\/fr\/wp-json\/wp\/v2\/users\/2"}],"replies":[{"embeddable":true,"href":"https:\/\/www.europesays.com\/fr\/wp-json\/wp\/v2\/comments?post=489974"}],"version-history":[{"count":0,"href":"https:\/\/www.europesays.com\/fr\/wp-json\/wp\/v2\/posts\/489974\/revisions"}],"wp:featuredmedia":[{"embeddable":true,"href":"https:\/\/www.europesays.com\/fr\/wp-json\/wp\/v2\/media\/489975"}],"wp:attachment":[{"href":"https:\/\/www.europesays.com\/fr\/wp-json\/wp\/v2\/media?parent=489974"}],"wp:term":[{"taxonomy":"category","embeddable":true,"href":"https:\/\/www.europesays.com\/fr\/wp-json\/wp\/v2\/categories?post=489974"},{"taxonomy":"post_tag","embeddable":true,"href":"https:\/\/www.europesays.com\/fr\/wp-json\/wp\/v2\/tags?post=489974"}],"curies":[{"name":"wp","href":"https:\/\/api.w.org\/{rel}","templated":true}]}}