{"id":489992,"date":"2025-10-25T23:08:19","date_gmt":"2025-10-25T23:08:19","guid":{"rendered":"https:\/\/www.europesays.com\/fr\/489992\/"},"modified":"2025-10-25T23:08:19","modified_gmt":"2025-10-25T23:08:19","slug":"marie-bouchard-etablit-un-nouveau-record-de-bretagne-sur-le-10-km-de-rennes","status":"publish","type":"post","link":"https:\/\/www.europesays.com\/fr\/489992\/","title":{"rendered":"Marie Bouchard \u00e9tablit un nouveau record de Bretagne sur le 10\u00a0km de Rennes"},"content":{"rendered":"<p>Le 10 km Lamotte, disput\u00e9 samedi soir dans le cadre du Marathon Vert de Rennes, a offert une \u00e9dition de haut niveau marqu\u00e9e par un record r\u00e9gional et la victoire du recordman d\u2019Europe du 10 km.<\/p>\n<p>Chez les femmes, Marie Bouchard (Iroise Athl\u00e9tisme) s\u2019est impos\u00e9e en 32\u201950\u2019\u2019, \u00e9tablissant un nouveau record de Bretagne sur la distance. L\u2019athl\u00e8te finist\u00e9rienne am\u00e9liore de 15 secondes son pr\u00e9c\u00e9dent record (33\u201905\u2019\u2019), r\u00e9alis\u00e9 en 2022 lors de la Corrida de Houilles.<\/p>\n<p>Chez les hommes, la victoire est revenue \u00e0 \u00c9tienne Daguinos, auteur d\u2019un chrono de 27\u201942\u2019\u2019. D\u00e9j\u00e0 d\u00e9tenteur du record de France et d\u2019Europe du 10 km (27\u201904\u2019\u2019\u00e0 Lille en mars dernier), le coureur de 24 ans a une nouvelle fois fait parler sa vitesse et son aisance sur le parcours rennais.<\/p>\n","protected":false},"excerpt":{"rendered":"Le 10 km Lamotte, disput\u00e9 samedi soir dans le cadre du Marathon Vert de Rennes, a offert une&hellip;\n","protected":false},"author":2,"featured_media":489993,"comment_status":"","ping_status":"","sticky":false,"template":"","format":"standard","meta":{"footnotes":""},"categories":[2821],"tags":[1111,11,829,3166,1777,674,1011,27,12,584,25,7135,60],"class_list":{"0":"post-489992","1":"post","2":"type-post","3":"status-publish","4":"format-standard","5":"has-post-thumbnail","7":"category-rennes","8":"tag-actu","9":"tag-actualites","10":"tag-bretagne","11":"tag-en-continu-sports","12":"tag-eu","13":"tag-europe","14":"tag-fr","15":"tag-france","16":"tag-news","17":"tag-rennes","18":"tag-republique-francaise","19":"tag-running","20":"tag-sports"},"share_on_mastodon":{"url":"https:\/\/pubeurope.com\/@fr\/115437325762018858","error":""},"_links":{"self":[{"href":"https:\/\/www.europesays.com\/fr\/wp-json\/wp\/v2\/posts\/489992","targetHints":{"allow":["GET"]}}],"collection":[{"href":"https:\/\/www.europesays.com\/fr\/wp-json\/wp\/v2\/posts"}],"about":[{"href":"https:\/\/www.europesays.com\/fr\/wp-json\/wp\/v2\/types\/post"}],"author":[{"embeddable":true,"href":"https:\/\/www.europesays.com\/fr\/wp-json\/wp\/v2\/users\/2"}],"replies":[{"embeddable":true,"href":"https:\/\/www.europesays.com\/fr\/wp-json\/wp\/v2\/comments?post=489992"}],"version-history":[{"count":0,"href":"https:\/\/www.europesays.com\/fr\/wp-json\/wp\/v2\/posts\/489992\/revisions"}],"wp:featuredmedia":[{"embeddable":true,"href":"https:\/\/www.europesays.com\/fr\/wp-json\/wp\/v2\/media\/489993"}],"wp:attachment":[{"href":"https:\/\/www.europesays.com\/fr\/wp-json\/wp\/v2\/media?parent=489992"}],"wp:term":[{"taxonomy":"category","embeddable":true,"href":"https:\/\/www.europesays.com\/fr\/wp-json\/wp\/v2\/categories?post=489992"},{"taxonomy":"post_tag","embeddable":true,"href":"https:\/\/www.europesays.com\/fr\/wp-json\/wp\/v2\/tags?post=489992"}],"curies":[{"name":"wp","href":"https:\/\/api.w.org\/{rel}","templated":true}]}}