{"id":489994,"date":"2025-10-25T23:09:17","date_gmt":"2025-10-25T23:09:17","guid":{"rendered":"https:\/\/www.europesays.com\/fr\/489994\/"},"modified":"2025-10-25T23:09:17","modified_gmt":"2025-10-25T23:09:17","slug":"bischheim-avant-quil-ne-soit-trop-tard-leglise-saint-laurent-va-sauvegarder-les-vitraux-de-son-choeur","status":"publish","type":"post","link":"https:\/\/www.europesays.com\/fr\/489994\/","title":{"rendered":"Bischheim. Avant qu&rsquo;il ne soit trop tard, l\u2019\u00e9glise Saint-Laurent va sauvegarder les vitraux de son ch\u0153ur"},"content":{"rendered":"<p>En conseil municipal, lors de la s\u00e9ance du 9\u00a0octobre, une subvention de 20\u00a0552\u00a0euros a \u00e9t\u00e9 vot\u00e9e \u00e0 l\u2019unanimit\u00e9, sans l\u2019ombre d\u2019un d\u00e9bat. \u00c0 Bischheim, le patrimoine religieux, \u00e7a compte.<\/p>\n<p>Cette somme est destin\u00e9e \u00e0 financer 15\u00a0% du budget pr\u00e9vu par la paroisse Saint-Laurent, 137\u00a0014\u00a0euros, pour des travaux de restauration et de protection des vitraux du ch\u0153ur de cet \u00e9difice, propri\u00e9t\u00e9 de la paroisse.<\/p>\n<p>Dans l\u2019\u00e9glise construite en 1909, au centre de la commune, les vitraux ont \u00e9t\u00e9 install\u00e9s en 1910, ann\u00e9e de la sacralisation du b\u00e2timent, par la maison strasbourgeoise Ott Fr\u00e8res. Les grilles install\u00e9es dans les ann\u00e9es 1960, pour pr\u00e9server&#8230;<\/p>\n","protected":false},"excerpt":{"rendered":"En conseil municipal, lors de la s\u00e9ance du 9\u00a0octobre, une subvention de 20\u00a0552\u00a0euros a \u00e9t\u00e9 vot\u00e9e \u00e0 l\u2019unanimit\u00e9,&hellip;\n","protected":false},"author":2,"featured_media":489995,"comment_status":"","ping_status":"","sticky":false,"template":"","format":"standard","meta":{"footnotes":""},"categories":[2820],"tags":[1111,11,13205,1687,2880,1777,674,107,1011,27,775,12,2661,5889,25,104,640,3265],"class_list":{"0":"post-489994","1":"post","2":"type-post","3":"status-publish","4":"format-standard","5":"has-post-thumbnail","7":"category-strasbourg","8":"tag-actu","9":"tag-actualites","10":"tag-bischheim","11":"tag-culture-loisirs","12":"tag-edition-strasbourg","13":"tag-eu","14":"tag-europe","15":"tag-fil-info","16":"tag-fr","17":"tag-france","18":"tag-grand-est","19":"tag-news","20":"tag-patrimoine-culturel","21":"tag-religion-croyance","22":"tag-republique-francaise","23":"tag-societe","24":"tag-strasbourg","25":"tag-strasbourg-nord"},"share_on_mastodon":{"url":"https:\/\/pubeurope.com\/@fr\/115437329935501138","error":""},"_links":{"self":[{"href":"https:\/\/www.europesays.com\/fr\/wp-json\/wp\/v2\/posts\/489994","targetHints":{"allow":["GET"]}}],"collection":[{"href":"https:\/\/www.europesays.com\/fr\/wp-json\/wp\/v2\/posts"}],"about":[{"href":"https:\/\/www.europesays.com\/fr\/wp-json\/wp\/v2\/types\/post"}],"author":[{"embeddable":true,"href":"https:\/\/www.europesays.com\/fr\/wp-json\/wp\/v2\/users\/2"}],"replies":[{"embeddable":true,"href":"https:\/\/www.europesays.com\/fr\/wp-json\/wp\/v2\/comments?post=489994"}],"version-history":[{"count":0,"href":"https:\/\/www.europesays.com\/fr\/wp-json\/wp\/v2\/posts\/489994\/revisions"}],"wp:featuredmedia":[{"embeddable":true,"href":"https:\/\/www.europesays.com\/fr\/wp-json\/wp\/v2\/media\/489995"}],"wp:attachment":[{"href":"https:\/\/www.europesays.com\/fr\/wp-json\/wp\/v2\/media?parent=489994"}],"wp:term":[{"taxonomy":"category","embeddable":true,"href":"https:\/\/www.europesays.com\/fr\/wp-json\/wp\/v2\/categories?post=489994"},{"taxonomy":"post_tag","embeddable":true,"href":"https:\/\/www.europesays.com\/fr\/wp-json\/wp\/v2\/tags?post=489994"}],"curies":[{"name":"wp","href":"https:\/\/api.w.org\/{rel}","templated":true}]}}