{"id":489996,"date":"2025-10-25T23:10:21","date_gmt":"2025-10-25T23:10:21","guid":{"rendered":"https:\/\/www.europesays.com\/fr\/489996\/"},"modified":"2025-10-25T23:10:21","modified_gmt":"2025-10-25T23:10:21","slug":"ol-rc-strasbourg-le-groupe-de-fonseca-avec-une-grande-premiere","status":"publish","type":"post","link":"https:\/\/www.europesays.com\/fr\/489996\/","title":{"rendered":"OL &#8211; RC Strasbourg : le groupe de Fonseca avec une grande premi\u00e8re"},"content":{"rendered":"<p><strong>L\u2019OL a d\u00e9voil\u00e9 son groupe qui affrontera ce dimanche le RC Strasbourg.<\/strong><\/p>\n<p>En cl\u00f4ture de la neuvi\u00e8me journ\u00e9e de <a href=\"https:\/\/www.butfootballclub.fr\/actualites\/ligue-1\/\" data-type=\"link\" data-id=\"https:\/\/www.butfootballclub.fr\/actualites\/ligue-1\/\" target=\"_blank\" rel=\"noopener\">Ligue 1<\/a>, <a href=\"https:\/\/www.butfootballclub.fr\/actualites\/ligue-1\/ol\/\" data-type=\"link\" data-id=\"https:\/\/www.butfootballclub.fr\/actualites\/ligue-1\/ol\/\" target=\"_blank\" rel=\"noopener\">l\u2019Olympique Lyonnais<\/a> re\u00e7oit ce dimanche (21h) le <a href=\"https:\/\/www.butfootballclub.fr\/actualites\/ligue-1\/rcsa\/\" data-type=\"link\" data-id=\"https:\/\/www.butfootballclub.fr\/actualites\/ligue-1\/rcsa\/\" target=\"_blank\" rel=\"noopener\">RC Strasbourg<\/a>. Sur une s\u00e9rie de deux d\u00e9faites cons\u00e9cutives, les Gones tenteront de se relancer face aux Strasbourgeois, surprenants troisi\u00e8mes du classement et qui restent sur un match nul d\u00e9croch\u00e9 face au Paris Saint-Germain (3-3). <\/p>\n<p>Grande premi\u00e8re pour Hateboer<\/p>\n<p>Pour cette rencontre, le coach des Gones, Paulo Fonseca, a retenu un groupe de 21 joueurs. Arriv\u00e9 r\u00e9cemment \u00e0 Lyon en provenance du Stade Rennais en qualit\u00e9 de joker, Hans Hateboer conna\u00eet sa premi\u00e8re apparition. <\/p>\n<p><strong>Le groupe de l\u2019OL<\/strong> : Greif, L. Diarra, M. Da Silva \u2013 Tagliafico, Abner, M. Niakhat\u00e9, R. Kluivert, Mata, Hateboer, Maitland-Niles \u2013 Tessmann, Karabec, Tolisso, \u0160ulc, Morton, De Carvalho, Merah \u2013 M. Fofana, Ghezzal, A. Moreira, Satriano.<\/p>\n","protected":false},"excerpt":{"rendered":"L\u2019OL a d\u00e9voil\u00e9 son groupe qui affrontera ce dimanche le RC Strasbourg. En cl\u00f4ture de la neuvi\u00e8me journ\u00e9e&hellip;\n","protected":false},"author":2,"featured_media":489997,"comment_status":"","ping_status":"","sticky":false,"template":"","format":"standard","meta":{"footnotes":""},"categories":[2820],"tags":[1111,11,448,1777,674,63,1011,27,775,66,3388,12,25,640,10662],"class_list":{"0":"post-489996","1":"post","2":"type-post","3":"status-publish","4":"format-standard","5":"has-post-thumbnail","7":"category-strasbourg","8":"tag-actu","9":"tag-actualites","10":"tag-champions-league","11":"tag-eu","12":"tag-europe","13":"tag-football","14":"tag-fr","15":"tag-france","16":"tag-grand-est","17":"tag-ligue-1","18":"tag-matchs","19":"tag-news","20":"tag-republique-francaise","21":"tag-strasbourg","22":"tag-transferts"},"share_on_mastodon":{"url":"https:\/\/pubeurope.com\/@fr\/115437333561217149","error":""},"_links":{"self":[{"href":"https:\/\/www.europesays.com\/fr\/wp-json\/wp\/v2\/posts\/489996","targetHints":{"allow":["GET"]}}],"collection":[{"href":"https:\/\/www.europesays.com\/fr\/wp-json\/wp\/v2\/posts"}],"about":[{"href":"https:\/\/www.europesays.com\/fr\/wp-json\/wp\/v2\/types\/post"}],"author":[{"embeddable":true,"href":"https:\/\/www.europesays.com\/fr\/wp-json\/wp\/v2\/users\/2"}],"replies":[{"embeddable":true,"href":"https:\/\/www.europesays.com\/fr\/wp-json\/wp\/v2\/comments?post=489996"}],"version-history":[{"count":0,"href":"https:\/\/www.europesays.com\/fr\/wp-json\/wp\/v2\/posts\/489996\/revisions"}],"wp:featuredmedia":[{"embeddable":true,"href":"https:\/\/www.europesays.com\/fr\/wp-json\/wp\/v2\/media\/489997"}],"wp:attachment":[{"href":"https:\/\/www.europesays.com\/fr\/wp-json\/wp\/v2\/media?parent=489996"}],"wp:term":[{"taxonomy":"category","embeddable":true,"href":"https:\/\/www.europesays.com\/fr\/wp-json\/wp\/v2\/categories?post=489996"},{"taxonomy":"post_tag","embeddable":true,"href":"https:\/\/www.europesays.com\/fr\/wp-json\/wp\/v2\/tags?post=489996"}],"curies":[{"name":"wp","href":"https:\/\/api.w.org\/{rel}","templated":true}]}}