{"id":489998,"date":"2025-10-25T23:12:25","date_gmt":"2025-10-25T23:12:25","guid":{"rendered":"https:\/\/www.europesays.com\/fr\/489998\/"},"modified":"2025-10-25T23:12:25","modified_gmt":"2025-10-25T23:12:25","slug":"les-deputes-ecartent-le-gel-du-bareme-de-limpot-sur-le-revenu","status":"publish","type":"post","link":"https:\/\/www.europesays.com\/fr\/489998\/","title":{"rendered":"les d\u00e9put\u00e9s \u00e9cartent le gel du bar\u00e8me de l\u2019imp\u00f4t sur le revenu"},"content":{"rendered":"<p class=\"fs-5 \">Les d\u00e9put\u00e9s ont largement <strong>rejet\u00e9 samedi le gel du bar\u00e8me de l\u2019imp\u00f4t sur le revenu<\/strong>, qui aurait conduit 200.000 foyers suppl\u00e9mentaires \u00e0 payer cet imp\u00f4t, privant le projet de budget 2026 d\u2019une recette de 2 milliards d\u2019euros.<\/p>\n<p class=\"fs-5 \">Une large coalition de d\u00e9put\u00e9s r\u00e9unissant<strong> l\u2019extr\u00eame droite, la droite, une partie des macronistes et les Insoumis<\/strong>, a approuv\u00e9 un amendement de Laurent Wauquiez, le patron des d\u00e9put\u00e9s LR, proposant d\u2019indexer sur l\u2019inflation estim\u00e9e \u00e0 1,1% le bar\u00e8me de l\u2019imp\u00f4t sur le revenu.<\/p>\n<p class=\"fs-5 \">L\u2019amendement a \u00e9t\u00e9 adopt\u00e9 contre l\u2019avis de la ministre des Comptes publics Am\u00e9lie de Montchalin, dans le cadre de l\u2019examen en premi\u00e8re lecture de la partie recettes du budget de l\u2019Etat.<\/p>\n<p class=\"fs-5 \">Des amendements similaires avaient \u00e9t\u00e9 d\u00e9pos\u00e9s par le RN, LFI et le d\u00e9put\u00e9 du groupe centriste Liot Christophe Naegelen.<\/p>\n<p>            <img src=\"https:\/\/www.europesays.com\/fr\/wp-content\/uploads\/2025\/10\/9cf6e85_ftp-import-images-1-81tbrscyoe2u-20251021cma1731.jpg\"   loading=\"lazy\" decoding=\"async\" alt=\"\u00ab\u00a0D\u00e8s qu\u2019on introduit des exon\u00e9rations (...) on lance la machine \u00e0 optimisation\u00a0\u00bb, a pr\u00e9venu l\u2019\u00e9conomiste.\" class=\"img-fluid position-absolute w-100 object-fit-cover rounded-2\" width=\"600\" height=\"400\"\/><\/p>\n<p>                                                                                <strong>\u00ab\u00a0On ne vous demande pas de baisser, on vous demande juste de faire cet effort minimal\u00a0\u00bb<\/strong><\/p>\n<p class=\"fs-5 \">D\u2019autres amendements venant de la gauche mais aussi du d\u00e9put\u00e9 Renaissance Jean-Ren\u00e9 Cazeneuve ou du d\u00e9put\u00e9 Liot Charles de Courson proposaient de revaloriser seulement les tranches les plus basses du bar\u00e8me, souhaitant concilier l\u2019imp\u00e9ratif de redresser les finances publiques et la justice fiscale.<\/p>\n<p>            <img src=\"https:\/\/www.europesays.com\/fr\/wp-content\/uploads\/2025\/10\/005db83_ftp-import-images-1-7wxzajkvpniv-ip3asci25102248.jpg\"   loading=\"lazy\" decoding=\"async\" alt=\"Le maintien cette mesure fixant un taux minimal d\u2019imposition de 20\u00a0% pour les m\u00e9nages dont les revenus d\u00e9passent 250.000\u00a0euros par an a \u00e9t\u00e9 vot\u00e9e tr\u00e8s largement par les d\u00e9put\u00e9s (279\u00a0pour, 25\u00a0contre).\" class=\"img-fluid position-absolute w-100 object-fit-cover rounded-2\" width=\"600\" height=\"400\"\/><\/p>\n<p class=\"fs-5 \">Le moins disant, celui de M. de Courson, ne portait que sur la premi\u00e8re tranche, et <strong>aurait \u00e9vit\u00e9 de faire entrer de nouveaux foyers dans l\u2019IR, pour un co\u00fbt estim\u00e9 \u00e0 700 millions d\u2019euros<\/strong>, a soulign\u00e9 Mme de Montchalin.<\/p>\n<p class=\"fs-5 \">\u00ab\u00a0On ne vous demande pas de baisser, on vous demande juste de faire cet effort minimal, de ne pas augmenter\u00a0\u00bb la pression fiscale, a plaid\u00e9 M. Wauquiez.<\/p>\n<p class=\"fs-5 \">\u00ab\u00a0Dans notre pays, qui est champion d\u2019Europe des millionnaires, qui est champion d\u2019Europe du versement de dividendes, o\u00f9 les 500 fortunes ont doubl\u00e9 leur patrimoine depuis qu\u2019Emmanuel Macron est en responsabilit\u00e9, on pr\u00e9f\u00e8re aller demander \u00e0 ceux qui travaillent tous les jours d\u2019aller en payer plus, plut\u00f4t que ceux qui font de l\u2019argent en dormant\u00a0\u00bb, a de son c\u00f4t\u00e9 argu\u00e9 l\u2019Insoumis Damien Maudet.<\/p>\n","protected":false},"excerpt":{"rendered":"Les d\u00e9put\u00e9s ont largement rejet\u00e9 samedi le gel du bar\u00e8me de l\u2019imp\u00f4t sur le revenu, qui aurait conduit&hellip;\n","protected":false},"author":2,"featured_media":489999,"comment_status":"","ping_status":"","sticky":false,"template":"","format":"standard","meta":{"footnotes":""},"categories":[2819],"tags":[1111,11,1777,674,1011,27,56922,12,2401,882,25],"class_list":{"0":"post-489998","1":"post","2":"type-post","3":"status-publish","4":"format-standard","5":"has-post-thumbnail","7":"category-nice","8":"tag-actu","9":"tag-actualites","10":"tag-eu","11":"tag-europe","12":"tag-fr","13":"tag-france","14":"tag-gouvernement-lecornu","15":"tag-news","16":"tag-nice","17":"tag-provence-alpes-cote-dazur","18":"tag-republique-francaise"},"share_on_mastodon":{"url":"https:\/\/pubeurope.com\/@fr\/115437342232251557","error":""},"_links":{"self":[{"href":"https:\/\/www.europesays.com\/fr\/wp-json\/wp\/v2\/posts\/489998","targetHints":{"allow":["GET"]}}],"collection":[{"href":"https:\/\/www.europesays.com\/fr\/wp-json\/wp\/v2\/posts"}],"about":[{"href":"https:\/\/www.europesays.com\/fr\/wp-json\/wp\/v2\/types\/post"}],"author":[{"embeddable":true,"href":"https:\/\/www.europesays.com\/fr\/wp-json\/wp\/v2\/users\/2"}],"replies":[{"embeddable":true,"href":"https:\/\/www.europesays.com\/fr\/wp-json\/wp\/v2\/comments?post=489998"}],"version-history":[{"count":0,"href":"https:\/\/www.europesays.com\/fr\/wp-json\/wp\/v2\/posts\/489998\/revisions"}],"wp:featuredmedia":[{"embeddable":true,"href":"https:\/\/www.europesays.com\/fr\/wp-json\/wp\/v2\/media\/489999"}],"wp:attachment":[{"href":"https:\/\/www.europesays.com\/fr\/wp-json\/wp\/v2\/media?parent=489998"}],"wp:term":[{"taxonomy":"category","embeddable":true,"href":"https:\/\/www.europesays.com\/fr\/wp-json\/wp\/v2\/categories?post=489998"},{"taxonomy":"post_tag","embeddable":true,"href":"https:\/\/www.europesays.com\/fr\/wp-json\/wp\/v2\/tags?post=489998"}],"curies":[{"name":"wp","href":"https:\/\/api.w.org\/{rel}","templated":true}]}}