{"id":49000,"date":"2025-04-24T11:04:13","date_gmt":"2025-04-24T11:04:13","guid":{"rendered":"https:\/\/www.europesays.com\/fr\/49000\/"},"modified":"2025-04-24T11:04:13","modified_gmt":"2025-04-24T11:04:13","slug":"decouverte-dun-bebe-dans-des-toilettes-publiques-a-nantes-une-femme-de-28-ans-en-garde-a-maville-com","status":"publish","type":"post","link":"https:\/\/www.europesays.com\/fr\/49000\/","title":{"rendered":"D\u00e9couverte d\u2019un b\u00e9b\u00e9 dans des toilettes publiques \u00e0 Nantes : une femme de 28 ans en garde \u00e0 &#8211; Maville.com"},"content":{"rendered":"<ol>\n<li><a href=\"https:\/\/news.google.com\/rss\/articles\/CBMi9gFBVV95cUxPcTJWZmRoeFhqRm11ck85Q3VVWkZjRWp4cjZKcXBxS0hBWHdVMzhhWi1nOE1ucy1GeGpPOVM4ZlRXbHMwZHpoVkp0ZHBmZ2pES2ZhdDVYUE1GWTJuR2FqTnh5SXZ0QUI3amRGVk1KY3ZqUzdBZ3lpVkgtTUdkcXFfUFpwendoUU8yNVZFTEtnZ0JxanRjeHI5eGZGUjhfaEZJMGpscDRLVkVPeVlrazJNc1lub3lieVFaVTdaMVdrZjdEelMxY2JCbWZ0b092Y19fTWx4M2szSGpaMzBIcjg3Tlp6cnZVVEpHYTRsTFVBc3ViZXVrRHc?oc=5\" target=\"_blank\" rel=\"noopener\">D\u00e9couverte d\u2019un b\u00e9b\u00e9 dans des toilettes publiques \u00e0 Nantes : une femme de 28 ans en garde \u00e0<\/a>&nbsp;&nbsp;Maville.com<\/li>\n<li><a href=\"https:\/\/news.google.com\/rss\/articles\/CBMi5AFBVV95cUxNSWhzTE9yWmNCWXdwd0RwdXFKdEdhMkx1RkRndFZXSFc5X1IwWU1hcUxiS2Y4NjhkWmZMSnVUYjllVGp4VmQ3V3l4MzBteTBiUzdBOHg3Qnk1bzc4UTRicjZUZ0ZiXzJIaDlJOEVBVXBHNTEzOGtDZ0JqeTRlbDVVenhYeV9fMkVkZ1RCU0tuVlZ5dUxfQmV1MzNyQUU0U1l4blZ4Nk1lYWY0eVpQOVpnOHRZUUFvQ0g5WXRsZUgtUlpNRFJ2Y1BPQ3ktbFpYOXVZb0tDdUE5NlBycGtUM1hGYmlkQ3o?oc=5\" target=\"_blank\" rel=\"noopener\">B\u00e9b\u00e9 d\u00e9couvert dans des toilettes \u00e0 Nantes : une femme de 28 ans en garde \u00e0 vue<\/a>&nbsp;&nbsp;Ouest-France<\/li>\n<li><a href=\"https:\/\/news.google.com\/rss\/articles\/CBMinAJBVV95cUxOakd6THAzVnpwcEVzVzhEaHZMU1FYbkQ2Wk1xNlZ2bW5ZeEtyZlZRdEVnOG91ZzVENHdkdHhzYmo5bVNLdGtkUXhjVVdxejhjb3FTUks0eEpYdHhLTF93bVA4QVRFekVoeHZDWUhVdkNIRWpvYjQ3aEhXOGhTTlp3ZldJLXhuQnd4S1ZDOElTSTJJSndFSVNsUFpoSGZ0YVJrb0FjbG03QUt5NTAteUV3bU5lN2Q5S3FZSUpvbGVxdjg0VDEtZWhHZmxLbDdJNXFMd2ZKX3Zfakx6MW9ycExpU0JPMHhpaVFsQ0FwRDVtYU91LXhLQm5xRmlpdldwM3pxNkJlRUlKVnVOQXh3eF9sMDJEWDdnbVpMTGVLWQ?oc=5\" target=\"_blank\" rel=\"noopener\">Il \u00e9tait \u00e2g\u00e9 de seulement quelques jours\u2026 Un b\u00e9b\u00e9 retrouv\u00e9 abandonn\u00e9 dans des toilettes publiques, la m\u00e8re du nouveau-n\u00e9 activement recherch\u00e9e<\/a>&nbsp;&nbsp;L&rsquo;Ind\u00e9pendant<\/li>\n<li><a href=\"https:\/\/news.google.com\/rss\/articles\/CBMizAFBVV95cUxOdGpncXhORExsZlFhcUtpWHpfTG1DMWt5dms5a1BvSzJ4aEdWRTYtTGJmaFRoRVdmNFRKUkM2VEVVQnVRUGtLR3FPb3p3c25Ud1VORU8waDFQWlNrRWhOc2s2bFhuT2lSLU1zYW1ZUURJRmpjSzlDM2Jsd0pCQ2JjeHNaOGd3VzAwOEpKM2kzWTd4YTJ5ZnE5WnlyY2hhOGYwN2czeE5RdlhCd2Y1TGJyMWE4WnlKdDB6TzZBRm12X0Z0REVLRU9fa2hoMFU?oc=5\" target=\"_blank\" rel=\"noopener\">Nantes : un nouveau-n\u00e9 retrouv\u00e9 abandonn\u00e9 dans un lavabo de toilettes publiques<\/a>&nbsp;&nbsp;La Voix du Nord<\/li>\n<li><a href=\"https:\/\/news.google.com\/rss\/articles\/CBMinAFBVV95cUxNTGxLREhyMnJEQmZkY3BkWUU0LVc5UlhzMnNyZkVVcFpJY2duZ0gzdEVfNTlxM0JPNVpValZxdHFMUEdBT2RvU0hZTHViVTRnQW1UTkJVVmNzTE1XYndtN3BUZUMzeWJPT1QxeVM2WV9GU2R6NFhxSUlxc0ZQeTNNT1ZLVGw5Zk9xTjRZWXdwS1doRUlxRURHd2VENEQ?oc=5\" target=\"_blank\" rel=\"noopener\">A Nantes, un b\u00e9b\u00e9 retrouv\u00e9 abandonn\u00e9 dans des toilettes publiques<\/a>&nbsp;&nbsp;20 Minutes<\/li>\n<\/ol>\n","protected":false},"excerpt":{"rendered":"D\u00e9couverte d\u2019un b\u00e9b\u00e9 dans des toilettes publiques \u00e0 Nantes : une femme de 28 ans en garde \u00e0&nbsp;&nbsp;Maville.com&hellip;\n","protected":false},"author":2,"featured_media":49001,"comment_status":"","ping_status":"","sticky":false,"template":"","format":"standard","meta":{"footnotes":""},"categories":[2818],"tags":[8129,1111,11,1764,3493,5975,1777,674,1294,1011,27,8712,766,12,2636,1009,25,3272,13917,13373],"class_list":{"0":"post-49000","1":"post","2":"type-post","3":"status-publish","4":"format-standard","5":"has-post-thumbnail","7":"category-nantes","8":"tag-8129","9":"tag-actu","10":"tag-actualites","11":"tag-ans","12":"tag-bebe","13":"tag-decouverte","14":"tag-eu","15":"tag-europe","16":"tag-femme","17":"tag-fr","18":"tag-france","19":"tag-garde","20":"tag-nantes","21":"tag-news","22":"tag-pays-de-la-loire","23":"tag-publiques","24":"tag-republique-francaise","25":"tag-saint-nazaire","26":"tag-toilettes","27":"tag-vue"},"share_on_mastodon":{"url":"https:\/\/pubeurope.com\/@fr\/114392613772148342","error":""},"_links":{"self":[{"href":"https:\/\/www.europesays.com\/fr\/wp-json\/wp\/v2\/posts\/49000","targetHints":{"allow":["GET"]}}],"collection":[{"href":"https:\/\/www.europesays.com\/fr\/wp-json\/wp\/v2\/posts"}],"about":[{"href":"https:\/\/www.europesays.com\/fr\/wp-json\/wp\/v2\/types\/post"}],"author":[{"embeddable":true,"href":"https:\/\/www.europesays.com\/fr\/wp-json\/wp\/v2\/users\/2"}],"replies":[{"embeddable":true,"href":"https:\/\/www.europesays.com\/fr\/wp-json\/wp\/v2\/comments?post=49000"}],"version-history":[{"count":0,"href":"https:\/\/www.europesays.com\/fr\/wp-json\/wp\/v2\/posts\/49000\/revisions"}],"wp:featuredmedia":[{"embeddable":true,"href":"https:\/\/www.europesays.com\/fr\/wp-json\/wp\/v2\/media\/49001"}],"wp:attachment":[{"href":"https:\/\/www.europesays.com\/fr\/wp-json\/wp\/v2\/media?parent=49000"}],"wp:term":[{"taxonomy":"category","embeddable":true,"href":"https:\/\/www.europesays.com\/fr\/wp-json\/wp\/v2\/categories?post=49000"},{"taxonomy":"post_tag","embeddable":true,"href":"https:\/\/www.europesays.com\/fr\/wp-json\/wp\/v2\/tags?post=49000"}],"curies":[{"name":"wp","href":"https:\/\/api.w.org\/{rel}","templated":true}]}}