{"id":490000,"date":"2025-10-25T23:13:41","date_gmt":"2025-10-25T23:13:41","guid":{"rendered":"https:\/\/www.europesays.com\/fr\/490000\/"},"modified":"2025-10-25T23:13:41","modified_gmt":"2025-10-25T23:13:41","slug":"ces-nouveaux-temoignages-de-violences-sexuelles-qui-visent-rene-martin","status":"publish","type":"post","link":"https:\/\/www.europesays.com\/fr\/490000\/","title":{"rendered":"Ces nouveaux t\u00e9moignages de violences sexuelles qui visent Ren\u00e9 Martin"},"content":{"rendered":"<p>D\u00e9rangeante, pour ne pas dire gla\u00e7ante, l\u2019habitude aurait perdur\u00e9 jusqu\u2019\u00e0 l\u2019\u00e9pid\u00e9mie de Covid\u201019. \u00ab\u202fPour nous dire bonjour, Ren\u00e9 [Martin] nous embrassait toutes dans le cou en arrivant au bureau. Avec souvent une remarque sur nos \u201cjolies tenues\u201d \u00bb, rapporte, la voix serr\u00e9e, une ancienne salari\u00e9e.\u00a0<\/p>\n<p>Elle fait partie des huit nouveaux t\u00e9moins ayant contact\u00e9 Mediacit\u00e9s et La Lettre du musicien suite \u00e0 la publication, le 18 septembre, de <a href=\"https:\/\/www.mediacites.fr\/enquete\/nantes\/2025\/09\/18\/rene-martin-un-management-entre-aura-humiliations-et-hypersexualisation\/\" target=\"_blank\" rel=\"noopener\">notre enqu\u00eate sur Ren\u00e9 Martin, fondateur et grand organisateur de la Folle journ\u00e9e de Nantes<\/a> et de bien d\u2019autres manifestations musicales \u00e0 travers le\u00a0monde.<\/p>\n<p>Tous ont travaill\u00e9 au Cr\u00e9a, l\u2019association pilotant les activit\u00e9s du pape de la musique classique, ou chez Mirare productions \u2013 le label g\u00e9r\u00e9 depuis 25 ans avec son fils Fran\u00e7ois\u2010Ren\u00e9. Tous recoupent point par point les vingt premiers t\u00e9moignages que nous avions r\u00e9colt\u00e9s. Tant sur <a href=\"https:\/\/www.mediacites.fr\/enquete\/nantes\/2025\/09\/18\/rene-martin-les-fausses-notes-financieres-du-pape-de-la-folle-journee\/\" target=\"_blank\" rel=\"noopener\">la gestion financi\u00e8re de la structure<\/a> que sur l\u2019atmosph\u00e8re hypersexualis\u00e9e qu\u2019y ferait r\u00e9gner depuis des d\u00e9cennies son directeur, \u00e2g\u00e9 de 75\u00a0ans.<\/p>\n<p>Dans cet univers clos, nos r\u00e9v\u00e9lations ont provoqu\u00e9 un choc qui a conduit la Ville de Nantes \u00e0 annoncer <a href=\"https:\/\/www.mediacites.fr\/enquete\/nantes\/2025\/10\/24\/rene-martin-ecarte-de-la-folle-journee-par-la-ville-de-nantes-qui-saisit-le-procureur-de-la-republique\/\" target=\"_blank\" rel=\"noopener\">ce vendredi 24 octobre<\/a> mettre fin \u00e0 toute collaboration avec Ren\u00e9 Martin apr\u00e8s avoir saisi le procureur de la R\u00e9publique de Nantes deux jours plus t\u00f4t. Nos r\u00e9v\u00e9lations ont surtout conduit \u00e0 une lib\u00e9ration de la parole et \u00e0 rapporter des faits qui pourraient s\u2019av\u00e9rer extr\u00eamement graves. \u00ab\u202fJe ne veux pas que d\u2019autres vivent la m\u00eame chose que moi\u202f\u00bb, explique ainsi l\u2019une des personnes qui nous a contact\u00e9.<\/p>\n<p>Nous vous offrons l\u2019acc\u00e8s \u00e0 cet article<\/p>\n<p>Et \u00e0 toutes nos enqu\u00eates pendant deux jours\u00a0\u00a0! <br \/>Oui, on est g\u00e9n\u00e9reux \ud83d\ude09 Mais pensez aussi \u00e0 <a href=\"https:\/\/www.mediacites.fr\/sabonner\/\" target=\"_blank\" style=\"color:#fff\" rel=\"noopener\">vous abonner<\/a>\u00a0\u00a0!<\/p>\n<p>\t\tEn renseignant votre adresse, vous acceptez nos <a href=\"https:\/\/www.mediacites.fr\/conditions-generales-d-utilisation\/\" target=\"_blank\" rel=\"noopener\">conditions g\u00e9n\u00e9rales d\u2019utilisation<\/a>. <br \/>Mediacit\u00e9s s\u2019engage \u00e0 ne pas c\u00e9der votre adresse \u00e0 des tiers. En cas d\u2019\u00e9chec, \u00e9crivez \u00e0 <a href=\"https:\/\/www.mediacites.fr\/enquete\/nantes\/2025\/10\/24\/ces-nouveaux-temoignages-de-violences-sexuelles-qui-visent-rene-martin\/mailto:contact@mediacites.fr\" target=\"_blank\" rel=\"noopener\">contact@mediacites.fr<\/a><\/p>\n<ul>\n<li>J\u2019acc\u00e8de aux 4 \u00e9ditions de Mediacit\u00e9s (Lille, Lyon, Nantes et Toulouse)<\/li>\n<li>Je d\u00e9couvre un m\u00e9dia 100 % ind\u00e9pendant, avec 0 % de publicit\u00e9<\/li>\n<\/ul>\n<p>Envie de lire la\u00a0suite\u202f?<\/p>\n<p>Depuis neuf ans, Mediacit\u00e9s enqu\u00eate en toute ind\u00e9pendance dans votre ville. Gr\u00e2ce \u00e0 ses lecteurs\u202f! Abonnez\u2010vous pour ne rien manquer de nos enqu\u00eates, suivre les \u00e9lections municipales et soutenir un journal local d\u2019investigation.<\/p>\n<ul>\n<li>Acc\u00e8s aux 4 \u00e9ditions de Mediacit\u00e9s (Lille, Lyon, Nantes et Toulouse)<\/li>\n<li>100 % ind\u00e9pendant, avec 0 % de publicit\u00e9<\/li>\n<li>R\u00e9siliation facile \u00e0 tout moment<\/li>\n<\/ul>\n<p>Mediacit\u00e9s offre l\u2019acc\u00e8s \u00e0 cet article aux lecteurs de News2Com<\/p>\n<p>Et \u00e0 toutes nos enqu\u00eates pendant deux jours\u00a0\u00a0! <br \/>Oui, on est g\u00e9n\u00e9reux \ud83d\ude09 Mais pensez aussi \u00e0 <a href=\"https:\/\/www.mediacites.fr\/sabonner\/\" target=\"_blank\" style=\"color:#fff\" rel=\"noopener\">vous abonner<\/a>\u00a0\u00a0!<\/p>\n<p>\t\tEn renseignant votre adresse, vous acceptez nos <a href=\"https:\/\/www.mediacites.fr\/conditions-generales-d-utilisation\/\" target=\"_blank\" rel=\"noopener\">conditions g\u00e9n\u00e9rales d\u2019utilisation<\/a>. <br \/>Mediacit\u00e9s s\u2019engage \u00e0 ne pas c\u00e9der votre adresse \u00e0 des tiers. En cas d\u2019\u00e9chec, \u00e9crivez \u00e0 <a href=\"https:\/\/www.mediacites.fr\/enquete\/nantes\/2025\/10\/24\/ces-nouveaux-temoignages-de-violences-sexuelles-qui-visent-rene-martin\/mailto:contact@mediacites.fr\" target=\"_blank\" rel=\"noopener\">contact@mediacites.fr<\/a><\/p>\n<ul>\n<li>J\u2019acc\u00e8de aux 4 \u00e9ditions de Mediacit\u00e9s (Lille, Lyon, Nantes et Toulouse)<\/li>\n<li>Je d\u00e9couvre un m\u00e9dia 100 % ind\u00e9pendant, avec 0 % de publicit\u00e9<\/li>\n<\/ul>\n","protected":false},"excerpt":{"rendered":"D\u00e9rangeante, pour ne pas dire gla\u00e7ante, l\u2019habitude aurait perdur\u00e9 jusqu\u2019\u00e0 l\u2019\u00e9pid\u00e9mie de Covid\u201019. \u00ab\u202fPour nous dire bonjour, Ren\u00e9&hellip;\n","protected":false},"author":2,"featured_media":490001,"comment_status":"","ping_status":"","sticky":false,"template":"","format":"standard","meta":{"footnotes":""},"categories":[2818],"tags":[53102,53103,1111,11,1401,28457,3526,1067,1777,674,849,20814,526,53104,1011,27,6945,53105,53106,53107,5686,2936,766,12,2636,53108,25,54622,304,7434,53109],"class_list":{"0":"post-490000","1":"post","2":"type-post","3":"status-publish","4":"format-standard","5":"has-post-thumbnail","7":"category-nantes","8":"tag-abbaye-royale-de-fontevraud","9":"tag-abus-de-bien-sociaux","10":"tag-actu","11":"tag-actualites","12":"tag-agressions-sexuelles","13":"tag-christelle-morancais","14":"tag-classique","15":"tag-enquete","16":"tag-eu","17":"tag-europe","18":"tag-festival","19":"tag-fisc","20":"tag-fiscalite","21":"tag-folle-journee","22":"tag-fr","23":"tag-france","24":"tag-johanna-rolland","25":"tag-la-folle-journee-de-nantes","26":"tag-la-roque-dantheron","27":"tag-ma-region-virtuose","28":"tag-metoo","29":"tag-musique-classique","30":"tag-nantes","31":"tag-news","32":"tag-pays-de-la-loire","33":"tag-rene-martin","34":"tag-republique-francaise","35":"tag-ville-de-nantes","36":"tag-violences-sexistes-et-sexuelles","37":"tag-violences-sexuelles-et-sexistes","38":"tag-vss"},"share_on_mastodon":{"url":"","error":"Validation failed: Text character limit of 500 exceeded"},"_links":{"self":[{"href":"https:\/\/www.europesays.com\/fr\/wp-json\/wp\/v2\/posts\/490000","targetHints":{"allow":["GET"]}}],"collection":[{"href":"https:\/\/www.europesays.com\/fr\/wp-json\/wp\/v2\/posts"}],"about":[{"href":"https:\/\/www.europesays.com\/fr\/wp-json\/wp\/v2\/types\/post"}],"author":[{"embeddable":true,"href":"https:\/\/www.europesays.com\/fr\/wp-json\/wp\/v2\/users\/2"}],"replies":[{"embeddable":true,"href":"https:\/\/www.europesays.com\/fr\/wp-json\/wp\/v2\/comments?post=490000"}],"version-history":[{"count":0,"href":"https:\/\/www.europesays.com\/fr\/wp-json\/wp\/v2\/posts\/490000\/revisions"}],"wp:featuredmedia":[{"embeddable":true,"href":"https:\/\/www.europesays.com\/fr\/wp-json\/wp\/v2\/media\/490001"}],"wp:attachment":[{"href":"https:\/\/www.europesays.com\/fr\/wp-json\/wp\/v2\/media?parent=490000"}],"wp:term":[{"taxonomy":"category","embeddable":true,"href":"https:\/\/www.europesays.com\/fr\/wp-json\/wp\/v2\/categories?post=490000"},{"taxonomy":"post_tag","embeddable":true,"href":"https:\/\/www.europesays.com\/fr\/wp-json\/wp\/v2\/tags?post=490000"}],"curies":[{"name":"wp","href":"https:\/\/api.w.org\/{rel}","templated":true}]}}