{"id":490016,"date":"2025-10-25T23:22:15","date_gmt":"2025-10-25T23:22:15","guid":{"rendered":"https:\/\/www.europesays.com\/fr\/490016\/"},"modified":"2025-10-25T23:22:15","modified_gmt":"2025-10-25T23:22:15","slug":"lelu-lr-sylvain-souvestre-nepargne-pas-benoit-payan","status":"publish","type":"post","link":"https:\/\/www.europesays.com\/fr\/490016\/","title":{"rendered":"l&rsquo;\u00e9lu LR Sylvain Souvestre n&rsquo;\u00e9pargne pas Beno\u00eet Payan"},"content":{"rendered":"<p>La <a href=\"https:\/\/www.laprovence.com\/article\/region\/47768911834667\/municipales-2026-a-marseille-benoit-payan-distance-martine-vassal-et-renaud-muselier\" target=\"_blank\" rel=\"noopener\">campagne des municipales<\/a> sera offensive ou ne sera pas ! Elle sera m\u00eame \u00e9lectrique et suscitera le d\u00e9bat assur\u00e9ment. La preuve ce jeudi 23 octobre sur le plateau de l\u2019\u00e9mission Marseille Politiques sur BFM, en partenariat avec La Provence, qui accueillait <a href=\"https:\/\/www.laprovence.com\/article\/region\/1563959982421215\/stand-de-tir-des-trois-lucs-a-marseille-la-mairie-a-une-idee-derriere-la-tete-croit-le-maire-de-secteur-sylvain-souvestre\" target=\"_blank\" rel=\"noopener\">Sylvain Souvestre<\/a>, le maire des 11e et 12e arrondissements de Marseille.<\/p>\n<p>L\u2019\u00e9lu LR n\u2019a pas \u00e9pargn\u00e9 <a href=\"https:\/\/www.laprovence.com\/article\/elections\/152053642554514\/je-sais-qui-sont-les-heritiers-de-vichy-et-ceux-qui-ne-le-sont-pas-lance-benoit-payan\" target=\"_blank\" rel=\"noopener\">Beno\u00eet Payan<\/a>, notamment apr\u00e8s l\u2019annulation de la projection du film Sacr\u00e9 c\u0153ur au ch\u00e2teau de la Buzine mercredi soir. \u00ab\u00a0Il faudrait qu\u2019il g\u00e8re la ville comme une collectivit\u00e9 responsable et pas comme une ONG militante\u00a0\u00bb, a raill\u00e9 Sylvain Souvestre, estimant que \u00ab\u00a0le maire de Marseille bloque tout\u00a0\u00bb. Et de citer \u00ab\u00a0son silence et son inaction sur des projets importants pour les habitants des 11e et 12e arrondissements\u00a0\u00bb.<\/p>\n<p>Interrog\u00e9 sur <a href=\"https:\/\/www.laprovence.com\/article\/region\/92202528157507\/benoit-payan-nous-lancons-la-4e-vague-du-plan-marseille-en-grand-avec-14-premieres-ecoles-pour-2029\" target=\"_blank\" rel=\"noopener\">Marseille en Grand<\/a>, Sylvain Souvestre a ainsi parl\u00e9 de \u00ab\u00a0grand g\u00e2chis de la R\u00e9publique, le maire avait tous les moyens pour changer notre ville, il n\u2019a rien fait\u00a0\u00bb. Le repr\u00e9sentant de la droite s\u2019est \u00e9tonn\u00e9 de l\u2019annonce r\u00e9cente d\u2019installation de nouvelles cam\u00e9ras \u00e0 Marseille. \u00ab\u00a0Il faut donc attendre cinq ans pour que Beno\u00eet Payan se r\u00e9veille et prenne conscience des probl\u00e8mes d\u2019ins\u00e9curit\u00e9.\u00a0\u00bb La s\u00e9curit\u00e9, un th\u00e8me q&#8230;<\/p>\n","protected":false},"excerpt":{"rendered":"La campagne des municipales sera offensive ou ne sera pas ! Elle sera m\u00eame \u00e9lectrique et suscitera le&hellip;\n","protected":false},"author":2,"featured_media":421553,"comment_status":"","ping_status":"","sticky":false,"template":"","format":"standard","meta":{"footnotes":""},"categories":[2814],"tags":[930,17,1111,11,17273,1777,674,1011,27,37773,5107,884,12,316,882,25,56590,3585],"class_list":{"0":"post-490016","1":"post","2":"type-post","3":"status-publish","4":"format-standard","5":"has-post-thumbnail","7":"category-marseille","8":"tag-le","9":"tag-17","10":"tag-actu","11":"tag-actualites","12":"tag-bloque","13":"tag-eu","14":"tag-europe","15":"tag-fr","16":"tag-france","17":"tag-lelu","18":"tag-maire","19":"tag-marseille","20":"tag-news","21":"tag-politique","22":"tag-provence-alpes-cote-dazur","23":"tag-republique-francaise","24":"tag-sylvain","25":"tag-tout"},"share_on_mastodon":{"url":"https:\/\/pubeurope.com\/@fr\/115437380934605256","error":""},"_links":{"self":[{"href":"https:\/\/www.europesays.com\/fr\/wp-json\/wp\/v2\/posts\/490016","targetHints":{"allow":["GET"]}}],"collection":[{"href":"https:\/\/www.europesays.com\/fr\/wp-json\/wp\/v2\/posts"}],"about":[{"href":"https:\/\/www.europesays.com\/fr\/wp-json\/wp\/v2\/types\/post"}],"author":[{"embeddable":true,"href":"https:\/\/www.europesays.com\/fr\/wp-json\/wp\/v2\/users\/2"}],"replies":[{"embeddable":true,"href":"https:\/\/www.europesays.com\/fr\/wp-json\/wp\/v2\/comments?post=490016"}],"version-history":[{"count":0,"href":"https:\/\/www.europesays.com\/fr\/wp-json\/wp\/v2\/posts\/490016\/revisions"}],"wp:featuredmedia":[{"embeddable":true,"href":"https:\/\/www.europesays.com\/fr\/wp-json\/wp\/v2\/media\/421553"}],"wp:attachment":[{"href":"https:\/\/www.europesays.com\/fr\/wp-json\/wp\/v2\/media?parent=490016"}],"wp:term":[{"taxonomy":"category","embeddable":true,"href":"https:\/\/www.europesays.com\/fr\/wp-json\/wp\/v2\/categories?post=490016"},{"taxonomy":"post_tag","embeddable":true,"href":"https:\/\/www.europesays.com\/fr\/wp-json\/wp\/v2\/tags?post=490016"}],"curies":[{"name":"wp","href":"https:\/\/api.w.org\/{rel}","templated":true}]}}