{"id":490019,"date":"2025-10-25T23:24:16","date_gmt":"2025-10-25T23:24:16","guid":{"rendered":"https:\/\/www.europesays.com\/fr\/490019\/"},"modified":"2025-10-25T23:24:16","modified_gmt":"2025-10-25T23:24:16","slug":"lyon-le-restaurant-la-folle-horloge-change-de-mains-apres-une-vente-aux-encheres-animee","status":"publish","type":"post","link":"https:\/\/www.europesays.com\/fr\/490019\/","title":{"rendered":"Lyon :\u00a0le restaurant La Folle Horloge\u00a0change de mains apr\u00e8s\u00a0une vente aux ench\u00e8res anim\u00e9e"},"content":{"rendered":"<p itemprop=\"description\"><strong>Le fonds de commerce a trouv\u00e9 preneur \u00e0 l\u2019issue d\u2019une vente tr\u00e8s disput\u00e9e.<\/strong><\/p>\n<p>Ferm\u00e9e depuis f\u00e9vrier 2025 par arr\u00eat\u00e9 pr\u00e9fectoral pour travail dissimul\u00e9, la brasserie La Folle Horloge, situ\u00e9e rue David dans le 3e arrondissement de Lyon, a \u00e9t\u00e9 vendue aux ench\u00e8res ce vendredi 24 octobre.\u00a0<\/p>\n<p>L\u2019op\u00e9ration, organis\u00e9e dans le cadre d\u2019une\u00a0liquidation judiciaire, portait sur l\u2019ensemble du fonds de commerce : droit au bail, enseigne, nom commercial, licence IV, client\u00e8le et mobilier. Une trentaine de personnes \u00e9taient pr\u00e9sentes pour assister \u00e0 la s\u00e9ance, qui a d\u00e9but\u00e9 sur une mise \u00e0 prix de 50 000 euros.<\/p>\n<p>Les ench\u00e8res se sont rapidement envol\u00e9es, d\u00e9passant successivement les\u00a0100 000,\u00a0200 000\u00a0puis\u00a0300 000 euros, avant de s\u2019arr\u00eater sur une derni\u00e8re offre \u00e0\u00a0380 000 euros. Le nouveau propri\u00e9taire entend poursuivre l\u2019activit\u00e9 du bar-restaurant, connu pour son d\u00e9cor atypique et sa client\u00e8le fid\u00e8le.<\/p>\n<p>Cette vente marque la fin d\u2019une p\u00e9riode difficile pour l\u2019\u00e9tablissement, contraint \u00e0 la fermeture apr\u00e8s plusieurs manquements constat\u00e9s par l\u2019inspection du travail en 2024. Les autorit\u00e9s avaient relev\u00e9\u00a0cinq emplois non d\u00e9clar\u00e9s, des\u00a0salaires partiellement vers\u00e9s\u00a0et l\u2019emploi d\u2019un\u00a0travailleur \u00e9tranger sans autorisation conforme. Un pr\u00e9c\u00e9dent signalement remontait d\u00e9j\u00e0 \u00e0 2020.<\/p>\n<p>Avec ce rachat, La Folle Horloge esp\u00e8re tourner la page et\u00a0retrouver prochainement sa place dans la vie du quartier Rouget-de-L\u2019Isle.<\/p>\n","protected":false},"excerpt":{"rendered":"Le fonds de commerce a trouv\u00e9 preneur \u00e0 l\u2019issue d\u2019une vente tr\u00e8s disput\u00e9e. Ferm\u00e9e depuis f\u00e9vrier 2025 par&hellip;\n","protected":false},"author":2,"featured_media":490020,"comment_status":"","ping_status":"","sticky":false,"template":"","format":"standard","meta":{"footnotes":""},"categories":[1889],"tags":[1111,11,2813,2190,2430,1109,251,1112,2811,1777,674,118,1011,27,1922,1110,1114,2428,2810,12,241,316,25,2812,517,800],"class_list":{"0":"post-490019","1":"post","2":"type-post","3":"status-publish","4":"format-standard","5":"has-post-thumbnail","7":"category-lyon","8":"tag-actu","9":"tag-actualites","10":"tag-article","11":"tag-asvel","12":"tag-auvergne-rhone-alpes","13":"tag-breves","14":"tag-culture","15":"tag-depeches","16":"tag-economique","17":"tag-eu","18":"tag-europe","19":"tag-faits-divers","20":"tag-fr","21":"tag-france","22":"tag-info","23":"tag-informations","24":"tag-infos","25":"tag-lyon","26":"tag-lyonmag","27":"tag-news","28":"tag-ol","29":"tag-politique","30":"tag-republique-francaise","31":"tag-sociale","32":"tag-sport","33":"tag-transports"},"share_on_mastodon":{"url":"https:\/\/pubeurope.com\/@fr\/115437388786208740","error":""},"_links":{"self":[{"href":"https:\/\/www.europesays.com\/fr\/wp-json\/wp\/v2\/posts\/490019","targetHints":{"allow":["GET"]}}],"collection":[{"href":"https:\/\/www.europesays.com\/fr\/wp-json\/wp\/v2\/posts"}],"about":[{"href":"https:\/\/www.europesays.com\/fr\/wp-json\/wp\/v2\/types\/post"}],"author":[{"embeddable":true,"href":"https:\/\/www.europesays.com\/fr\/wp-json\/wp\/v2\/users\/2"}],"replies":[{"embeddable":true,"href":"https:\/\/www.europesays.com\/fr\/wp-json\/wp\/v2\/comments?post=490019"}],"version-history":[{"count":0,"href":"https:\/\/www.europesays.com\/fr\/wp-json\/wp\/v2\/posts\/490019\/revisions"}],"wp:featuredmedia":[{"embeddable":true,"href":"https:\/\/www.europesays.com\/fr\/wp-json\/wp\/v2\/media\/490020"}],"wp:attachment":[{"href":"https:\/\/www.europesays.com\/fr\/wp-json\/wp\/v2\/media?parent=490019"}],"wp:term":[{"taxonomy":"category","embeddable":true,"href":"https:\/\/www.europesays.com\/fr\/wp-json\/wp\/v2\/categories?post=490019"},{"taxonomy":"post_tag","embeddable":true,"href":"https:\/\/www.europesays.com\/fr\/wp-json\/wp\/v2\/tags?post=490019"}],"curies":[{"name":"wp","href":"https:\/\/api.w.org\/{rel}","templated":true}]}}