{"id":490021,"date":"2025-10-25T23:25:12","date_gmt":"2025-10-25T23:25:12","guid":{"rendered":"https:\/\/www.europesays.com\/fr\/490021\/"},"modified":"2025-10-25T23:25:12","modified_gmt":"2025-10-25T23:25:12","slug":"previsions-du-dimanche-26-octobre-2025-2","status":"publish","type":"post","link":"https:\/\/www.europesays.com\/fr\/490021\/","title":{"rendered":"pr\u00e9visions du dimanche 26 octobre 2025"},"content":{"rendered":"<p class=\"mb-4 text-lg md:leading-8 break-words\"><strong>M\u00e9t\u00e9o &#8211; Aujourd&rsquo;hui, toujours des nuages dans le ciel qui emp\u00eachent le soleil d&rsquo;appara\u00eetre. Des pluies \u00e9parses sont attendues. Les temp\u00e9ratures seront de 10\u00b0C tout au long de la journ\u00e9e&#8230;<\/strong><\/p>\n<p class=\"mb-4 text-lg md:leading-8 break-words\">\u00c0 Lyon, la journ\u00e9e va rester maussade \u00e0 cause de nuages qui se maintiennent dans le ciel. Des pluies \u00e9parses tomberont. Les valeurs afficheront entre 7 et 12\u00b0C. Une petite brise de nord-ouest sera ressentie par les habitants. Le matin, on anticipe des temp\u00e9ratures avoisinant 10\u00b0C. La grisaille ne se dissipe toujours pas, il va y avoir encore des nuages l&rsquo;apr\u00e8s-midi. Les valeurs seront de 8\u00b0C au minimum et de 12\u00b0C au maximum. Encore de la grisaille le soir. Les nuages vont s&rsquo;attarder. Des pluies \u00e9parses vont tomber sur la ville. Les temp\u00e9ratures avoisineront les 7\u00b0C. On s&rsquo;attend \u00e0 une nuit pluvieuse entre dimanche et lundi.<\/p>\n<p class=\"mb-4 text-lg md:leading-8 break-words\">Le ciel sera toujours couvert demain, \u00e0 Lyon, avec des nuages. Une chute des temp\u00e9ratures est attendue. Les valeurs s&rsquo;\u00e9chelonneront entre 7 et 10\u00b0C. Un vent de sud rafra\u00eechira un peu l&rsquo;atmosph\u00e8re. Il va pleuvoir le matin. Il va faire 7\u00b0C en moyenne. Avec des nuages demain apr\u00e8s-midi, le ciel sera encore couvert. Des pluies \u00e9parses sont pr\u00e9vues. Les maximales pourront atteindre 10\u00b0C tandis que les minimales seront de 9\u00b0C. Il faudra s&rsquo;attendre \u00e0 des perturbations demain soir, les Lyonnais se retrouveront sous de la bruine.<\/p>\n<p>Publicit\u00e9<\/p>\n<p>Publicit\u00e9<\/p>\n<p>Publicit\u00e9<\/p>\n<p>Publicit\u00e9<\/p>\n<p class=\"mb-4 text-lg md:leading-8 break-words\">Les conditions m\u00e9t\u00e9orologiques des journ\u00e9es suivantes vont \u00e9voluer peu \u00e0 peu. M\u00eame si le mauvais temps perdurera quelque peu mardi, il faut pr\u00e9voir une am\u00e9lioration par la suite.<\/p>\n<p class=\"mb-4 text-lg md:leading-8 break-words\"><a href=\"https:\/\/www.20minutes.fr\/planete\/previsions-meteo\/4181595-20251026-meteo-lyon-previsions-dimanche-26-octobre-2025?at_medium=RSS%20feed&amp;at_campaign=ynews&amp;utm_source=yahoo&amp;utm_medium=rss&amp;utm_campaign=news_feed&amp;utm_content=read_more_link&quot;\" rel=\"nofollow noopener\" target=\"_blank\" data-ylk=\"slk:Lire la suite sur 20minutes;elm:context_link;itc:0;sec:content-canvas\" class=\"link \">Lire la suite sur 20minutes<\/a><\/p>\n","protected":false},"excerpt":{"rendered":"M\u00e9t\u00e9o &#8211; Aujourd&rsquo;hui, toujours des nuages dans le ciel qui emp\u00eachent le soleil d&rsquo;appara\u00eetre. Des pluies \u00e9parses sont&hellip;\n","protected":false},"author":2,"featured_media":490022,"comment_status":"","ping_status":"","sticky":false,"template":"","format":"standard","meta":{"footnotes":""},"categories":[1889],"tags":[1111,11,2430,1777,674,1011,27,6172,2428,2487,12,25],"class_list":{"0":"post-490021","1":"post","2":"type-post","3":"status-publish","4":"format-standard","5":"has-post-thumbnail","7":"category-lyon","8":"tag-actu","9":"tag-actualites","10":"tag-auvergne-rhone-alpes","11":"tag-eu","12":"tag-europe","13":"tag-fr","14":"tag-france","15":"tag-le-soleil","16":"tag-lyon","17":"tag-meteo","18":"tag-news","19":"tag-republique-francaise"},"share_on_mastodon":{"url":"https:\/\/pubeurope.com\/@fr\/115437392512027063","error":""},"_links":{"self":[{"href":"https:\/\/www.europesays.com\/fr\/wp-json\/wp\/v2\/posts\/490021","targetHints":{"allow":["GET"]}}],"collection":[{"href":"https:\/\/www.europesays.com\/fr\/wp-json\/wp\/v2\/posts"}],"about":[{"href":"https:\/\/www.europesays.com\/fr\/wp-json\/wp\/v2\/types\/post"}],"author":[{"embeddable":true,"href":"https:\/\/www.europesays.com\/fr\/wp-json\/wp\/v2\/users\/2"}],"replies":[{"embeddable":true,"href":"https:\/\/www.europesays.com\/fr\/wp-json\/wp\/v2\/comments?post=490021"}],"version-history":[{"count":0,"href":"https:\/\/www.europesays.com\/fr\/wp-json\/wp\/v2\/posts\/490021\/revisions"}],"wp:featuredmedia":[{"embeddable":true,"href":"https:\/\/www.europesays.com\/fr\/wp-json\/wp\/v2\/media\/490022"}],"wp:attachment":[{"href":"https:\/\/www.europesays.com\/fr\/wp-json\/wp\/v2\/media?parent=490021"}],"wp:term":[{"taxonomy":"category","embeddable":true,"href":"https:\/\/www.europesays.com\/fr\/wp-json\/wp\/v2\/categories?post=490021"},{"taxonomy":"post_tag","embeddable":true,"href":"https:\/\/www.europesays.com\/fr\/wp-json\/wp\/v2\/tags?post=490021"}],"curies":[{"name":"wp","href":"https:\/\/api.w.org\/{rel}","templated":true}]}}