{"id":490029,"date":"2025-10-25T23:31:10","date_gmt":"2025-10-25T23:31:10","guid":{"rendered":"https:\/\/www.europesays.com\/fr\/490029\/"},"modified":"2025-10-25T23:31:10","modified_gmt":"2025-10-25T23:31:10","slug":"quil-degage-a-la-sorbonne-lenseignant-et-ex-candidat-du-rn-pierre-gentillet-conteste-par-des-etudiants","status":"publish","type":"post","link":"https:\/\/www.europesays.com\/fr\/490029\/","title":{"rendered":"\u00ab\u00a0Qu\u2019il d\u00e9gage\u00a0!\u00a0\u00bb\u00a0: \u00e0 la Sorbonne, l\u2019enseignant et ex-candidat du RN Pierre Gentillet contest\u00e9 par des \u00e9tudiants"},"content":{"rendered":"<p class=\"paragraph text_align_left lp-f-body-02\">Il donne des cours depuis huit ans dans la prestigieuse facult\u00e9. Mais, <a href=\"https:\/\/www.leparisien.fr\/paris-75\/on-est-bloque-le-cauchemar-detudiants-de-la-sorbonne-sans-solution-apres-la-fermeture-dun-master-en-plein-ete-44NRRUKE6VB75LBIUSQUJEVMLE.php\" target=\"_blank\" rel=\"noreferrer nofollow noopener\">\u00e0 la Sorbonne<\/a>, la place de l\u2019enseignant Pierre Gentillet est d\u00e9sormais contest\u00e9e, alors qu\u2019il a \u00e9t\u00e9 candidat aux l\u00e9gislatives 2024 pour le Rassemblement national et qu\u2019il a cofond\u00e9 le syndicat d\u2019extr\u00eame droite la Cocarde \u00c9tudiante.<\/p>\n<p class=\"paragraph text_align_left lp-f-body-02\">\u00ab\u00a0Qu\u2019il d\u00e9gage\u00a0!\u00a0\u00bb, a en effet lanc\u00e9 le \u00ab\u00a0Syndicat Alternative\u00a0\u00bb de l\u2019universit\u00e9 jeudi <a href=\"https:\/\/x.com\/SAParis1_\/status\/1981379911869747340\" target=\"_blank\" rel=\"noreferrer nofollow\">sur X<\/a>. Listant ses exp\u00e9riences d\u2019extr\u00eame droite, l\u2019organisation \u00e9tudiante l\u2019a qualifi\u00e9 de \u00ab\u00a0facho\u00a0\u00bb et a affirm\u00e9 qu\u2019il \u00ab\u00a0n\u2019(avait) rien \u00e0 faire \u00e0 enseigner \u00e0 Paris 1\u00a0\u00bb.<\/p>\n<p class=\"paragraph text_align_left lp-f-body-02\">Pierre Gentillet a de son c\u00f4t\u00e9 \u00e9voqu\u00e9 <a href=\"https:\/\/x.com\/Pierre_GTIL\/status\/1982125507211620476\" target=\"_blank\" rel=\"noreferrer nofollow\">sur X<\/a> une \u00ab\u00a0chasse cordonn\u00e9e\u00a0\u00bb contre lui par des \u00ab\u00a0groupuscules\u00a0\u00bb. \u00ab\u00a0Jamais je n\u2019ai m\u00eal\u00e9 mes convictions \u00e0 mes cours\u00a0; j\u2019ai toujours respect\u00e9 la diversit\u00e9 des opinions et encourag\u00e9 la r\u00e9flexion libre\u00a0\u00bb, s\u2019est-il d\u00e9fendu.<\/p>\n<p>\u00ab\u00a0On peut tous faire des erreurs\u00a0\u00bb<\/p>\n<p class=\"paragraph text_align_left lp-f-body-02\">Dans les faits, l\u2019avocat, 34\u00a0ans, a \u00e9t\u00e9 candidat aux \u00e9lections l\u00e9gislatives de 2024 sous la banni\u00e8re du Rassemblement national (RN) dans le Cher, \u00e9chouant au second tour avec 47,21\u00a0%. Pendant la campagne, le m\u00e9dia <a href=\"https:\/\/www.streetpress.com\/sujet\/1719933621-cher-suppleante-rn-tshirt-supremaciste-blanc-skinheads-neonazis-rassemblement-national-lepen-bardella\" target=\"_blank\" rel=\"noreferrer nofollow noopener\">StreetPress<\/a> a r\u00e9v\u00e9l\u00e9 que sa suppl\u00e9ante Julie Apricena a pos\u00e9 avec un tee-shirt au slogan supr\u00e9maciste blanc entour\u00e9 de \u00ab\u00a0skinheads n\u00e9onazis\u00a0\u00bb. \u00ab\u00a0On peut tous faire des erreurs\u00a0\u00bb, a alors r\u00e9torqu\u00e9 Pierre Gentillet.<\/p>\n<p class=\"paragraph text_align_left lp-f-body-02\">Dans sa r\u00e9ponse \u00e0 la contestation de sa place \u00e0 la Sorbonne, l\u2019avocat a par ailleurs dit avoir d\u00e9j\u00e0 d\u00fb \u00ab\u00a0enseigner sous le nom de ma m\u00e8re\u00a0\u00bb pour continuer \u00e0 donner des cours dans la facult\u00e9 suite \u00e0 <a href=\"https:\/\/www.leparisien.fr\/elections\/legislatives\/ces-candidats-rn-soupconnes-de-positions-prorusses-balayes-au-second-tour-08-07-2024-7OKC66QWXBEWTIZAKUTRJXGUM4.php\" target=\"_blank\" rel=\"noreferrer nofollow noopener\">sa candidature pour le Rassemblement national<\/a>.<\/p>\n<p class=\"paragraph text_align_left lp-f-body-02\"><a href=\"https:\/\/www.leparisien.fr\/culture-loisirs\/tv\/cnews-est-devenue-la-premiere-chaine-info-de-france-pour-le-deuxieme-mois-daffilee-01-07-2024-ZLTQZW3QGFFQXBW7QNWHZ2FOBQ.php\" target=\"_blank\" rel=\"noreferrer nofollow noopener\">Chroniqueur sur CNews<\/a>, Pierre Gentillet s\u2019est par ailleurs rendu plusieurs fois en Syrie, comme en 2016 pour une rencontre avec <a href=\"https:\/\/www.leparisien.fr\/international\/syrie\/il-a-laisse-ses-partisans-affronter-leur-propre-destin-les-dernieres-heures-de-bachar-al-assad-avant-la-chute-du-regime-14-12-2024-NHQ5CPCUBRB5FFVOZMNC4Z7S44.php\" target=\"_blank\" rel=\"noreferrer nofollow noopener\">le dictateur sanguinaire Bachar al-Assad<\/a>. Dans le m\u00eame ordre, l\u2019avocat est aussi russophile\u00a0: il a fond\u00e9 le \u00ab\u00a0cercle Pouchkine\u00a0\u00bb pour rapprocher Paris et Moscou apr\u00e8s l\u2019annexion de la Crim\u00e9e. Aupr\u00e8s de l\u2019AFP, il affirmait tout de m\u00eame qu\u2019avec la guerre en Ukraine, la \u00ab\u00a0donne (avait) chang\u00e9\u00a0\u00bb.<\/p>\n","protected":false},"excerpt":{"rendered":"Il donne des cours depuis huit ans dans la prestigieuse facult\u00e9. Mais, \u00e0 la Sorbonne, la place de&hellip;\n","protected":false},"author":2,"featured_media":490030,"comment_status":"","ping_status":"","sticky":false,"template":"","format":"standard","meta":{"footnotes":""},"categories":[1888],"tags":[11,1777,674,1011,27,1944,12,626,25],"class_list":{"0":"post-490029","1":"post","2":"type-post","3":"status-publish","4":"format-standard","5":"has-post-thumbnail","7":"category-paris","8":"tag-actualites","9":"tag-eu","10":"tag-europe","11":"tag-fr","12":"tag-france","13":"tag-ma-ville","14":"tag-news","15":"tag-paris","16":"tag-republique-francaise"},"share_on_mastodon":{"url":"https:\/\/pubeurope.com\/@fr\/115437416191056994","error":""},"_links":{"self":[{"href":"https:\/\/www.europesays.com\/fr\/wp-json\/wp\/v2\/posts\/490029","targetHints":{"allow":["GET"]}}],"collection":[{"href":"https:\/\/www.europesays.com\/fr\/wp-json\/wp\/v2\/posts"}],"about":[{"href":"https:\/\/www.europesays.com\/fr\/wp-json\/wp\/v2\/types\/post"}],"author":[{"embeddable":true,"href":"https:\/\/www.europesays.com\/fr\/wp-json\/wp\/v2\/users\/2"}],"replies":[{"embeddable":true,"href":"https:\/\/www.europesays.com\/fr\/wp-json\/wp\/v2\/comments?post=490029"}],"version-history":[{"count":0,"href":"https:\/\/www.europesays.com\/fr\/wp-json\/wp\/v2\/posts\/490029\/revisions"}],"wp:featuredmedia":[{"embeddable":true,"href":"https:\/\/www.europesays.com\/fr\/wp-json\/wp\/v2\/media\/490030"}],"wp:attachment":[{"href":"https:\/\/www.europesays.com\/fr\/wp-json\/wp\/v2\/media?parent=490029"}],"wp:term":[{"taxonomy":"category","embeddable":true,"href":"https:\/\/www.europesays.com\/fr\/wp-json\/wp\/v2\/categories?post=490029"},{"taxonomy":"post_tag","embeddable":true,"href":"https:\/\/www.europesays.com\/fr\/wp-json\/wp\/v2\/tags?post=490029"}],"curies":[{"name":"wp","href":"https:\/\/api.w.org\/{rel}","templated":true}]}}