{"id":490036,"date":"2025-10-25T23:35:18","date_gmt":"2025-10-25T23:35:18","guid":{"rendered":"https:\/\/www.europesays.com\/fr\/490036\/"},"modified":"2025-10-25T23:35:18","modified_gmt":"2025-10-25T23:35:18","slug":"le-plan-de-la-chine-pour-devancer-les-usa-en-2035","status":"publish","type":"post","link":"https:\/\/www.europesays.com\/fr\/490036\/","title":{"rendered":"le plan de la Chine pour devancer les USA en 2035"},"content":{"rendered":"<p>En pleine <a href=\"https:\/\/www.presse-citron.net\/chine-etats-unis-terres-rares-droits-douane-escalade\/\" target=\"_blank\" rel=\"false noopener nofollow\">mont\u00e9e des tensions avec les \u00c9tats-Unis<\/a>, l\u2019annonce n\u2019est clairement pas pass\u00e9e inaper\u00e7ue. R\u00e9unis cette semaine \u00e0 P\u00e9kin \u00e0 l\u2019occasion du quatri\u00e8me pl\u00e9nium visant \u00e0 poser les bases du 15e plan quinquennal de la Chine, les dirigeants du Parti communiste se sont engag\u00e9s \u00e0 acc\u00e9l\u00e9rer la progression du pays vers l\u2019autonomie en mati\u00e8re de technologie de pointe. Mais de quoi s\u2019agit-il exactement\u00a0?<\/p>\n<p>Dans un communiqu\u00e9, les cadres du parti dirig\u00e9 par Xi Jinping soulignent ainsi\u00a0: \u00ab\u00a0Le pays doit parvenir \u00e0 une plus grande autonomie et \u00e0 une plus grande puissance scientifique et technologique\u00a0\u00bb. Cette id\u00e9e est accentu\u00e9e par cette autre prise de position selon laquelle, l\u2019Empire du Milieu veut accroitre de mani\u00e8re sensible sa \u00ab\u00a0puissance \u00e9conomique, ses capacit\u00e9s scientifiques et technologiques, sa capacit\u00e9 de d\u00e9fense nationale, sa puissance nationale globale et son influence internationale\u00a0\u00bb, d\u2019ici 2035.<\/p>\n<p> Booster la demande int\u00e9rieure pour gagner en autonomie <\/p>\n<p>On pourrait croire qu\u2019il ne s\u2019agit que de mots, mais, comme le rappelle \u00e0 juste titre le Financial Times, ces plans quinquennaux permettent de fixer les priorit\u00e9s politiques, \u00e9conomiques et sociales des dirigeants depuis Mao Zedong. Ces orientations sont donc suivies de pr\u00e8s par les gouvernements et les investisseurs \u00e9trangers.<\/p>\n<p>De l\u2019avis d\u2019observateurs connaisseurs de la Chine, ce document poursuit des politiques engag\u00e9es pr\u00e9c\u00e9demment, notamment par l\u2019insistance vers la consommation int\u00e9rieure. Pour cela P\u00e9kin s\u2019engage \u00e0 am\u00e9liorer le bien-\u00eatre de la population et le syst\u00e8me de S\u00e9curit\u00e9 sociale, m\u00eame si le parti communiste apporte assez peu de pr\u00e9cisions \u00e0 ce sujet sur la fa\u00e7on d\u2019y parvenir et la provenance des fonds.<\/p>\n<p>Cette id\u00e9e de soigner la demande en interne gagne d\u2019ailleurs sans doute encore en pertinence suite au d\u00e9clenchement de <a href=\"https:\/\/www.presse-citron.net\/merci-donald-trump-vos-voitures-et-smartphones-bientot-plus-chers-suite-a-cette-decision-radicale\/\" target=\"_blank\" rel=\"false noopener nofollow\">la guerre commerciale par Donald Trump<\/a>, qui montre la fragilit\u00e9 des \u00e9changes avec l\u2019occident.<\/p>\n<p>Cit\u00e9 par <a href=\"https:\/\/www.reuters.com\/world\/asia-pacific\/china-pledges-build-modern-industrial-system-advance-tech-self-reliance-2026-2025-10-23\/\" target=\"_blank\" rel=\"false noopener nofollow\">Reuters<\/a>, l\u2019analyste de Capital Economics, Julian Evans-Pritchard, commente de son c\u00f4t\u00e9\u00a0:<\/p>\n<blockquote>\n<p>Il existe toujours une tension non r\u00e9solue entre la volont\u00e9 affich\u00e9e des dirigeants de stimuler la consommation et leur objectif de soutenir la taille de leur secteur manufacturier. Les dirigeants devront choisir l\u2019une ou l\u2019autre option. Le communiqu\u00e9 d\u2019aujourd\u2019hui ne laisse gu\u00e8re de doute quant \u00e0 la direction qu\u2019ils ont choisie.<\/p>\n<\/blockquote>\n<p>Nul doute que ce message sera observ\u00e9 de pr\u00e8s \u00e0 Washington alors que de nouvelles n\u00e9gociations commerciales vont s\u2019engager entre les deux pays.<\/p>\n<p>Ce qu\u2019il faut retenir\u00a0:<\/p>\n<ul class=\"tldr\">\n<li>R\u00e9unis pour un nouveau pl\u00e9nium, les dirigeants du parti communiste insistent sur la science et la technologie<\/li>\n<li>Ils estiment que ces deux leviers permettront au pays d\u2019accroitre son autonomie<\/li>\n<li>Une insistance particuli\u00e8re est aussi port\u00e9e \u00e0 la demande int\u00e9rieure avec une volont\u00e9 d\u2019am\u00e9liorer la S\u00e9curit\u00e9 sociale<\/li>\n<\/ul>\n<blockquote>\n<p class=\"text-base text-neutral-700 dark:text-neutral-300\">\ud83d\udccd Pour ne manquer aucune actualit\u00e9 de Presse-citron, suivez-nous sur <a href=\"https:\/\/news.google.com\/publications\/CAAqBggKMIPiNTC70wU?hl=fr&amp;gl=FR&amp;ceid=FR%3Afr\" target=\"_blank\" rel=\"nofollow noopener\">Google Actualit\u00e9s<\/a> et <a href=\"https:\/\/whatsapp.com\/channel\/0029VaCkGuz4NViitBXbEr0b\" target=\"_blank\" rel=\"nofollow noopener\">WhatsApp<\/a>.<\/p>\n<\/blockquote>\n","protected":false},"excerpt":{"rendered":"En pleine mont\u00e9e des tensions avec les \u00c9tats-Unis, l\u2019annonce n\u2019est clairement pas pass\u00e9e inaper\u00e7ue. R\u00e9unis cette semaine \u00e0&hellip;\n","protected":false},"author":2,"featured_media":490037,"comment_status":"","ping_status":"","sticky":false,"template":"","format":"standard","meta":{"footnotes":""},"categories":[1589],"tags":[328,11,309,73,1866,12,316,1864,1865,1863,308],"class_list":{"0":"post-490036","1":"post","2":"type-post","3":"status-publish","4":"format-standard","5":"has-post-thumbnail","7":"category-etats-unis","8":"tag-a-la-une","9":"tag-actualites","10":"tag-chine","11":"tag-etats-unis","12":"tag-etats-unis-damerique","13":"tag-news","14":"tag-politique","15":"tag-united-states","16":"tag-united-states-of-america","17":"tag-us","18":"tag-usa"},"share_on_mastodon":{"url":"https:\/\/pubeurope.com\/@fr\/115437431973173400","error":""},"_links":{"self":[{"href":"https:\/\/www.europesays.com\/fr\/wp-json\/wp\/v2\/posts\/490036","targetHints":{"allow":["GET"]}}],"collection":[{"href":"https:\/\/www.europesays.com\/fr\/wp-json\/wp\/v2\/posts"}],"about":[{"href":"https:\/\/www.europesays.com\/fr\/wp-json\/wp\/v2\/types\/post"}],"author":[{"embeddable":true,"href":"https:\/\/www.europesays.com\/fr\/wp-json\/wp\/v2\/users\/2"}],"replies":[{"embeddable":true,"href":"https:\/\/www.europesays.com\/fr\/wp-json\/wp\/v2\/comments?post=490036"}],"version-history":[{"count":0,"href":"https:\/\/www.europesays.com\/fr\/wp-json\/wp\/v2\/posts\/490036\/revisions"}],"wp:featuredmedia":[{"embeddable":true,"href":"https:\/\/www.europesays.com\/fr\/wp-json\/wp\/v2\/media\/490037"}],"wp:attachment":[{"href":"https:\/\/www.europesays.com\/fr\/wp-json\/wp\/v2\/media?parent=490036"}],"wp:term":[{"taxonomy":"category","embeddable":true,"href":"https:\/\/www.europesays.com\/fr\/wp-json\/wp\/v2\/categories?post=490036"},{"taxonomy":"post_tag","embeddable":true,"href":"https:\/\/www.europesays.com\/fr\/wp-json\/wp\/v2\/tags?post=490036"}],"curies":[{"name":"wp","href":"https:\/\/api.w.org\/{rel}","templated":true}]}}