{"id":490040,"date":"2025-10-25T23:37:13","date_gmt":"2025-10-25T23:37:13","guid":{"rendered":"https:\/\/www.europesays.com\/fr\/490040\/"},"modified":"2025-10-25T23:37:13","modified_gmt":"2025-10-25T23:37:13","slug":"allemagne-aquaplaning-et-carambolage-sur-la5-a-hauteur-de-baden-baden","status":"publish","type":"post","link":"https:\/\/www.europesays.com\/fr\/490040\/","title":{"rendered":"Allemagne. Aquaplaning et carambolage sur l\u2019A5 \u00e0 hauteur de\u00a0Baden-Baden"},"content":{"rendered":"<p>Un automobiliste qui circulait sur l\u2019A5 a \u00e9t\u00e9 victime du ph\u00e9nom\u00e8ne d\u2019aquaplaning, ce samedi matin vers 7\u00a0h\u00a015 \u00e0 hauteur de l\u2019\u00e9changeur de Baden-Baden, dans le Bade-Wurtemberg proche. Une pluie g\u00e9n\u00e9reuse avait recouvert la chauss\u00e9e d\u2019une bonne pellicule d\u2019eau. Le conducteur a perdu le contr\u00f4le de son v\u00e9hicule qui a heurt\u00e9 une glissi\u00e8re de s\u00e9curit\u00e9. Dans le choc, plusieurs \u00e9l\u00e9ments de la voiture ont \u00e9t\u00e9 projet\u00e9s sur la chauss\u00e9e et des v\u00e9hicules qui arrivaient derri\u00e8re se sont percut\u00e9s. Si aucun conducteur n\u2019a \u00e9t\u00e9 bless\u00e9, cet accident a provoqu\u00e9 un embouteillage sur pr\u00e8s de quatre kilom\u00e8tres en direction du nord.<\/p>\n<p>Deux heures plus tard, \u00e0 8\u00a0h\u00a050, cet embouteillage toujours pas r\u00e9sorb\u00e9 a entra\u00een\u00e9 un suraccident, \u00e0 cause, selon la police, de l\u2019imprudence de certains conducteurs. Deux voitures ont ralenti \u00e0 l\u2019approche du bouchon, et un camion qui arrivait derri\u00e8re elles a frein\u00e9 trop tard, percutant ces deux v\u00e9hicules par l\u2019arri\u00e8re. L\u2019une des voitures a termin\u00e9 sa course dans le foss\u00e9. Le conducteur, coinc\u00e9 dans son v\u00e9hicule, n\u2019a cependant \u00e9t\u00e9 que l\u00e9g\u00e8rement bless\u00e9. Les pompiers de Baden-Baden ont \u00e9t\u00e9 envoy\u00e9s sur les lieux de l\u2019accident.<\/p>\n<p>Les op\u00e9rations de d\u00e9blaiement de la route ont pris de longues heures. Au total, pas moins de onze v\u00e9hicules ont \u00e9t\u00e9 impliqu\u00e9s. Un embouteillage s\u2019est form\u00e9 non seulement sur l\u2019A5, mais aussi sur la route f\u00e9d\u00e9rale B3, vers laquelle de nombreux automobilistes ont bifurqu\u00e9.<\/p>\n","protected":false},"excerpt":{"rendered":"Un automobiliste qui circulait sur l\u2019A5 a \u00e9t\u00e9 victime du ph\u00e9nom\u00e8ne d\u2019aquaplaning, ce samedi matin vers 7\u00a0h\u00a015 \u00e0&hellip;\n","protected":false},"author":2,"featured_media":490041,"comment_status":"","ping_status":"","sticky":false,"template":"","format":"standard","meta":{"footnotes":""},"categories":[1587],"tags":[119,11,672,2389,1804,1805,1803,1777,674,274,107,329,1801,12,1802],"class_list":{"0":"post-490040","1":"post","2":"type-post","3":"status-publish","4":"format-standard","5":"has-post-thumbnail","7":"category-allemagne","8":"tag-accident","9":"tag-actualites","10":"tag-allemagne","11":"tag-alsace","12":"tag-bundesrepublik-deutschland","13":"tag-de","14":"tag-deutschland","15":"tag-eu","16":"tag-europe","17":"tag-faits-divers-justice","18":"tag-fil-info","19":"tag-france-monde","20":"tag-germany","21":"tag-news","22":"tag-republique-federale-dallemagne"},"share_on_mastodon":{"url":"https:\/\/pubeurope.com\/@fr\/115437439808131198","error":""},"_links":{"self":[{"href":"https:\/\/www.europesays.com\/fr\/wp-json\/wp\/v2\/posts\/490040","targetHints":{"allow":["GET"]}}],"collection":[{"href":"https:\/\/www.europesays.com\/fr\/wp-json\/wp\/v2\/posts"}],"about":[{"href":"https:\/\/www.europesays.com\/fr\/wp-json\/wp\/v2\/types\/post"}],"author":[{"embeddable":true,"href":"https:\/\/www.europesays.com\/fr\/wp-json\/wp\/v2\/users\/2"}],"replies":[{"embeddable":true,"href":"https:\/\/www.europesays.com\/fr\/wp-json\/wp\/v2\/comments?post=490040"}],"version-history":[{"count":0,"href":"https:\/\/www.europesays.com\/fr\/wp-json\/wp\/v2\/posts\/490040\/revisions"}],"wp:featuredmedia":[{"embeddable":true,"href":"https:\/\/www.europesays.com\/fr\/wp-json\/wp\/v2\/media\/490041"}],"wp:attachment":[{"href":"https:\/\/www.europesays.com\/fr\/wp-json\/wp\/v2\/media?parent=490040"}],"wp:term":[{"taxonomy":"category","embeddable":true,"href":"https:\/\/www.europesays.com\/fr\/wp-json\/wp\/v2\/categories?post=490040"},{"taxonomy":"post_tag","embeddable":true,"href":"https:\/\/www.europesays.com\/fr\/wp-json\/wp\/v2\/tags?post=490040"}],"curies":[{"name":"wp","href":"https:\/\/api.w.org\/{rel}","templated":true}]}}