{"id":490044,"date":"2025-10-25T23:39:27","date_gmt":"2025-10-25T23:39:27","guid":{"rendered":"https:\/\/www.europesays.com\/fr\/490044\/"},"modified":"2025-10-25T23:39:27","modified_gmt":"2025-10-25T23:39:27","slug":"budget-2026-la-fin-des-apl-pour-les-etudiants-etrangers-hors-ue-actual-immo","status":"publish","type":"post","link":"https:\/\/www.europesays.com\/fr\/490044\/","title":{"rendered":"Budget 2026 : la fin des APL pour les \u00e9tudiants \u00e9trangers hors UE ? &#8211; Actual Immo"},"content":{"rendered":"<p>Le projet de budget 2026 pourrait exclure les \u00e9tudiants \u00e9trangers hors UE des APL. Qu\u2019impliquerait cette suppression pour votre logement et vos \u00e9tudes ? Voici l\u2019essentiel pour comprendre l\u2019enjeu, ses cons\u00e9quences possibles et les options \u00e0 envisager d\u00e8s maintenant.<\/p>\n<p>Pourquoi le budget 2026 remet en cause les APL pour les \u00e9tudiants \u00e9trangers<\/p>\n<p>L\u2019article 67 du projet de loi de finances expliqu\u00e9 simplement<\/p>\n<p>Le projet de loi de finances 2026 int\u00e8gre une disposition cl\u00e9 : <strong>article 67<\/strong>. Son objectif affich\u00e9 est de r\u00e9duire la d\u00e9pense d\u2019aides au logement en restreignant l\u2019acc\u00e8s aux APL. Concr\u00e8tement, la mesure exclurait une partie des \u00e9tudiants non ressortissants de l\u2019Union europ\u00e9enne.<\/p>\n<p>Dans les faits, l\u2019exclusion viserait les \u00e9tudiants internationaux ne b\u00e9n\u00e9ficiant pas d\u2019une bourse publique fran\u00e7aise. Le gouvernement avance un besoin d\u2019\u00e9conomies, \u00e9voqu\u00e9 autour de plusieurs centaines de millions d\u2019euros. Le texte reste d\u00e9battu et devra \u00eatre vot\u00e9 pour entrer en vigueur.<\/p>\n<p>Qui sont les \u00e9tudiants concern\u00e9s par la mesure ?<\/p>\n<p>Les principaux concern\u00e9s seraient les <strong>\u00e9tudiants extra-europ\u00e9ens non boursiers<\/strong>. Or, ils constituent l\u2019immense majorit\u00e9 des \u00e9tudiants internationaux en France ; seule une petite fraction per\u00e7oit une bourse sur crit\u00e8res sociaux.<\/p>\n<p>L\u2019impact budg\u00e9taire individuel est notable : la perte des APL repr\u00e9sente souvent <strong>100 \u00e0 250 \u20ac<\/strong> par mois selon la localisation et le loyer. \u00c0 Paris et dans les grandes m\u00e9tropoles, l\u2019effet de seuil peut compromettre la signature ou le renouvellement d\u2019un bail.<\/p>\n<p>\u00c0 court terme, l\u2019enjeu porte sur la capacit\u00e9 \u00e0 se loger pr\u00e8s du campus et \u00e0 couvrir les charges courantes. \u00c0 moyen terme, la mesure pourrait modifier les flux d\u2019inscriptions internationales si elle est adopt\u00e9e en l\u2019\u00e9tat. <\/p>\n<p>Quelles cons\u00e9quences concr\u00e8tes sur la vie des \u00e9tudiants \u00e9trangers<\/p>\n<p>Une pr\u00e9carit\u00e9 d\u00e9j\u00e0 multiple (financi\u00e8re, administrative, sociale)<\/p>\n<p>Les associations \u00e9tudiantes soulignent que cette suppression s\u2019ajouterait \u00e0 une pr\u00e9carit\u00e9 d\u00e9j\u00e0 forte. Beaucoup d\u2019\u00e9tudiants \u00e9trangers doivent jongler entre les <strong>d\u00e9marches administratives complexes<\/strong>, des frais d\u2019inscription \u00e9lev\u00e9s et un co\u00fbt de la vie en hausse.<\/p>\n<p>Depuis 2019, les frais d\u2019inscription pour les \u00e9tudiants extra-europ\u00e9ens ont \u00e9t\u00e9 multipli\u00e9s par seize, limitant l\u2019acc\u00e8s \u00e0 l\u2019enseignement sup\u00e9rieur public. Sans APL, certains risqueraient d\u2019abandonner leurs \u00e9tudes ou de tomber dans une spirale de dettes.<\/p>\n<p>\u00c0 cette fragilit\u00e9 \u00e9conomique s\u2019ajoute l\u2019isolement social et linguistique. De nombreux jeunes se retrouvent dans des logements insalubres ou partag\u00e9s \u00e0 plusieurs faute de moyens suffisants. Les associations craignent une explosion des situations de mal-logement.<\/p>\n<p>Les r\u00e9actions des syndicats et associations \u00e9tudiantes<\/p>\n<p>Plusieurs organisations, comme la FAGE ou l\u2019UNEF, d\u00e9noncent une \u00ab\u00a0triple pr\u00e9carit\u00e9 \u00bb qui s\u2019intensifie : administrative, p\u00e9dagogique et financi\u00e8re. Elles estiment que la mesure vise injustement des \u00e9tudiants d\u00e9j\u00e0 fragilis\u00e9s par la crise du logement.<\/p>\n<p>La Ligue des droits de l\u2019Homme \u00e9voque un \u00ab\u00a0acharnement politique \u00bb envers des jeunes qui contribuent pourtant \u00e0 la vitalit\u00e9 des universit\u00e9s fran\u00e7aises. Pour beaucoup, cette d\u00e9cision est per\u00e7ue comme une remise en cause du principe d\u2019\u00e9galit\u00e9 d\u2019acc\u00e8s \u00e0 l\u2019\u00e9ducation.<\/p>\n<p>Selon leurs calculs, cette suppression pourrait toucher pr\u00e8s de <strong>300 000 \u00e9tudiants<\/strong> et menacer la diversit\u00e9 des campus fran\u00e7ais.<\/p>\n<p>Quels sc\u00e9narios possibles avant le vote final du budget<\/p>\n<p>Les d\u00e9bats parlementaires \u00e0 venir<\/p>\n<p>Le projet de loi n\u2019est pas encore d\u00e9finitif. Les parlementaires disposent de plusieurs semaines pour examiner, amender ou rejeter l\u2019article 67. Plusieurs d\u00e9put\u00e9s de la majorit\u00e9 ont d\u00e9j\u00e0 exprim\u00e9 leur g\u00eane face \u00e0 une mesure jug\u00e9e trop brutale pour les \u00e9tudiants \u00e9trangers.<\/p>\n<p>Les syndicats pr\u00e9voient d\u2019interpeller le gouvernement pendant la session budg\u00e9taire. Des manifestations pourraient accompagner les d\u00e9bats, notamment devant les universit\u00e9s franciliennes. Les \u00e9lus locaux, confront\u00e9s \u00e0 la crise du logement \u00e9tudiant, sont eux aussi appel\u00e9s \u00e0 se positionner.<\/p>\n<p>Le sort de la mesure d\u00e9pendra donc du rapport de force politique entre les partisans de la rigueur budg\u00e9taire et ceux d\u2019un maintien de l\u2019aide au logement pour tous les \u00e9tudiants.<\/p>\n<p>Quelles alternatives pour les \u00e9tudiants \u00e9trangers exclus des APL<\/p>\n<p>En cas d\u2019adoption du texte, les associations recommandent d\u2019explorer d\u2019autres formes d\u2019aide. Certaines collectivit\u00e9s proposent d\u00e9j\u00e0 des <strong>allocations logement locales<\/strong> ou des partenariats avec des bailleurs sociaux.<\/p>\n<p>Les universit\u00e9s pourraient renforcer leurs fonds de solidarit\u00e9, tandis que les CROUS seraient incit\u00e9s \u00e0 r\u00e9server plus de places aux \u00e9tudiants internationaux en difficult\u00e9. D\u2019autres pistes, comme les bourses des ambassades ou les aides d\u2019organismes priv\u00e9s, pourraient \u00e9galement compenser partiellement la perte.<\/p>\n<p>Si la mesure entre en vigueur, son application concr\u00e8te fera l\u2019objet d\u2019un suivi \u00e9troit par les associations \u00e9tudiantes et les observatoires du logement. Leur objectif : \u00e9viter que cette r\u00e9forme n\u2019aggrave la fracture entre \u00e9tudiants fran\u00e7ais et \u00e9trangers.<\/p>\n","protected":false},"excerpt":{"rendered":"Le projet de budget 2026 pourrait exclure les \u00e9tudiants \u00e9trangers hors UE des APL. Qu\u2019impliquerait cette suppression pour&hellip;\n","protected":false},"author":2,"featured_media":490045,"comment_status":"","ping_status":"","sticky":false,"template":"","format":"standard","meta":{"footnotes":""},"categories":[1586],"tags":[11,31584,1777,674,1779,1011,27,16354,12,61267,25,1778,364],"class_list":{"0":"post-490044","1":"post","2":"type-post","3":"status-publish","4":"format-standard","5":"has-post-thumbnail","7":"category-europe","8":"tag-actualites","9":"tag-aide-gouvernementale","10":"tag-eu","11":"tag-europe","12":"tag-european-union","13":"tag-fr","14":"tag-france","15":"tag-logement-social","16":"tag-news","17":"tag-reforme-logement","18":"tag-republique-francaise","19":"tag-ue","20":"tag-union-europeenne"},"share_on_mastodon":{"url":"https:\/\/pubeurope.com\/@fr\/115437447681664076","error":""},"_links":{"self":[{"href":"https:\/\/www.europesays.com\/fr\/wp-json\/wp\/v2\/posts\/490044","targetHints":{"allow":["GET"]}}],"collection":[{"href":"https:\/\/www.europesays.com\/fr\/wp-json\/wp\/v2\/posts"}],"about":[{"href":"https:\/\/www.europesays.com\/fr\/wp-json\/wp\/v2\/types\/post"}],"author":[{"embeddable":true,"href":"https:\/\/www.europesays.com\/fr\/wp-json\/wp\/v2\/users\/2"}],"replies":[{"embeddable":true,"href":"https:\/\/www.europesays.com\/fr\/wp-json\/wp\/v2\/comments?post=490044"}],"version-history":[{"count":0,"href":"https:\/\/www.europesays.com\/fr\/wp-json\/wp\/v2\/posts\/490044\/revisions"}],"wp:featuredmedia":[{"embeddable":true,"href":"https:\/\/www.europesays.com\/fr\/wp-json\/wp\/v2\/media\/490045"}],"wp:attachment":[{"href":"https:\/\/www.europesays.com\/fr\/wp-json\/wp\/v2\/media?parent=490044"}],"wp:term":[{"taxonomy":"category","embeddable":true,"href":"https:\/\/www.europesays.com\/fr\/wp-json\/wp\/v2\/categories?post=490044"},{"taxonomy":"post_tag","embeddable":true,"href":"https:\/\/www.europesays.com\/fr\/wp-json\/wp\/v2\/tags?post=490044"}],"curies":[{"name":"wp","href":"https:\/\/api.w.org\/{rel}","templated":true}]}}