{"id":490052,"date":"2025-10-25T23:44:10","date_gmt":"2025-10-25T23:44:10","guid":{"rendered":"https:\/\/www.europesays.com\/fr\/490052\/"},"modified":"2025-10-25T23:44:10","modified_gmt":"2025-10-25T23:44:10","slug":"le-champion-tours-enchaine-en-simposant-face-au-plessis-robinson-lequipe","status":"publish","type":"post","link":"https:\/\/www.europesays.com\/fr\/490052\/","title":{"rendered":"Le champion Tours encha\u00eene en s&#039;imposant face au Plessis-Robinson &#8211; L&#039;\u00c9quipe"},"content":{"rendered":"<ol>\n<li><a href=\"https:\/\/news.google.com\/rss\/articles\/CBMiywFBVV95cUxNWE94MG01VmpLUzVIdTJ5dnlqQVRyeUt2cVBwV1hDdmM1MDNQelNJc01oOXNQOUIxUWZFbTRHSnoyRXBvN2dMZHg5LUtpbVRXTXVHeThGSnBUWDBqc3otMTY0R1c1amVqb0NCMnNTVFFYZU5qU2hrWDhoNjdQX1FLT3MyR3lzZzJfOTBsWld0Vno1OXVjQmJ6NlFPdGZBUXQ4bmlFNXdmckViQVFwVlhPNFhJVlBLWjJoOFRNM3RBOGwwcUx0NEVQSGdzRQ?oc=5\" target=\"_blank\" rel=\"nofollow noopener\">Le champion Tours encha\u00eene en s&rsquo;imposant face au Plessis-Robinson<\/a>&nbsp;&nbsp;L&rsquo;\u00c9quipe<\/li>\n<li><a href=\"https:\/\/news.google.com\/rss\/articles\/CBMisgFBVV95cUxQVkduUlFsN3dLVUJOS2d0SWJlSnRWb29tbjVMLXYzRkNWVG81YmJCeWRqRzBLcHpCa09jTXFYcV9HaGYxS005cmZ6ejcwVy01NGVBZjhhOHdyRDQ0WERkR0RYa3lCRWltSDBUMTJkYmt4REJ2dkRiS1ZJSGZCZ3lDNEVmLTF2dkp6RXJHay1ieWNMdlZqdkpJUUZ6WWlDcHlQZFhQcUlfLVIxeHJnR1FRYkdR?oc=5\" target=\"_blank\" rel=\"nofollow noopener\">MSL : le Tours VB encha\u00eene, \u00ab avec la niaque \u00bb, au Plessis-Robinson<\/a>&nbsp;&nbsp;lanouvellerepublique.fr<\/li>\n<li><a href=\"https:\/\/news.google.com\/rss\/articles\/CBMi8AFBVV95cUxPTTRpY1BnOE0tdnZTLXdBZWk5V3JTNkJXNC1RMjFQcGxXYml5azQwUmdlcXVlUEZBcElkb0FLRzhGcmtXMUdJV1JTa1VIRW5rOVQ0bXI3emF3SW1MT0ZYY3E5dkN6RFNqblgtMkMzSE9Xd09NWVRyV0U5bUZCTXk1dEdxUzZuQXJtRU9HVnBTUWQtdzZUSloxV3N4WWRhUGhqRkFLTHMtaDVLMnhTdk9IOHdpdXc3bHBBX2lOUC1yMEQ4U0o5bkNhTTRSQ0pzT2ZqNkdEWnN0WGU5RHlzMDNYeGxBa3VtdlBQU1dWTUhNcDA?oc=5\" target=\"_blank\" rel=\"nofollow noopener\">Volley MSL : Ajaccio corrige Chaumont au Palatinu et d\u00e9croche un premier succ\u00e8s de prestige cette saison<\/a>&nbsp;&nbsp;Corse Matin<\/li>\n<li><a href=\"https:\/\/news.google.com\/rss\/articles\/CBMixgFBVV95cUxNcU9CcDdSRjhidjhrX0pQazhrcmdmNVIxclUzWUk3RjJIOUg0amFnSUR4NFdTeW1WNHhqSk1yQWtpOUF0eUhubEdNOFRCZS1DQ2QtaXBFeFliVGJuQnRuQnV0d0dOYVRLMF8xMkFlMkkwWW5uNHZ4YTNaZ2RibE1hcE1LT1dWaUM3cTRvWDNsT0Q4ak5EYXpfeGVsc0RtakRkWEVERm1OdXgtSnVJT2h0YUdWQ2JodnJuV3I2eUdZTzg3aldxakE?oc=5\" target=\"_blank\" rel=\"nofollow noopener\">Fr\u00e9d\u00e9ric Ferrandez (GFCA Volley) : \u00ab On a su faire preuve d\u2019une grande force collective \u00bb<\/a>&nbsp;&nbsp;Corse Net Infos<\/li>\n<li><a href=\"https:\/\/news.google.com\/rss\/articles\/CBMiW0FVX3lxTE1Tc1hJd3UzX2duMFpYVFBDczltbTJvN1RjVDR3WXRNcXRDbU5HenA0X1FMQVZ2TlRvM3R4Y050R3NfLXlCZUxqcnZKdlFMRUo1SEIyTFhhbGpUY00?oc=5\" target=\"_blank\" rel=\"nofollow noopener\">Le signal d\u2019alarme est d\u00e9j\u00e0 tir\u00e9<\/a>&nbsp;&nbsp;JHM<\/li>\n<\/ol>\n","protected":false},"excerpt":{"rendered":"Le champion Tours encha\u00eene en s&rsquo;imposant face au Plessis-Robinson&nbsp;&nbsp;L&rsquo;\u00c9quipe MSL : le Tours VB encha\u00eene, \u00ab avec la&hellip;\n","protected":false},"author":2,"featured_media":490053,"comment_status":"","ping_status":"","sticky":false,"template":"","format":"standard","meta":{"footnotes":""},"categories":[1417],"tags":[1011,27,60,1470,1469],"class_list":{"0":"post-490052","1":"post","2":"type-post","3":"status-publish","4":"format-standard","5":"has-post-thumbnail","7":"category-volley","8":"tag-fr","9":"tag-france","10":"tag-sports","11":"tag-volley","12":"tag-volleyball"},"share_on_mastodon":{"url":"https:\/\/pubeurope.com\/@fr\/115437467473937472","error":""},"_links":{"self":[{"href":"https:\/\/www.europesays.com\/fr\/wp-json\/wp\/v2\/posts\/490052","targetHints":{"allow":["GET"]}}],"collection":[{"href":"https:\/\/www.europesays.com\/fr\/wp-json\/wp\/v2\/posts"}],"about":[{"href":"https:\/\/www.europesays.com\/fr\/wp-json\/wp\/v2\/types\/post"}],"author":[{"embeddable":true,"href":"https:\/\/www.europesays.com\/fr\/wp-json\/wp\/v2\/users\/2"}],"replies":[{"embeddable":true,"href":"https:\/\/www.europesays.com\/fr\/wp-json\/wp\/v2\/comments?post=490052"}],"version-history":[{"count":0,"href":"https:\/\/www.europesays.com\/fr\/wp-json\/wp\/v2\/posts\/490052\/revisions"}],"wp:featuredmedia":[{"embeddable":true,"href":"https:\/\/www.europesays.com\/fr\/wp-json\/wp\/v2\/media\/490053"}],"wp:attachment":[{"href":"https:\/\/www.europesays.com\/fr\/wp-json\/wp\/v2\/media?parent=490052"}],"wp:term":[{"taxonomy":"category","embeddable":true,"href":"https:\/\/www.europesays.com\/fr\/wp-json\/wp\/v2\/categories?post=490052"},{"taxonomy":"post_tag","embeddable":true,"href":"https:\/\/www.europesays.com\/fr\/wp-json\/wp\/v2\/tags?post=490052"}],"curies":[{"name":"wp","href":"https:\/\/api.w.org\/{rel}","templated":true}]}}