{"id":490056,"date":"2025-10-25T23:46:13","date_gmt":"2025-10-25T23:46:13","guid":{"rendered":"https:\/\/www.europesays.com\/fr\/490056\/"},"modified":"2025-10-25T23:46:13","modified_gmt":"2025-10-25T23:46:13","slug":"je-mattendais-a-ce-quil-change-quelque-chose-apres-pekin","status":"publish","type":"post","link":"https:\/\/www.europesays.com\/fr\/490056\/","title":{"rendered":"\u00ab Je m\u2019attendais \u00e0 ce qu\u2019il change quelque chose apr\u00e8s P\u00e9kin \u00bb"},"content":{"rendered":"<p>                <img decoding=\"async\" src=\"https:\/\/www.europesays.com\/fr\/wp-content\/uploads\/2025\/10\/H6Mo.jpg\" fetchpriority=\"high\" alt=\"Sinner sur De Minaur : \u00ab Je m\u2019attendais \u00e0 ce qu\u2019il change quelque chose apr\u00e8s P\u00e9kin \u00bb\"\/><\/p>\n<p><strong>Jannik Sinner s\u2019est impos\u00e9 face \u00e0 Alex de Minaur et a obtenu sa qualification pour la finale du tournoi de Vienne.<\/strong><\/p>\n<p>L\u2019Italien n\u2019en finit plus d\u2019impressionner le circuit : le joueur de 24 ans a confirm\u00e9 sa sup\u00e9riorit\u00e9 sur Alex de Minaur, infligeant \u00e0 l\u2019Australien sa douzi\u00e8me d\u00e9faite en douze confrontations. N\u00e9anmoins, avec un score de 6-3, 6-4, Sinner a d\u00fb faire face \u00e0 des moments difficiles, notamment lorsque de Minaur a r\u00e9ussi \u00e0 prendre deux fois son service.<\/p>\n<p>Aux micros de l\u2019ATP Tour, il a analys\u00e9 sa performance, revenant \u00e9galement sur leur duel \u00e0 P\u00e9kin le mois dernier (victoire de Sinner en demi-finales, 6-3, 4-6, 6-2) :<\/p>\n<p>\u00ab Le premier set \u00e9tait tr\u00e8s physique, donc je suis content d\u2019avoir gagn\u00e9 en deux. Je m\u2019attendais \u00e0 ce qu\u2019il change quelque chose apr\u00e8s P\u00e9kin, mais je ne veux pas en dire plus. Il sait quoi faire pour me mettre sous pression. Quand vous ne servez pas tr\u00e8s bien, vous \u00eates oblig\u00e9 de jouer plus de points.<\/p>\n<p>J\u2019ai essay\u00e9 d\u2019ouvrir le jeu, avec beaucoup de petites modifications que j\u2019ai essay\u00e9 de mettre en place dans mon tennis. Mais \u00e0 la fin, je suis content de la fa\u00e7on dont j\u2019ai g\u00e9r\u00e9 la partie, surtout d\u2019un point de vue mental. \u00bb<\/p>\n<p><strong>Maintenant, Sinner se pr\u00e9pare pour le dernier acte du tournoi, face \u00e0 l&rsquo;Allemand Alexander Zverev.<\/strong><\/p>\n","protected":false},"excerpt":{"rendered":"Jannik Sinner s\u2019est impos\u00e9 face \u00e0 Alex de Minaur et a obtenu sa qualification pour la finale du&hellip;\n","protected":false},"author":2,"featured_media":490057,"comment_status":"","ping_status":"","sticky":false,"template":"","format":"standard","meta":{"footnotes":""},"categories":[1415],"tags":[1011,27,60,1467],"class_list":{"0":"post-490056","1":"post","2":"type-post","3":"status-publish","4":"format-standard","5":"has-post-thumbnail","7":"category-tennis","8":"tag-fr","9":"tag-france","10":"tag-sports","11":"tag-tennis"},"share_on_mastodon":{"url":"https:\/\/pubeurope.com\/@fr\/115437475821470729","error":""},"_links":{"self":[{"href":"https:\/\/www.europesays.com\/fr\/wp-json\/wp\/v2\/posts\/490056","targetHints":{"allow":["GET"]}}],"collection":[{"href":"https:\/\/www.europesays.com\/fr\/wp-json\/wp\/v2\/posts"}],"about":[{"href":"https:\/\/www.europesays.com\/fr\/wp-json\/wp\/v2\/types\/post"}],"author":[{"embeddable":true,"href":"https:\/\/www.europesays.com\/fr\/wp-json\/wp\/v2\/users\/2"}],"replies":[{"embeddable":true,"href":"https:\/\/www.europesays.com\/fr\/wp-json\/wp\/v2\/comments?post=490056"}],"version-history":[{"count":0,"href":"https:\/\/www.europesays.com\/fr\/wp-json\/wp\/v2\/posts\/490056\/revisions"}],"wp:featuredmedia":[{"embeddable":true,"href":"https:\/\/www.europesays.com\/fr\/wp-json\/wp\/v2\/media\/490057"}],"wp:attachment":[{"href":"https:\/\/www.europesays.com\/fr\/wp-json\/wp\/v2\/media?parent=490056"}],"wp:term":[{"taxonomy":"category","embeddable":true,"href":"https:\/\/www.europesays.com\/fr\/wp-json\/wp\/v2\/categories?post=490056"},{"taxonomy":"post_tag","embeddable":true,"href":"https:\/\/www.europesays.com\/fr\/wp-json\/wp\/v2\/tags?post=490056"}],"curies":[{"name":"wp","href":"https:\/\/api.w.org\/{rel}","templated":true}]}}