{"id":490062,"date":"2025-10-25T23:52:14","date_gmt":"2025-10-25T23:52:14","guid":{"rendered":"https:\/\/www.europesays.com\/fr\/490062\/"},"modified":"2025-10-25T23:52:14","modified_gmt":"2025-10-25T23:52:14","slug":"assez-curieux-jean-louis-aubert-destabilise-en-parlant-de-la-fin-de-vie-de-sa-mere","status":"publish","type":"post","link":"https:\/\/www.europesays.com\/fr\/490062\/","title":{"rendered":"\u00ab\u00a0Assez curieux\u00a0\u00bb : Jean-Louis Aubert d\u00e9stabilis\u00e9 en parlant de la fin de vie de sa m\u00e8re"},"content":{"rendered":"<p data-start=\"278\" data-end=\"1358\">\u00ab\u00a0On peut tout dire\u00a0\u00bb :<br \/>\nc&rsquo;est la devise des rencontres du Papotin diffus\u00e9es sur<br \/>\nFrance 2. L\u2019occasion pour les c\u00e9l\u00e9brit\u00e9s de se livrer <strong>sans<br \/>\nfiltre<\/strong> face \u00e0 une r\u00e9daction qui n\u2019a jamais peur de<br \/>\nbousculer, de surprendre ou d\u2019\u00e9mouvoir. Avec leur spontan\u00e9it\u00e9<br \/>\nd\u00e9sarmante, les journalistes du Papotin savent percer les<br \/>\ncarapaces les plus solides. Ils\u00a0parviennent \u00e0 tirer les vers<br \/>\ndu nez des \u00e2mes pudiques \u00e0 l&rsquo;instar de <a href=\"https:\/\/www.closermag.fr\/people\/benoit-magimel-en-couple-avec-juliette-binoche-ses-rares-confidences-j-ai-essaye-d-etre-dans-la-normalite-1718749\" target=\"_blank\" rel=\"noopener\"><br \/>\nBeno\u00eet Magimel<\/a> qui s&rsquo;\u00e9tait all\u00e9 \u00e0 <strong>quelques rares<br \/>\nconfidences<\/strong> sur <a href=\"https:\/\/www.closermag.fr\/people\/des-pulsions-de-mort-benoit-magimel-sans-ambages-sur-ses-violentes-envies-de-suicide-3433375\" target=\"_blank\" rel=\"noopener\"><br \/>\nses \u00e9pisodes d\u00e9pressifs<\/a>.<\/p>\n<p data-start=\"278\" data-end=\"1358\">Et apr\u00e8s <a href=\"https:\/\/www.closermag.fr\/people\/la-chatte-a-maman-dilatation-valerie-lemercier-na-aucune-limite-yann-barthes-submerge-3577933\" target=\"_blank\" rel=\"noopener\"><br \/>\nVal\u00e9rie Lemercier<\/a>, asticot\u00e9e sur <strong>sa vie<br \/>\namoureuse<\/strong> et <a href=\"https:\/\/www.closermag.fr\/tv_tele_realite\/valerie-lemercier-plus-jeune-que-moi-cueillie-a-froid-elle-se-livre-sur-son-compagnon-3581259\" target=\"_blank\" rel=\"noopener\"><br \/>\nson\u00a0compagnon de plus de vingt ans son cadet<\/a>, c\u2019est au<br \/>\ntour de <strong>Jean-Louis Aubert<\/strong> de se faire gentiment<br \/>\ncuisiner par l\u2019\u00e9quipe du Papotin. <a href=\"https:\/\/www.closermag.fr\/people\/jean-louis-aubert-a-quoi-ressemble-le-moulin-dans-lequel-il-trouve-refuge-a-moins-de-deux-heures-de-paris-3535154\" target=\"_blank\" rel=\"noopener\"><br \/>\nL\u2019ancien leader du groupe T\u00e9l\u00e9phone<\/a>, d\u2019ordinaire tr\u00e8s discret,<br \/>\ns\u2019est retrouv\u00e9 \u00e9mu en \u00e9voquant <strong>sa m\u00e8re r\u00e9cemment<br \/>\ndisparue<\/strong>. \u00ab\u00a0J\u2019\u00e9tais assez proche mais elle est partie<br \/>\ncette ann\u00e9e. C\u2019\u00e9tait assez curieux. Elle \u00e9tait tr\u00e8s gaie mais elle<br \/>\n\u00e9tait un peu perdue\u00a0\u00bb, a-t-il confi\u00e9 avec une sinc\u00e9rit\u00e9<br \/>\nrare.<\/p>\n<p data-start=\"278\" data-end=\"1358\"><a href=\"https:\/\/www.closermag.fr\/people\/jean-louis-aubert-ce-serieux-probleme-de-sante-qui-ne-lui-a-ete-diagnostique-qua-65-ans-3524023\" target=\"_blank\" rel=\"noopener\"><br \/>\nLe chanteur de 70 ans<\/a>, habitu\u00e9 \u00e0 faire vibrer les foules, a<br \/>\nsembl\u00e9 cette fois d\u00e9stabilis\u00e9 par la question. Avec pudeur, il a<br \/>\n\u00e9voqu\u00e9 <strong>les derniers instants<\/strong> de celle qui l\u2019a<br \/>\naccompagn\u00e9 jusqu\u2019au bout. Et malgr\u00e9 la douleur, il n\u2019a pas perdu sa<br \/>\nlumi\u00e8re. \u00ab\u00a0<strong>Elle voulait se marier avec moi \u00e0 la<br \/>\nfin<\/strong>. C\u2019\u00e9tait un peu curieux. Mais c\u2019\u00e9tait un compliment<br \/>\naussi je pense\u00a0\u00bb, a-t-il ajout\u00e9 avec ce m\u00e9lange d\u2019\u00e9motion et<br \/>\nd\u2019humour tendre qui le caract\u00e9rise tant.<\/p>\n<p>Une<br \/>\nconfession intime, sans artifice<\/p>\n<p data-start=\"1409\" data-end=\"2621\">Le public du Papotin a d\u00e9couvert un artiste<br \/>\ntouchant, loin des projecteurs et du rock\u2019n\u2019roll. Depuis <strong>la<br \/>\ndisparition de sa m\u00e8re<\/strong>, survenue en f\u00e9vrier \u00e0 l\u2019\u00e2ge de 95<br \/>\nans, Jean-Louis Aubert s&rsquo;est montr\u00e9 apais\u00e9. En 2020, il confiait au<br \/>\nJDD l\u2019avoir accueillie<br \/>\nchez lui <strong>pendant la pand\u00e9mie<\/strong> pour la prot\u00e9ger. Il<br \/>\ns\u2019en inqui\u00e9tait comme <strong>un fils d\u00e9vou\u00e9<\/strong>, loin du<br \/>\nclich\u00e9 du chanteur rebelle. Et ce lien, il l\u2019avait d\u00e9j\u00e0 c\u00e9l\u00e9br\u00e9<br \/>\npubliquement. En 2015, m\u00e8re et fils \u00e9taient mont\u00e9s ensemble sur<br \/>\nsc\u00e8ne \u00e0 Nantua, sa ville natale. Nicole, p\u00e9tillante, en avait<br \/>\nprofit\u00e9 pour glisser <a href=\"https:\/\/www.closermag.fr\/people\/jean-louis-aubert-son-incroyable-anecdote-avec-le-general-de-gaulle-1267024\" target=\"_blank\" rel=\"noopener\"><br \/>\nune anecdote savoureuse<\/a> : \u00ab\u00a0Jean-Louis a eu l\u2019honneur de<br \/>\ns\u2019asseoir <strong>sur les genoux du g\u00e9n\u00e9ral de Gaulle<br \/>\n!<\/strong>\u00ab\u00a0<\/p>\n<p data-start=\"1409\" data-end=\"2621\">Aujourd\u2019hui, c\u2019est en musique<br \/>\nqu\u2019il continue de rendre hommage \u00e0 sa m\u00e8re. \u00c0 Bordeaux, quelques<br \/>\njours apr\u00e8s son d\u00e9c\u00e8s, il a brav\u00e9 le chagrin pour chanter devant 6<br \/>\n600 personnes. Apr\u00e8s avoir interpr\u00e9t\u00e9 Dis, quand reviendras-tu de Barbara, il a<br \/>\nsimplement l\u00e2ch\u00e9 : \u00ab\u00a0Ce soir, <strong>c\u2019est un peu<br \/>\ncompliqu\u00e9<\/strong> : ma maman est morte il y a deux jours.\u00a0\u00bb<br \/>\nUne d\u00e9claration bouleversante, applaudie dans un silence \u00e9mu.<\/p>\n<p>Jean-Louis Aubert : le<br \/>\nrockeur au c\u0153ur tendre<\/p>\n<p data-start=\"2661\" data-end=\"3483\">Jean-Louis Aubert, \u00e9ternel<br \/>\nadolescent du rock fran\u00e7ais, prouve encore qu\u2019il sait conjuguer<br \/>\n<strong>force et fragilit\u00e9<\/strong>. Derri\u00e8re la guitare, l\u2019artiste<br \/>\nreste <strong>un fils aimant<\/strong>, pudique et sinc\u00e8re. Ses mots<br \/>\nsimples touchent autant que ses m\u00e9lodies. Et si la vie lui a enlev\u00e9<br \/>\nsa m\u00e8re, elle lui a laiss\u00e9 l\u2019essentiel : la tendresse. Sur sc\u00e8ne<br \/>\ncomme \u00e0 l\u2019\u00e9cran, il partage ce fil invisible qui relie les \u00e9motions<br \/>\nles plus brutes \u00e0 la beaut\u00e9 du quotidien.<\/p>\n<p data-start=\"2661\" data-end=\"3483\">Le chanteur, qui parcourt<br \/>\ntoujours la France avec la m\u00eame \u00e9nergie, continue de chanter<br \/>\nl\u2019amour, la vie, la perte, la lumi\u00e8re. Et au fond, c\u2019est peut-\u00eatre<br \/>\ncela, sa vraie force : savoir transformer la tristesse en po\u00e9sie,<br \/>\net la pudeur en art. Au Papotin, il n\u2019a pas seulement r\u00e9pondu \u00e0 des questions.<br \/>\nIl a offert un fragment d\u2019humanit\u00e9. Et \u00e7a, c\u2019est plus fort que tous<br \/>\nles refrains.<\/p>\n","protected":false},"excerpt":{"rendered":"\u00ab\u00a0On peut tout dire\u00a0\u00bb : c&rsquo;est la devise des rencontres du Papotin diffus\u00e9es sur France 2. L\u2019occasion pour&hellip;\n","protected":false},"author":2,"featured_media":490063,"comment_status":"","ping_status":"","sticky":false,"template":"","format":"standard","meta":{"footnotes":""},"categories":[1359],"tags":[548,3983,58,59,652,1011,27,30870,7629,973],"class_list":{"0":"post-490062","1":"post","2":"type-post","3":"status-publish","4":"format-standard","5":"has-post-thumbnail","7":"category-people","8":"tag-article-simple","9":"tag-deces","10":"tag-divertissement","11":"tag-entertainment","12":"tag-famille","13":"tag-fr","14":"tag-france","15":"tag-jean-louis-aubert","16":"tag-maman","17":"tag-people"},"share_on_mastodon":{"url":"https:\/\/pubeurope.com\/@fr\/115437498821987856","error":""},"_links":{"self":[{"href":"https:\/\/www.europesays.com\/fr\/wp-json\/wp\/v2\/posts\/490062","targetHints":{"allow":["GET"]}}],"collection":[{"href":"https:\/\/www.europesays.com\/fr\/wp-json\/wp\/v2\/posts"}],"about":[{"href":"https:\/\/www.europesays.com\/fr\/wp-json\/wp\/v2\/types\/post"}],"author":[{"embeddable":true,"href":"https:\/\/www.europesays.com\/fr\/wp-json\/wp\/v2\/users\/2"}],"replies":[{"embeddable":true,"href":"https:\/\/www.europesays.com\/fr\/wp-json\/wp\/v2\/comments?post=490062"}],"version-history":[{"count":0,"href":"https:\/\/www.europesays.com\/fr\/wp-json\/wp\/v2\/posts\/490062\/revisions"}],"wp:featuredmedia":[{"embeddable":true,"href":"https:\/\/www.europesays.com\/fr\/wp-json\/wp\/v2\/media\/490063"}],"wp:attachment":[{"href":"https:\/\/www.europesays.com\/fr\/wp-json\/wp\/v2\/media?parent=490062"}],"wp:term":[{"taxonomy":"category","embeddable":true,"href":"https:\/\/www.europesays.com\/fr\/wp-json\/wp\/v2\/categories?post=490062"},{"taxonomy":"post_tag","embeddable":true,"href":"https:\/\/www.europesays.com\/fr\/wp-json\/wp\/v2\/tags?post=490062"}],"curies":[{"name":"wp","href":"https:\/\/api.w.org\/{rel}","templated":true}]}}