{"id":490066,"date":"2025-10-25T23:55:22","date_gmt":"2025-10-25T23:55:22","guid":{"rendered":"https:\/\/www.europesays.com\/fr\/490066\/"},"modified":"2025-10-25T23:55:22","modified_gmt":"2025-10-25T23:55:22","slug":"une-saison-3-est-elle-prevue-cette-annonce-en-dit-long-sur-le-futur-de-la-serie","status":"publish","type":"post","link":"https:\/\/www.europesays.com\/fr\/490066\/","title":{"rendered":"Une saison 3 est-elle pr\u00e9vue ? Cette annonce en dit long sur le futur de la s\u00e9rie"},"content":{"rendered":"<p>Les abonn\u00e9s les plus romantiques de Netflix peuvent se d\u00e9lecter de d\u00e9couvrir la saison 2 de Nobody Wants This depuis ce jeudi 23 octobre. Dix \u00e9pisodes qui passent \u00e0 la vitesse de la lumi\u00e8re, de quoi d\u00e9j\u00e0 nous faire nous demander : y aura-t-il une suite ?<\/p>\n<p>Joanne et Noah sont de retour sur Netflix. Le couple form\u00e9 par le jeune rabbin et l&rsquo;animatrice de podcast  voit son histoire se poursuivre avec <a href=\"https:\/\/www.programme-tv.net\/news\/series-tv\/372950-nobody-wants-this-saison-2-netflix-casting-intrigues-les-premieres-infos-sur-la-suite\/\" data-api-deeplink=\"teleloisirs:\/\/news\/372950\" target=\"_blank\" rel=\"noopener\">la seconde saison de Nobody Wants This<\/a>. Les abonn\u00e9s les retrouvent quelques jours apr\u00e8s les \u00e9v\u00e9nements du final de la saison 1, lorsque Noah pr\u00e9f\u00e9rait choisir sa relation avec Joanne, qui n&rsquo;arrivait pas \u00e0 passer le cap de la conversion, plut\u00f4t que sa potentielle promotion en tant que Grand rabbin. Toujours port\u00e9e par<a href=\"https:\/\/www.programme-tv.net\/news\/series-tv\/371954-nobody-wants-this-saison-2-adam-brody-ou-kristen-bell-l-un-des-deux-donnera-la-replique-a-sa-moitie-dans-la-suite\/\" data-api-deeplink=\"teleloisirs:\/\/news\/371954\" target=\"_blank\" rel=\"noopener\"> <\/a><a href=\"https:\/\/www.programme-tv.net\/news\/series-tv\/371766-nobody-wants-this-on-se-chamaille-tout-le-temps-kristen-bell-raconte-comment-son-mari-gere-sa-relation-avec-adam-brody\/\" data-api-deeplink=\"teleloisirs:\/\/news\/371766\" target=\"_blank\" rel=\"noopener\">Kristen Bell (Veronica Mars) et Adam Brody (Newport Beach), <\/a>cette <a href=\"https:\/\/www.programme-tv.net\/news\/series-tv\/390439-nobody-wants-this-pourquoi-on-est-tombe-de-haut-devant-la-saison-2-de-la-serie-netflix\/\" data-api-deeplink=\"teleloisirs:\/\/news\/390439\" target=\"_blank\" rel=\"noopener\">nouvelle salve n&rsquo;a pas malheureusement pas la fra\u00eecheur des premiers \u00e9pisodes,<\/a> mais se regarde avec toujours autant de facilit\u00e9. Certains fans auront peut-\u00eatre d\u00e9j\u00e0 termin\u00e9 les dix \u00e9pisodes de 30 minutes qui composent cette suite et se demandent d\u00e9j\u00e0 si une saison 3 est dans les tuyaux.<\/p>\n<p>                        Nobody Wants This saison 2 : que signifie le final de la s\u00e9rie ?<\/p>\n<p><b>Attention, spoilers.<\/b> L&rsquo;\u00e9pisode final suit la f\u00eate de fian\u00e7ailles de Morgan (Justine Lupe) et du Dr. Andy (Arian Moayed). Joanne et Noah y sont en froid, incertains sur l&rsquo;avenir de leur relation face aux doutes de Joanne sur sa capacit\u00e9 \u00e0 se convertir&#8230; Un arri\u00e8re-go\u00fbt de d\u00e9j\u00e0-vu par rapport au final de la saison 1. Sauf que cette fois, Joanne a une discussion \u00e0 c\u0153ur ouvert avec Esther (Jackie Tohn) sur son rapport au juda\u00efsme qui semble lui ouvrir les yeux. Lorsqu&rsquo;elle retrouve Noah \u00e0 la fin de l&rsquo;\u00e9pisode et qu&rsquo;il lui affirme \u00e0 nouveau qu&rsquo;il ne peut pas vivre sans elle, qu&rsquo;elle est son \u00e2me s\u0153ur, juive ou pas, elle lui r\u00e9pond \u00ab\u00a0Tu as de la chance\u00a0\u00bb. Si la saison 2 s&rsquo;ach\u00e8ve l\u00e0-dessus, on semble comprendre le sous-entendu selon lequel il va pouvoir la choisir et, en plus, elle sera bient\u00f4t juive.<\/p>\n<p>            Nobody Wants This : y aura-t-il une saison 3 ?<\/p>\n<p>Netflix n&rsquo;a encore rien officialis\u00e9 \u00e0 ce jour. Cependant, selon le journal am\u00e9ricain The Hollywood Reporter qui a eu acc\u00e8s \u00e0 l&rsquo;\u00e9quipe de la s\u00e9rie, les sc\u00e9naristes sont d\u00e9j\u00e0 de retour en salle d&rsquo;\u00e9criture pour travailler sur les \u00e9pisodes de la troisi\u00e8me saison. Face \u00e0 la conclusion de la saison 2, on peut facilement imaginer que la suite portera sur le processus de conversion de Joanne.<\/p>\n<p>Pour rappel, la s\u00e9rie<a href=\"https:\/\/www.programme-tv.net\/news\/series-tv\/361571-nobody-wants-this-voici-l-histoire-vraie-qui-a-inspire-la-serie-netflix\/\" data-api-deeplink=\"teleloisirs:\/\/news\/361571\" target=\"_blank\" rel=\"noopener\"> est cr\u00e9\u00e9e et inspir\u00e9e par la vie d&rsquo;Erin Foster,<\/a> qui souhaitait raconter son chemin vers la conversion lorsqu&rsquo;elle a rencontr\u00e9 son mari de confession juive.<\/p>\n","protected":false},"excerpt":{"rendered":"Les abonn\u00e9s les plus romantiques de Netflix peuvent se d\u00e9lecter de d\u00e9couvrir la saison 2 de Nobody Wants&hellip;\n","protected":false},"author":2,"featured_media":490067,"comment_status":"","ping_status":"","sticky":false,"template":"","format":"standard","meta":{"footnotes":""},"categories":[1356],"tags":[60935,244,58,59,1011,27,60934,127,50627,60936,1722,1721,129,252,1364],"class_list":{"0":"post-490066","1":"post","2":"type-post","3":"status-publish","4":"format-standard","5":"has-post-thumbnail","7":"category-television","8":"tag-adam-brody","9":"tag-commentaire","10":"tag-divertissement","11":"tag-entertainment","12":"tag-fr","13":"tag-france","14":"tag-kristen-bell","15":"tag-netflix","16":"tag-nobody-wants-this","17":"tag-nobody-wants-this-su00e9rie-52175454","18":"tag-pub-streaming-netflix","19":"tag-su00e9rie-netflix","20":"tag-svod","21":"tag-television","22":"tag-tv"},"share_on_mastodon":{"url":"https:\/\/pubeurope.com\/@fr\/115437510793874262","error":""},"_links":{"self":[{"href":"https:\/\/www.europesays.com\/fr\/wp-json\/wp\/v2\/posts\/490066","targetHints":{"allow":["GET"]}}],"collection":[{"href":"https:\/\/www.europesays.com\/fr\/wp-json\/wp\/v2\/posts"}],"about":[{"href":"https:\/\/www.europesays.com\/fr\/wp-json\/wp\/v2\/types\/post"}],"author":[{"embeddable":true,"href":"https:\/\/www.europesays.com\/fr\/wp-json\/wp\/v2\/users\/2"}],"replies":[{"embeddable":true,"href":"https:\/\/www.europesays.com\/fr\/wp-json\/wp\/v2\/comments?post=490066"}],"version-history":[{"count":0,"href":"https:\/\/www.europesays.com\/fr\/wp-json\/wp\/v2\/posts\/490066\/revisions"}],"wp:featuredmedia":[{"embeddable":true,"href":"https:\/\/www.europesays.com\/fr\/wp-json\/wp\/v2\/media\/490067"}],"wp:attachment":[{"href":"https:\/\/www.europesays.com\/fr\/wp-json\/wp\/v2\/media?parent=490066"}],"wp:term":[{"taxonomy":"category","embeddable":true,"href":"https:\/\/www.europesays.com\/fr\/wp-json\/wp\/v2\/categories?post=490066"},{"taxonomy":"post_tag","embeddable":true,"href":"https:\/\/www.europesays.com\/fr\/wp-json\/wp\/v2\/tags?post=490066"}],"curies":[{"name":"wp","href":"https:\/\/api.w.org\/{rel}","templated":true}]}}