{"id":490083,"date":"2025-10-26T00:04:12","date_gmt":"2025-10-26T00:04:12","guid":{"rendered":"https:\/\/www.europesays.com\/fr\/490083\/"},"modified":"2025-10-26T00:04:12","modified_gmt":"2025-10-26T00:04:12","slug":"victime-dune-tentative-de-viol-dans-le-rer-c-le-temoignage-poignant-de-jhordana","status":"publish","type":"post","link":"https:\/\/www.europesays.com\/fr\/490083\/","title":{"rendered":"victime d\u2019une tentative de viol dans le RER C, le t\u00e9moignage poignant de Jhordana"},"content":{"rendered":"<p class=\"article-p mdl\">Ces images ont fait le tour des r\u00e9seaux sociaux. On y entend<strong> une femme crier d\u2019effroi. <\/strong>On peut voir un homme qui est repouss\u00e9 par une autre femme, lui disant d\u2019arr\u00eater d\u2019agresser la premi\u00e8re. Sur les images diffus\u00e9es par M6, le visage de l\u2019homme est flout\u00e9.<\/p>\n<p class=\"article-p mdl\">La premi\u00e8re femme, <strong>victime d\u2019une tentative de viol<\/strong>, s\u2019appelle Jhordana. D\u2019origine br\u00e9silienne, elle se trouvait seule dans une voiture du RER C, le 16 octobre, quand <strong>un homme s\u2019est jet\u00e9 sur elle pour tenter de la violer,<\/strong> jusqu\u2019\u00e0 l\u2019intervention de Marguerite, une autre passag\u00e8re.\u00a0<\/p>\n<p class=\"article-p mdl\">Bless\u00e9e au cou et au visage, elle a t\u00e9moign\u00e9 aupr\u00e8s d&rsquo;un m\u00e9dia br\u00e9silien : \u00ab\u00a0La rame \u00e9tait vide.<strong> Il s&rsquo;est assis \u00e0 c\u00f4t\u00e9 de moi, a baiss\u00e9 mon pantalon,<\/strong> m&rsquo;a \u00e9trangl\u00e9e et frapp\u00e9e au visage. J&rsquo;avais le visage recouvert de sang.\u00a0\u00bb\u00a0<\/p>\n<p class=\"article-p mdl\">Son fr\u00e8re, qui habite en France depuis plusieurs ann\u00e9es, est reconnaissant envers Marguerite : \u00ab\u00a0Sans elle, ma s\u0153ur pourrait \u00eatre morte dans le transport.\u00a0\u00bb Il explique qu\u2019elle a <strong>de lourdes cons\u00e9quences traumatiques<\/strong> aujourd\u2019hui. \u00ab\u00a0L\u2019image de l\u2019agresseur revient, surtout la nuit\u00a0\u00bb, elle a \u00ab\u00a0du mal \u00e0 dormir\u00a0\u00bb et \u00ab\u00a0\u00e0 rester toute seule\u00a0\u00bb.<\/p>\n<blockquote class=\"twitter-tweet\">\n<p lang=\"fr\" dir=\"ltr\">Une enqu\u00eate pour tentative de viol a \u00e9t\u00e9 ouverte apr\u00e8s l&rsquo;agression d&rsquo;une br\u00e9silienne de 26 ans dans le RER C \u00e0 Paris. Un suspect a \u00e9t\u00e9 interpell\u00e9 \u00e0 Mantes-la-Jolie (Yvelines) et a \u00e9t\u00e9 plac\u00e9 en garde \u00e0 vue.<\/p>\n<p>\ud83c\udfa5 <a href=\"https:\/\/twitter.com\/LudovicSamain?ref_src=twsrc%5Etfw\" rel=\"nofollow noopener\" target=\"_blank\">@LudovicSamain<\/a> \ud83c\udf99\ufe0f <a href=\"https:\/\/twitter.com\/ya__ga?ref_src=twsrc%5Etfw\" rel=\"nofollow noopener\" target=\"_blank\">@ya__ga<\/a> <a href=\"https:\/\/t.co\/4DPCUUABoF\" rel=\"nofollow\">pic.twitter.com\/4DPCUUABoF<\/a><\/p>\n<p>\u2014 M6 Info (@m6info) <a href=\"https:\/\/twitter.com\/m6info\/status\/1982049645921464368?ref_src=twsrc%5Etfw\" rel=\"nofollow noopener\" target=\"_blank\">October 25, 2025<\/a><\/p><\/blockquote>\n<p>Des t\u00e9moignages d\u2019autres victimes<\/p>\n<p class=\"article-p mdl\">Mais Jhordana n\u2019est malheureusement <strong>pas la premi\u00e8re femme victime d\u2019une telle agression par cet homme. <\/strong>Apr\u00e8s que les images de l\u2019agression ont \u00e9t\u00e9 largement diffus\u00e9es sur les r\u00e9seaux sociaux, d\u2019autres victimes assurent avoir reconnu l\u2019agresseur. Il op\u00e9rerait sur la ligne C du\u00a0<a class=\"link\" href=\"https:\/\/www.rtl.fr\/actu\/justice-faits-divers\/info-rtl-essonne-une-femme-en-urgence-absolue-apres-avoir-ete-poussee-sur-les-rails-du-rer-7900486567\" title=\"INFO RTL - Essonne : une femme en urgence absolue apr\u00e8s avoir \u00e9t\u00e9 pouss\u00e9e sur les rails du RER\" rel=\"nofollow noopener\" target=\"_blank\">RER<\/a>.<\/p>\n<p class=\"article-p mdl\">Apr\u00e8s dix jours de traque, le suspect a \u00e9t\u00e9 retrouv\u00e9 par la brigade des r\u00e9seaux franciliens. Il s&rsquo;agit d&rsquo;un homme de 26 ans qui se dit de nationalit\u00e9 \u00e9gyptienne. <strong>Il a \u00e9t\u00e9 arr\u00eat\u00e9 et plac\u00e9 en garde-\u00e0-vue<\/strong> dans la soir\u00e9e du 24 octobre. La police est toujours \u00e0 la recherche d&rsquo;autres victimes.\u00a0<\/p>\n<p class=\"article-p mdl\">Si vous \u00eates t\u00e9moin d&rsquo;une situation similaire, la RATP et la SNCF rappellent certains r\u00e9flexes \u00e0 adopter. <strong>Il faut faire diversion, demander l&rsquo;aide d&rsquo;une autre personne, filmer discr\u00e8tement et surtout sommer le harceleur d\u2019arr\u00eater<\/strong>. Le num\u00e9ro d&rsquo;urgence, le 3117, peut \u00e9galement \u00eatre compos\u00e9 sur l&rsquo;ensemble du r\u00e9seau ferr\u00e9.<\/p>\n<p class=\"article-p mdl\">Pour rappel, une\u00a0<a class=\"link\" href=\"https:\/\/www.rtl.fr\/actu\/international\/coree-du-sud-60-ans-apres-sa-condamnation-pour-s-etre-defendue-d-une-tentative-de-viol-elle-est-finalement-acquittee-7900539823\" title=\"Cor\u00e9e du Sud : 60 ans apr\u00e8s sa condamnation pour s\u2019\u00eatre d\u00e9fendue d\u2019une tentative de viol, elle est finalement acquitt\u00e9e\" rel=\"nofollow noopener\" target=\"_blank\">tentative de viol<\/a>\u00a0peut \u00eatre punie de <strong>15 ans de prison,<\/strong> selon l\u2019article 121\u20114 du Code p\u00e9nal. Des circonstances aggravantes, telles que la violence, peut faire monter la peine jusqu&rsquo;\u00e0 <strong>20 ans de prison.\u00a0<\/strong><\/p>\n<p>    La r\u00e9daction vous recommande<\/p>\n<p class=\"s-newsletter__title\">\n                L\u2019actualit\u00e9 par la r\u00e9daction de RTL dans votre bo\u00eete mail.\n            <\/p>\n<p class=\"s-newsletter__subtitle\">\n                Gr\u00e2ce \u00e0 votre compte RTL abonnez-vous \u00e0 la newsletter RTL info pour suivre toute l&rsquo;actualit\u00e9 au quotidien\n            <\/p>\n<p>\n                                    Lire la suite\n                                <\/p>\n<p>                            <script async src=\"https:\/\/platform.twitter.com\/widgets.js\" charset=\"utf-8\"><\/script><\/p>\n","protected":false},"excerpt":{"rendered":"Ces images ont fait le tour des r\u00e9seaux sociaux. On y entend une femme crier d\u2019effroi. On peut&hellip;\n","protected":false},"author":2,"featured_media":490084,"comment_status":"","ping_status":"","sticky":false,"template":"","format":"standard","meta":{"footnotes":""},"categories":[4],"tags":[11,1120,118,107,1011,27,662,12,25,12396,1265,809],"class_list":{"0":"post-490083","1":"post","2":"type-post","3":"status-publish","4":"format-standard","5":"has-post-thumbnail","7":"category-france","8":"tag-actualites","9":"tag-agression","10":"tag-faits-divers","11":"tag-fil-info","12":"tag-fr","13":"tag-france","14":"tag-ile-de-france","15":"tag-news","16":"tag-republique-francaise","17":"tag-rer","18":"tag-viol","19":"tag-violence"},"share_on_mastodon":{"url":"https:\/\/pubeurope.com\/@fr\/115437546815466927","error":""},"_links":{"self":[{"href":"https:\/\/www.europesays.com\/fr\/wp-json\/wp\/v2\/posts\/490083","targetHints":{"allow":["GET"]}}],"collection":[{"href":"https:\/\/www.europesays.com\/fr\/wp-json\/wp\/v2\/posts"}],"about":[{"href":"https:\/\/www.europesays.com\/fr\/wp-json\/wp\/v2\/types\/post"}],"author":[{"embeddable":true,"href":"https:\/\/www.europesays.com\/fr\/wp-json\/wp\/v2\/users\/2"}],"replies":[{"embeddable":true,"href":"https:\/\/www.europesays.com\/fr\/wp-json\/wp\/v2\/comments?post=490083"}],"version-history":[{"count":0,"href":"https:\/\/www.europesays.com\/fr\/wp-json\/wp\/v2\/posts\/490083\/revisions"}],"wp:featuredmedia":[{"embeddable":true,"href":"https:\/\/www.europesays.com\/fr\/wp-json\/wp\/v2\/media\/490084"}],"wp:attachment":[{"href":"https:\/\/www.europesays.com\/fr\/wp-json\/wp\/v2\/media?parent=490083"}],"wp:term":[{"taxonomy":"category","embeddable":true,"href":"https:\/\/www.europesays.com\/fr\/wp-json\/wp\/v2\/categories?post=490083"},{"taxonomy":"post_tag","embeddable":true,"href":"https:\/\/www.europesays.com\/fr\/wp-json\/wp\/v2\/tags?post=490083"}],"curies":[{"name":"wp","href":"https:\/\/api.w.org\/{rel}","templated":true}]}}