{"id":490085,"date":"2025-10-26T00:05:16","date_gmt":"2025-10-26T00:05:16","guid":{"rendered":"https:\/\/www.europesays.com\/fr\/490085\/"},"modified":"2025-10-26T00:05:16","modified_gmt":"2025-10-26T00:05:16","slug":"en-irlande-la-candidate-de-gauche-elue-presidente-incarne-les-aspirations-de-la-societe-mediapart","status":"publish","type":"post","link":"https:\/\/www.europesays.com\/fr\/490085\/","title":{"rendered":"En Irlande, la candidate de gauche \u00e9lue pr\u00e9sidente incarne \u00ab les aspirations \u00bb de la soci\u00e9t\u00e9 &#8211; Mediapart"},"content":{"rendered":"<ol>\n<li><a href=\"https:\/\/news.google.com\/rss\/articles\/CBMi2AFBVV95cUxNcTE1aHdVOWRjSVlLYmplel9RWkZhb2hvNHhiNHo4N05kbU1HQ2VBR0dtYVpNUnl5aEFCQXhQaUZJMXdYaEdnR1JJTHFYdVhFdnI1VksyMldtR0UxZnU5Rk1oaXhSWWttaTlKUmJobWVzV2tKQU5nQ3oxb2VqTkkwRWRtWG1DSjVpRWtRMDktdjBOQXU5S2xYMXVGSkRwWk5KZEs4NjR5NzhqamgzWEl3TjFDc3NrUWh0YzdmTVIySk1rRXVpQXdfU2hScXY4VW9YYU1OT0diWk0?oc=5\" target=\"_blank\" rel=\"noopener\">En Irlande, la candidate de gauche \u00e9lue pr\u00e9sidente incarne \u00ab les aspirations \u00bb de la soci\u00e9t\u00e9<\/a>&nbsp;&nbsp;Mediapart<\/li>\n<li><a href=\"https:\/\/news.google.com\/rss\/articles\/CBMi-wFBVV95cUxQbDI4cERHNE83cG9aU0NtN1k3NkZhTGZoTXhmdTBjdm9vNzU2bnYzcFBOdDRndGQwUVhKLU9wMG1DZFNFUVVjUHNINldReTg0ampRLWNJc0tIdVpDR0kzLV9sQXdIWFpGRkc1M3k3LWlkdGFqaGsyakJrUjFGOXpsM0pJQ1FjX2d0MTlwdWVQNFVrOEREdFlBcWJtZ0ZIR2tyNEVLTDBQQ1RBdDFRbW1PYk15MFdTOHVDNFB6SExqc2Z4QW1BaENEMjRheWtBVTdPTmlQenpsV2U2Ny0yWU93eWtaRGFZcTB1TkhZbklsRkpOaTdyYmk0LUlQVQ?oc=5\" target=\"_blank\" rel=\"noopener\">Irlande : soutenue par la gauche, Catherine Connolly remporte l\u2019\u00e9lection pr\u00e9sidentielle<\/a>&nbsp;&nbsp;Lib\u00e9ration<\/li>\n<li><a href=\"https:\/\/news.google.com\/rss\/articles\/CBMi1wFBVV95cUxQdUw3OHBPLUlTZlFvNGt2aEx0N3dQUURGWGdseU81cUhTR2NKRHNmTHN2US0zQkJ5T0pwUGEzX1RjZFFfTlBDR0taN01ZZ0dCbU44R0Y3VE52UW5IR3RaVmFHN1BmVXJZQkliTlVpVHVMWDlNTWRSVktQbjNSelRZdWd0NG1qM29SRHlZU3UtSlEyUndDb3ZoT2FBRFJ5Y19iTHNrR2ZCdHlBRF9vVmc1WndVUnJ0ZzQxMFRFZW9YbHg3UldILWxuNVBxZW92X25idVFGcUcyMA?oc=5\" target=\"_blank\" rel=\"noopener\">Irlande : victoire \u00e9crasante \u00e0 la pr\u00e9sidentielle de la candidate de gauche Catherine Connolly<\/a>&nbsp;&nbsp;Actualit\u00e9s \u2013 Orange<\/li>\n<li><a href=\"https:\/\/news.google.com\/rss\/articles\/CBMi0AFBVV95cUxPXzc0ckE1VXQyWElJcWtSY3h2Zk1CaEdPZHg1TlJaZmc3Qk9MZjVyT3piVzUxZ05VZDBRSmN1Z1NZZTlIUFdabTRvbzMzU0k3RVR5el9NWmVPNHVMN2VTTDViTllkbHYzYmZRT3RMUFZvN1lGWmNTOVVTTGVnZmpHUWR2RXhPNWl6ekpWZjZaTGFNZm8yaWxhUFI1U1hWYVNwams0bFEyN2VuVkplOVVVWXMzeHA5S3VrTWl4ZnRtcGZJckxvc05qV1E1UHB4UFMx?oc=5\" target=\"_blank\" rel=\"noopener\">Qui est Catherine Connolly, la future pr\u00e9sidente irlandaise ?<\/a>&nbsp;&nbsp;20 Minutes<\/li>\n<li><a href=\"https:\/\/news.google.com\/rss\/articles\/CBMi7wFBVV95cUxPcHd1MlFrNlE3cXV2RXB6d2Z4enlLYzd4aXFtcW1RUV85aUlNaEhtRkkySExjZDhGb3ViZkFvRXR3azFvU1JSZHNwSTFxbFNZYm52LVRfTFh5LTNVMmdhOFBDNmdUQW1ZVkE3OHktb3UydnFqdUhiR1d0VjhMblRjc1NPNTdyMWF5Q09JNWoxc0UtZjJfZjBROVNRVkVMemtVTzBTQ3EtaGJjbjR1bEUyZFEyU3hqdkhacDROc0FJQVl6T1pOUWN3UWlCUW43dW12T0V6VHNEOUpGY004ak1SOEVibFF6OTFwdXlETkRZbw?oc=5\" target=\"_blank\" rel=\"noopener\">Irlande : qui est Catherine Connolly, pr\u00e9sidente de gauche, pro-palestinienne et anti-militariste<\/a>&nbsp;&nbsp;L&rsquo;Express<\/li>\n<\/ol>\n","protected":false},"excerpt":{"rendered":"En Irlande, la candidate de gauche \u00e9lue pr\u00e9sidente incarne \u00ab les aspirations \u00bb de la soci\u00e9t\u00e9&nbsp;&nbsp;Mediapart Irlande :&hellip;\n","protected":false},"author":2,"featured_media":490086,"comment_status":"","ping_status":"","sticky":false,"template":"","format":"standard","meta":{"footnotes":""},"categories":[2],"tags":[11,674,1011,27,516,12,3518],"class_list":{"0":"post-490085","1":"post","2":"type-post","3":"status-publish","4":"format-standard","5":"has-post-thumbnail","7":"category-actualites","8":"tag-actualites","9":"tag-europe","10":"tag-fr","11":"tag-france","12":"tag-irlande","13":"tag-news","14":"tag-palestine"},"share_on_mastodon":{"url":"https:\/\/pubeurope.com\/@fr\/115437549870825704","error":""},"_links":{"self":[{"href":"https:\/\/www.europesays.com\/fr\/wp-json\/wp\/v2\/posts\/490085","targetHints":{"allow":["GET"]}}],"collection":[{"href":"https:\/\/www.europesays.com\/fr\/wp-json\/wp\/v2\/posts"}],"about":[{"href":"https:\/\/www.europesays.com\/fr\/wp-json\/wp\/v2\/types\/post"}],"author":[{"embeddable":true,"href":"https:\/\/www.europesays.com\/fr\/wp-json\/wp\/v2\/users\/2"}],"replies":[{"embeddable":true,"href":"https:\/\/www.europesays.com\/fr\/wp-json\/wp\/v2\/comments?post=490085"}],"version-history":[{"count":0,"href":"https:\/\/www.europesays.com\/fr\/wp-json\/wp\/v2\/posts\/490085\/revisions"}],"wp:featuredmedia":[{"embeddable":true,"href":"https:\/\/www.europesays.com\/fr\/wp-json\/wp\/v2\/media\/490086"}],"wp:attachment":[{"href":"https:\/\/www.europesays.com\/fr\/wp-json\/wp\/v2\/media?parent=490085"}],"wp:term":[{"taxonomy":"category","embeddable":true,"href":"https:\/\/www.europesays.com\/fr\/wp-json\/wp\/v2\/categories?post=490085"},{"taxonomy":"post_tag","embeddable":true,"href":"https:\/\/www.europesays.com\/fr\/wp-json\/wp\/v2\/tags?post=490085"}],"curies":[{"name":"wp","href":"https:\/\/api.w.org\/{rel}","templated":true}]}}