{"id":490089,"date":"2025-10-26T00:10:59","date_gmt":"2025-10-26T00:10:59","guid":{"rendered":"https:\/\/www.europesays.com\/fr\/490089\/"},"modified":"2025-10-26T00:10:59","modified_gmt":"2025-10-26T00:10:59","slug":"nancy-spectacle-cirque-arlette-gruss","status":"publish","type":"post","link":"https:\/\/www.europesays.com\/fr\/490089\/","title":{"rendered":"NANCY > SPECTACLE > CIRQUE ARLETTE GRUSS"},"content":{"rendered":"<p><strong>Le cirque Arlette Gruss fait escale \u00e0 Nancy avec son nouveau spectacle \u00ab\u00a0Parenth\u00e8se\u00a0\u00bb<\/strong><\/p>\n<p><a href=\"https:\/\/www.info-lux.com\/wp-content\/uploads\/2025\/10\/IMG_2647-scaled.jpeg\" target=\"_blank\" rel=\"noopener\"><img loading=\"lazy\" decoding=\"async\" width=\"1024\" height=\"683\" src=\"https:\/\/www.europesays.com\/fr\/wp-content\/uploads\/2025\/10\/IMG_2647-1024x683.jpeg\" alt=\"\" class=\"wp-image-1519790\"\/><\/a>NANCY &gt; SPECTACLE &gt; CIRQUE ARLETTE GRUSS<\/p>\n<p class=\"has-medium-font-size\">Le grand chapiteau rouge et blanc du <strong>Cirque<\/strong> <strong>Arlette Gruss<\/strong> s\u2019est install\u00e9 \u00e0 Nancy pour pr\u00e9senter son tout nouveau spectacle \u00ab <strong>Parenth\u00e8se<\/strong> \u00bb, \u00e9dition 2025-2026. Fid\u00e8le \u00e0 sa r\u00e9putation d\u2019excellence, la c\u00e9l\u00e8bre famille Gruss offre cette ann\u00e9e encore un show \u00e9blouissant, m\u00ealant modernit\u00e9, humour, prouesses techniques et tradition.<\/p>\n<p>Une \u00ab\u00a0parenth\u00e8se\u00a0\u00bb hors du temps<\/p>\n<p class=\"has-medium-font-size\">D\u00e8s les premi\u00e8res minutes, le ton est donn\u00e9 : le public entre dans une <strong>parenth\u00e8se magique<\/strong>, o\u00f9 l\u2019\u00e9l\u00e9gance du cirque traditionnel rencontre la mise en sc\u00e8ne contemporaine.<\/p>\n<p class=\"has-medium-font-size\">Aux commandes, <strong>Arthur Vereano Huard<\/strong>, le Ma\u00eetre Loyal du cirque, <strong>v\u00e9ritable couteau suisse du spectacle<\/strong>, encha\u00eene les talents : danse, humour, adresse avec ses fl\u00e9chettes, et m\u00eame une petite touche de d\u00e9rision avec une blague savoureuse sur les livraisons Amazon, clin d\u2019\u0153il complice avec le clown de la troupe, Francesco Fratellini.<\/p>\n<p><a href=\"https:\/\/www.info-lux.com\/wp-content\/uploads\/2025\/10\/IMG_2610-scaled.jpeg\" target=\"_blank\" rel=\"noopener\"><img loading=\"lazy\" decoding=\"async\" width=\"683\" height=\"1024\" data-id=\"1519756\" src=\"https:\/\/www.europesays.com\/fr\/wp-content\/uploads\/2025\/10\/IMG_2610-683x1024.jpeg\" alt=\"\" class=\"wp-image-1519756\"\/><\/a><\/p>\n<p><a href=\"https:\/\/www.info-lux.com\/wp-content\/uploads\/2025\/10\/IMG_2609-scaled.jpeg\" target=\"_blank\" rel=\"noopener\"><img loading=\"lazy\" decoding=\"async\" width=\"683\" height=\"1024\" data-id=\"1519757\" src=\"https:\/\/www.europesays.com\/fr\/wp-content\/uploads\/2025\/10\/IMG_2609-683x1024.jpeg\" alt=\"\" class=\"wp-image-1519757\"\/><\/a><\/p>\n<p><a href=\"https:\/\/www.info-lux.com\/wp-content\/uploads\/2025\/10\/IMG_2602-scaled.jpeg\" target=\"_blank\" rel=\"noopener\"><img loading=\"lazy\" decoding=\"async\" width=\"683\" height=\"1024\" data-id=\"1519764\" src=\"https:\/\/www.europesays.com\/fr\/wp-content\/uploads\/2025\/10\/IMG_2602-683x1024.jpeg\" alt=\"\" class=\"wp-image-1519764\"\/><\/a><\/p>\n<p><a href=\"https:\/\/www.info-lux.com\/wp-content\/uploads\/2025\/10\/IMG_2628-scaled.jpeg\" target=\"_blank\" rel=\"noopener\"><img loading=\"lazy\" decoding=\"async\" width=\"683\" height=\"1024\" data-id=\"1519738\" src=\"https:\/\/www.europesays.com\/fr\/wp-content\/uploads\/2025\/10\/IMG_2628-683x1024.jpeg\" alt=\"\" class=\"wp-image-1519738\"\/><\/a><\/p>\n<p><a href=\"https:\/\/www.info-lux.com\/wp-content\/uploads\/2025\/10\/IMG_2630-scaled.jpeg\" target=\"_blank\" rel=\"noopener\"><img loading=\"lazy\" decoding=\"async\" width=\"683\" height=\"1024\" data-id=\"1519736\" src=\"https:\/\/www.europesays.com\/fr\/wp-content\/uploads\/2025\/10\/IMG_2630-683x1024.jpeg\" alt=\"\" class=\"wp-image-1519736\"\/><\/a><\/p>\n<p><a href=\"https:\/\/www.info-lux.com\/wp-content\/uploads\/2025\/10\/IMG_2645-scaled.jpeg\" target=\"_blank\" rel=\"noopener\"><img loading=\"lazy\" decoding=\"async\" width=\"683\" height=\"1024\" data-id=\"1519720\" src=\"https:\/\/www.europesays.com\/fr\/wp-content\/uploads\/2025\/10\/IMG_2645-683x1024.jpeg\" alt=\"\" class=\"wp-image-1519720\"\/><\/a><br \/>\nNANCY &gt; SPECTACLE &gt; CIRQUE ARLETTE GRUSS &gt; FRANCESCO FRATTELINI ET ARTHUR VEREANO HUARD<\/p>\n<p>Des num\u00e9ros d\u2019exception<\/p>\n<p class=\"has-medium-font-size\">Le c\u0153ur du spectacle bat au rythme des num\u00e9ros \u00e9poustouflants :<\/p>\n<ul class=\"wp-block-list\">\n<li>Le <strong>num\u00e9ro \u00e9questre traditionnel<\/strong> men\u00e9 par <strong>Linda Biasini-Gruss<\/strong> et<strong> Laura-Maria Gruss<\/strong>, symbole de l\u2019\u00e9l\u00e9gance et du savoir-faire familial.<\/li>\n<\/ul>\n<p><a href=\"https:\/\/www.info-lux.com\/wp-content\/uploads\/2025\/10\/IMG_2625-scaled.jpeg\" target=\"_blank\" rel=\"noopener\"><img loading=\"lazy\" decoding=\"async\" width=\"1024\" height=\"683\" data-id=\"1519743\" src=\"https:\/\/www.europesays.com\/fr\/wp-content\/uploads\/2025\/10\/IMG_2625-1024x683.jpeg\" alt=\"\" class=\"wp-image-1519743\"\/><\/a><\/p>\n<p><a href=\"https:\/\/www.info-lux.com\/wp-content\/uploads\/2025\/10\/IMG_2627-scaled.jpeg\" target=\"_blank\" rel=\"noopener\"><img loading=\"lazy\" decoding=\"async\" width=\"1024\" height=\"683\" data-id=\"1519739\" src=\"https:\/\/www.europesays.com\/fr\/wp-content\/uploads\/2025\/10\/IMG_2627-1024x683.jpeg\" alt=\"\" class=\"wp-image-1519739\"\/><\/a><\/p>\n<p><a href=\"https:\/\/www.info-lux.com\/wp-content\/uploads\/2025\/10\/IMG_2657-scaled.jpeg\" target=\"_blank\" rel=\"noopener\"><img loading=\"lazy\" decoding=\"async\" width=\"1024\" height=\"683\" data-id=\"1519793\" src=\"https:\/\/www.europesays.com\/fr\/wp-content\/uploads\/2025\/10\/IMG_2657-1024x683.jpeg\" alt=\"\" class=\"wp-image-1519793\"\/><\/a><br \/>\nNANCY &gt; SPECTACLE &gt; CIRQUE ARLETTE GRUSS &gt; LINDA BIASINI-GRUSS ET LAURA-MARIA GRUSS<\/p>\n<ul class=\"wp-block-list\">\n<li><strong>Francesco Fratellini<\/strong>, clown charismatique et h\u00e9ritier d\u2019une longue lign\u00e9e d\u2019artistes, fait \u00e9clater de rire petits et grands, <strong>m\u00ealant \u00e9motion et burlesque <\/strong>avec un talent rare.<\/li>\n<\/ul>\n<p><a href=\"https:\/\/www.info-lux.com\/wp-content\/uploads\/2025\/10\/IMG_2605-scaled.jpeg\" target=\"_blank\" rel=\"noopener\"><img loading=\"lazy\" decoding=\"async\" width=\"683\" height=\"1024\" data-id=\"1519761\" src=\"https:\/\/www.europesays.com\/fr\/wp-content\/uploads\/2025\/10\/IMG_2605-683x1024.jpeg\" alt=\"\" class=\"wp-image-1519761\"\/><\/a><\/p>\n<p><a href=\"https:\/\/www.info-lux.com\/wp-content\/uploads\/2025\/10\/IMG_2609-scaled.jpeg\" target=\"_blank\" rel=\"noopener\"><img loading=\"lazy\" decoding=\"async\" width=\"683\" height=\"1024\" data-id=\"1519757\" src=\"https:\/\/www.europesays.com\/fr\/wp-content\/uploads\/2025\/10\/IMG_2609-683x1024.jpeg\" alt=\"\" class=\"wp-image-1519757\"\/><\/a><\/p>\n<p><a href=\"https:\/\/www.info-lux.com\/wp-content\/uploads\/2025\/10\/IMG_2610-scaled.jpeg\" target=\"_blank\" rel=\"noopener\"><img loading=\"lazy\" decoding=\"async\" width=\"683\" height=\"1024\" data-id=\"1519756\" src=\"https:\/\/www.europesays.com\/fr\/wp-content\/uploads\/2025\/10\/IMG_2610-683x1024.jpeg\" alt=\"\" class=\"wp-image-1519756\"\/><\/a><\/p>\n<p><a href=\"https:\/\/www.info-lux.com\/wp-content\/uploads\/2025\/10\/IMG_2629-scaled.jpeg\" target=\"_blank\" rel=\"noopener\"><img loading=\"lazy\" decoding=\"async\" width=\"683\" height=\"1024\" data-id=\"1519737\" src=\"https:\/\/www.europesays.com\/fr\/wp-content\/uploads\/2025\/10\/IMG_2629-683x1024.jpeg\" alt=\"\" class=\"wp-image-1519737\"\/><\/a><\/p>\n<p><a href=\"https:\/\/www.info-lux.com\/wp-content\/uploads\/2025\/10\/IMG_2645-scaled.jpeg\" target=\"_blank\" rel=\"noopener\"><img loading=\"lazy\" decoding=\"async\" width=\"683\" height=\"1024\" data-id=\"1519720\" src=\"https:\/\/www.europesays.com\/fr\/wp-content\/uploads\/2025\/10\/IMG_2645-683x1024.jpeg\" alt=\"\" class=\"wp-image-1519720\"\/><\/a><\/p>\n<p><a href=\"https:\/\/www.info-lux.com\/wp-content\/uploads\/2025\/10\/IMG_2637-scaled.jpeg\" target=\"_blank\" rel=\"noopener\"><img loading=\"lazy\" decoding=\"async\" width=\"683\" height=\"1024\" data-id=\"1519724\" src=\"https:\/\/www.europesays.com\/fr\/wp-content\/uploads\/2025\/10\/IMG_2637-683x1024.jpeg\" alt=\"\" class=\"wp-image-1519724\"\/><\/a><br \/>\nNANCY &gt; SPECTACLE &gt; CIRQUE ARLETTE GRUSS &gt; FRANCESCO FRATELLINI<\/p>\n<ul class=\"wp-block-list\">\n<li>Tout droit venu du Japon, <strong>Toa Hattori<\/strong> impressionne par sa ma\u00eetrise de la<strong> corde \u00e0 sauter acrobatique<\/strong>, un num\u00e9ro \u00e9nergique et parfaitement synchronis\u00e9.<\/li>\n<\/ul>\n<p><a href=\"https:\/\/www.info-lux.com\/wp-content\/uploads\/2025\/10\/IMG_2612-scaled.jpeg\" target=\"_blank\" rel=\"noopener\"><img loading=\"lazy\" decoding=\"async\" width=\"683\" height=\"1024\" data-id=\"1519754\" src=\"https:\/\/www.europesays.com\/fr\/wp-content\/uploads\/2025\/10\/IMG_2612-683x1024.jpeg\" alt=\"\" class=\"wp-image-1519754\"\/><\/a><\/p>\n<p><a href=\"https:\/\/www.info-lux.com\/wp-content\/uploads\/2025\/10\/IMG_2653-scaled.jpeg\" target=\"_blank\" rel=\"noopener\"><img loading=\"lazy\" decoding=\"async\" width=\"683\" height=\"1024\" data-id=\"1519797\" src=\"https:\/\/www.europesays.com\/fr\/wp-content\/uploads\/2025\/10\/IMG_2653-683x1024.jpeg\" alt=\"\" class=\"wp-image-1519797\"\/><\/a><\/p>\n<p><a href=\"https:\/\/www.info-lux.com\/wp-content\/uploads\/2025\/10\/IMG_2655-scaled.jpeg\" target=\"_blank\" rel=\"noopener\"><img loading=\"lazy\" decoding=\"async\" width=\"683\" height=\"1024\" data-id=\"1519795\" src=\"https:\/\/www.europesays.com\/fr\/wp-content\/uploads\/2025\/10\/IMG_2655-683x1024.jpeg\" alt=\"\" class=\"wp-image-1519795\"\/><\/a><br \/>\nNANCY &gt; SPECTACLE &gt; CIRQUE ARLETTE GRUSS &gt; TOA HATTORI<\/p>\n<ul class=\"wp-block-list\">\n<li><strong>Sara Florees et \u00c9l\u00e9a Broger<\/strong> font virevolter leurs <strong>spirales a\u00e9riennes<\/strong> dans un ballet suspendu, accompagn\u00e9es de danseurs lumineux au centre de la piste.<\/li>\n<\/ul>\n<p><a href=\"https:\/\/www.info-lux.com\/wp-content\/uploads\/2025\/10\/IMG_2626-scaled.jpeg\" target=\"_blank\" rel=\"noopener\"><img loading=\"lazy\" decoding=\"async\" width=\"1024\" height=\"683\" data-id=\"1519744\" src=\"https:\/\/www.europesays.com\/fr\/wp-content\/uploads\/2025\/10\/IMG_2626-1024x683.jpeg\" alt=\"\" class=\"wp-image-1519744\"\/><\/a><\/p>\n<p><a href=\"https:\/\/www.info-lux.com\/wp-content\/uploads\/2025\/10\/IMG_2624-scaled.jpeg\" target=\"_blank\" rel=\"noopener\"><img loading=\"lazy\" decoding=\"async\" width=\"1024\" height=\"683\" data-id=\"1519742\" src=\"https:\/\/www.europesays.com\/fr\/wp-content\/uploads\/2025\/10\/IMG_2624-1024x683.jpeg\" alt=\"\" class=\"wp-image-1519742\"\/><\/a><\/p>\n<p><a href=\"https:\/\/www.info-lux.com\/wp-content\/uploads\/2025\/10\/IMG_2622-scaled.jpeg\" target=\"_blank\" rel=\"noopener\"><img decoding=\"async\" data-id=\"1519740\" src=\"https:\/\/www.info-lux.com\/wp-content\/uploads\/2025\/10\/IMG_2622-1024x683.jpeg\" alt=\"\" class=\"wp-image-1519740\"\/><\/a><br \/>\nNANCY &gt; SPECTACLE &gt; CIRQUE ARLETTE GRUSS &gt; SARA FLOREES ET ELEA BROGER<\/p>\n<ul class=\"wp-block-list\">\n<li>Moment fort du spectacle : le main \u00e0 main entre <strong>Eros et Alexis Gruss, fr\u00e8re et s\u0153ur unis dans un num\u00e9ro de force, de complicit\u00e9 et de confiance absolue.<\/strong><\/li>\n<\/ul>\n<p><a href=\"https:\/\/www.info-lux.com\/wp-content\/uploads\/2025\/10\/IMG_2654-scaled.jpeg\" target=\"_blank\" rel=\"noopener\"><img loading=\"lazy\" decoding=\"async\" width=\"683\" height=\"1024\" data-id=\"1519796\" src=\"https:\/\/www.europesays.com\/fr\/wp-content\/uploads\/2025\/10\/IMG_2654-683x1024.jpeg\" alt=\"\" class=\"wp-image-1519796\"\/><\/a><\/p>\n<p><a href=\"https:\/\/www.info-lux.com\/wp-content\/uploads\/2025\/10\/IMG_2631-scaled.jpeg\" target=\"_blank\" rel=\"noopener\"><img loading=\"lazy\" decoding=\"async\" width=\"683\" height=\"1024\" data-id=\"1519735\" src=\"https:\/\/www.europesays.com\/fr\/wp-content\/uploads\/2025\/10\/IMG_2631-683x1024.jpeg\" alt=\"\" class=\"wp-image-1519735\"\/><\/a><\/p>\n<p><a href=\"https:\/\/www.info-lux.com\/wp-content\/uploads\/2025\/10\/IMG_2656-scaled.jpeg\" target=\"_blank\" rel=\"noopener\"><img loading=\"lazy\" decoding=\"async\" width=\"1024\" height=\"683\" data-id=\"1519794\" src=\"https:\/\/www.europesays.com\/fr\/wp-content\/uploads\/2025\/10\/IMG_2656-1024x683.jpeg\" alt=\"\" class=\"wp-image-1519794\"\/><\/a><br \/>\nNANCY &gt; SPECTACLE &gt; CIRQUE ARLETTE GRUSS &gt; EROS ET ALEXIS GRUSS<\/p>\n<ul class=\"wp-block-list\">\n<li>Et pour conclure en apoth\u00e9ose, les c\u00e9l\u00e8bres <strong>Globes of Speed<\/strong> reviennent pour un final renversant : plusieurs motos filent \u00e0 toute allure dans un globe m\u00e9tallique, <strong>fr\u00f4lant le danger avec une ma\u00eetrise impressionnante<\/strong>.<\/li>\n<\/ul>\n<p><a href=\"https:\/\/www.info-lux.com\/wp-content\/uploads\/2025\/10\/IMG_2619-scaled.jpeg\" target=\"_blank\" rel=\"noopener\"><img loading=\"lazy\" decoding=\"async\" width=\"1024\" height=\"683\" data-id=\"1519747\" src=\"https:\/\/www.europesays.com\/fr\/wp-content\/uploads\/2025\/10\/IMG_2619-1024x683.jpeg\" alt=\"\" class=\"wp-image-1519747\"\/><\/a><\/p>\n<p><a href=\"https:\/\/www.info-lux.com\/wp-content\/uploads\/2025\/10\/IMG_2615-scaled.jpeg\" target=\"_blank\" rel=\"noopener\"><img loading=\"lazy\" decoding=\"async\" width=\"1024\" height=\"683\" data-id=\"1519751\" src=\"https:\/\/www.europesays.com\/fr\/wp-content\/uploads\/2025\/10\/IMG_2615-1024x683.jpeg\" alt=\"\" class=\"wp-image-1519751\"\/><\/a><\/p>\n<p><a href=\"https:\/\/www.info-lux.com\/wp-content\/uploads\/2025\/10\/IMG_2634-scaled.jpeg\" target=\"_blank\" rel=\"noopener\"><img loading=\"lazy\" decoding=\"async\" width=\"1024\" height=\"683\" data-id=\"1519732\" src=\"https:\/\/www.europesays.com\/fr\/wp-content\/uploads\/2025\/10\/IMG_2634-1024x683.jpeg\" alt=\"\" class=\"wp-image-1519732\"\/><\/a><\/p>\n<p><a href=\"https:\/\/www.info-lux.com\/wp-content\/uploads\/2025\/10\/IMG_2639-scaled.jpeg\" target=\"_blank\" rel=\"noopener\"><img loading=\"lazy\" decoding=\"async\" width=\"683\" height=\"1024\" data-id=\"1519726\" src=\"https:\/\/www.europesays.com\/fr\/wp-content\/uploads\/2025\/10\/IMG_2639-683x1024.jpeg\" alt=\"\" class=\"wp-image-1519726\"\/><\/a><\/p>\n<p><a href=\"https:\/\/www.info-lux.com\/wp-content\/uploads\/2025\/10\/IMG_2641-scaled.jpeg\" target=\"_blank\" rel=\"noopener\"><img loading=\"lazy\" decoding=\"async\" width=\"1024\" height=\"683\" data-id=\"1519729\" src=\"https:\/\/www.europesays.com\/fr\/wp-content\/uploads\/2025\/10\/IMG_2641-1024x683.jpeg\" alt=\"\" class=\"wp-image-1519729\"\/><\/a><\/p>\n<p><a href=\"https:\/\/www.info-lux.com\/wp-content\/uploads\/2025\/10\/IMG_2640-scaled.jpeg\" target=\"_blank\" rel=\"noopener\"><img loading=\"lazy\" decoding=\"async\" width=\"683\" height=\"1024\" data-id=\"1519728\" src=\"https:\/\/www.europesays.com\/fr\/wp-content\/uploads\/2025\/10\/IMG_2640-683x1024.jpeg\" alt=\"\" class=\"wp-image-1519728\"\/><\/a><br \/>\nNANCY &gt; SPECTACLE &gt; CIRQUE ARLETTE GRUSS &gt; GLOBE OF SPEED<\/p>\n<p>Un rendez-vous \u00e0 ne pas manquer<\/p>\n<p class=\"has-medium-font-size\">Bien d\u2019autres surprises ponctuent ce spectacle rythm\u00e9, po\u00e9tique et audacieux\u2026 mais impossible d\u2019en dire plus sans g\u00e2cher la magie. Le mieux, c\u2019est encore d\u2019y aller ! Le Cirque Arlette Gruss poursuivra sa tourn\u00e9e dans toute la France avant de revenir dans le Grand Est et le Nord en fin d\u2019ann\u00e9e 2026.<\/p>\n<p class=\"has-medium-font-size\">Toutes les dates et informations sont \u00e0 retrouver sur le site officiel : \ud83d\udc49 <a href=\"https:\/\/www.cirque-gruss.com\/\" target=\"_blank\" rel=\"noopener\">www.cirque-gruss.com<\/a><\/p>\n<p class=\"has-medium-font-size\">Photographe \u2013 Journaliste : MrzPicture<\/p>\n<p>PHOTOS &gt; NANCY &gt; SPECTACLE &gt; CIRQUE GRUSS<\/p>\n<p><a href=\"https:\/\/www.info-lux.com\/wp-content\/uploads\/2025\/10\/IMG_2603-scaled.jpeg\" target=\"_blank\" rel=\"noopener\"><img loading=\"lazy\" decoding=\"async\" width=\"683\" height=\"1024\" data-id=\"1519763\" src=\"https:\/\/www.europesays.com\/fr\/wp-content\/uploads\/2025\/10\/IMG_2603-683x1024.jpeg\" alt=\"\" class=\"wp-image-1519763\"\/><\/a><\/p>\n<p><a href=\"https:\/\/www.info-lux.com\/wp-content\/uploads\/2025\/10\/IMG_2614-scaled.jpeg\" target=\"_blank\" rel=\"noopener\"><img loading=\"lazy\" decoding=\"async\" width=\"1024\" height=\"683\" data-id=\"1519752\" src=\"https:\/\/www.europesays.com\/fr\/wp-content\/uploads\/2025\/10\/IMG_2614-1024x683.jpeg\" alt=\"\" class=\"wp-image-1519752\"\/><\/a><\/p>\n<p><a href=\"https:\/\/www.info-lux.com\/wp-content\/uploads\/2025\/10\/IMG_2613-scaled.jpeg\" target=\"_blank\" rel=\"noopener\"><img loading=\"lazy\" decoding=\"async\" width=\"1024\" height=\"683\" data-id=\"1519753\" src=\"https:\/\/www.europesays.com\/fr\/wp-content\/uploads\/2025\/10\/IMG_2613-1024x683.jpeg\" alt=\"\" class=\"wp-image-1519753\"\/><\/a><\/p>\n<p><a href=\"https:\/\/www.info-lux.com\/wp-content\/uploads\/2025\/10\/IMG_2602-scaled.jpeg\" target=\"_blank\" rel=\"noopener\"><img loading=\"lazy\" decoding=\"async\" width=\"683\" height=\"1024\" data-id=\"1519764\" src=\"https:\/\/www.europesays.com\/fr\/wp-content\/uploads\/2025\/10\/IMG_2602-683x1024.jpeg\" alt=\"\" class=\"wp-image-1519764\"\/><\/a><\/p>\n<p><a href=\"https:\/\/www.info-lux.com\/wp-content\/uploads\/2025\/10\/IMG_2609-scaled.jpeg\" target=\"_blank\" rel=\"noopener\"><img loading=\"lazy\" decoding=\"async\" width=\"683\" height=\"1024\" data-id=\"1519757\" src=\"https:\/\/www.europesays.com\/fr\/wp-content\/uploads\/2025\/10\/IMG_2609-683x1024.jpeg\" alt=\"\" class=\"wp-image-1519757\"\/><\/a><\/p>\n<p><a href=\"https:\/\/www.info-lux.com\/wp-content\/uploads\/2025\/10\/IMG_2610-scaled.jpeg\" target=\"_blank\" rel=\"noopener\"><img loading=\"lazy\" decoding=\"async\" width=\"683\" height=\"1024\" data-id=\"1519756\" src=\"https:\/\/www.europesays.com\/fr\/wp-content\/uploads\/2025\/10\/IMG_2610-683x1024.jpeg\" alt=\"\" class=\"wp-image-1519756\"\/><\/a><\/p>\n<p><a href=\"https:\/\/www.info-lux.com\/wp-content\/uploads\/2025\/10\/IMG_2605-scaled.jpeg\" target=\"_blank\" rel=\"noopener\"><img loading=\"lazy\" decoding=\"async\" width=\"683\" height=\"1024\" data-id=\"1519761\" src=\"https:\/\/www.europesays.com\/fr\/wp-content\/uploads\/2025\/10\/IMG_2605-683x1024.jpeg\" alt=\"\" class=\"wp-image-1519761\"\/><\/a><\/p>\n<p><a href=\"https:\/\/www.info-lux.com\/wp-content\/uploads\/2025\/10\/IMG_2645-scaled.jpeg\" target=\"_blank\" rel=\"noopener\"><img loading=\"lazy\" decoding=\"async\" width=\"683\" height=\"1024\" data-id=\"1519720\" src=\"https:\/\/www.europesays.com\/fr\/wp-content\/uploads\/2025\/10\/IMG_2645-683x1024.jpeg\" alt=\"\" class=\"wp-image-1519720\"\/><\/a><\/p>\n<p><a href=\"https:\/\/www.info-lux.com\/wp-content\/uploads\/2025\/10\/IMG_2604-scaled.jpeg\" target=\"_blank\" rel=\"noopener\"><img loading=\"lazy\" decoding=\"async\" width=\"683\" height=\"1024\" data-id=\"1519762\" src=\"https:\/\/www.europesays.com\/fr\/wp-content\/uploads\/2025\/10\/IMG_2604-683x1024.jpeg\" alt=\"\" class=\"wp-image-1519762\"\/><\/a><\/p>\n<p><a href=\"https:\/\/www.info-lux.com\/wp-content\/uploads\/2025\/10\/IMG_2608-scaled.jpeg\" target=\"_blank\" rel=\"noopener\"><img loading=\"lazy\" decoding=\"async\" width=\"683\" height=\"1024\" data-id=\"1519758\" src=\"https:\/\/www.europesays.com\/fr\/wp-content\/uploads\/2025\/10\/IMG_2608-683x1024.jpeg\" alt=\"\" class=\"wp-image-1519758\"\/><\/a><\/p>\n<p><a href=\"https:\/\/www.info-lux.com\/wp-content\/uploads\/2025\/10\/IMG_2620-scaled.jpeg\" target=\"_blank\" rel=\"noopener\"><img loading=\"lazy\" decoding=\"async\" width=\"683\" height=\"1024\" data-id=\"1519746\" src=\"https:\/\/www.europesays.com\/fr\/wp-content\/uploads\/2025\/10\/IMG_2620-683x1024.jpeg\" alt=\"\" class=\"wp-image-1519746\"\/><\/a><\/p>\n<p><a href=\"https:\/\/www.info-lux.com\/wp-content\/uploads\/2025\/10\/IMG_2611-scaled.jpeg\" target=\"_blank\" rel=\"noopener\"><img loading=\"lazy\" decoding=\"async\" width=\"683\" height=\"1024\" data-id=\"1519755\" src=\"https:\/\/www.europesays.com\/fr\/wp-content\/uploads\/2025\/10\/IMG_2611-683x1024.jpeg\" alt=\"\" class=\"wp-image-1519755\"\/><\/a><\/p>\n<p><a href=\"https:\/\/www.info-lux.com\/wp-content\/uploads\/2025\/10\/IMG_2655-scaled.jpeg\" target=\"_blank\" rel=\"noopener\"><img loading=\"lazy\" decoding=\"async\" width=\"683\" height=\"1024\" data-id=\"1519795\" src=\"https:\/\/www.europesays.com\/fr\/wp-content\/uploads\/2025\/10\/IMG_2655-683x1024.jpeg\" alt=\"\" class=\"wp-image-1519795\"\/><\/a><\/p>\n<p><a href=\"https:\/\/www.info-lux.com\/wp-content\/uploads\/2025\/10\/IMG_2653-scaled.jpeg\" target=\"_blank\" rel=\"noopener\"><img loading=\"lazy\" decoding=\"async\" width=\"683\" height=\"1024\" data-id=\"1519797\" src=\"https:\/\/www.europesays.com\/fr\/wp-content\/uploads\/2025\/10\/IMG_2653-683x1024.jpeg\" alt=\"\" class=\"wp-image-1519797\"\/><\/a><\/p>\n<p><a href=\"https:\/\/www.info-lux.com\/wp-content\/uploads\/2025\/10\/IMG_2612-scaled.jpeg\" target=\"_blank\" rel=\"noopener\"><img loading=\"lazy\" decoding=\"async\" width=\"683\" height=\"1024\" data-id=\"1519754\" src=\"https:\/\/www.europesays.com\/fr\/wp-content\/uploads\/2025\/10\/IMG_2612-683x1024.jpeg\" alt=\"\" class=\"wp-image-1519754\"\/><\/a><\/p>\n<p><a href=\"https:\/\/www.info-lux.com\/wp-content\/uploads\/2025\/10\/IMG_2654-scaled.jpeg\" target=\"_blank\" rel=\"noopener\"><img loading=\"lazy\" decoding=\"async\" width=\"683\" height=\"1024\" data-id=\"1519796\" src=\"https:\/\/www.europesays.com\/fr\/wp-content\/uploads\/2025\/10\/IMG_2654-683x1024.jpeg\" alt=\"\" class=\"wp-image-1519796\"\/><\/a><\/p>\n<p><a href=\"https:\/\/www.info-lux.com\/wp-content\/uploads\/2025\/10\/IMG_2631-scaled.jpeg\" target=\"_blank\" rel=\"noopener\"><img loading=\"lazy\" decoding=\"async\" width=\"683\" height=\"1024\" data-id=\"1519735\" src=\"https:\/\/www.europesays.com\/fr\/wp-content\/uploads\/2025\/10\/IMG_2631-683x1024.jpeg\" alt=\"\" class=\"wp-image-1519735\"\/><\/a><\/p>\n<p><a href=\"https:\/\/www.info-lux.com\/wp-content\/uploads\/2025\/10\/IMG_2656-scaled.jpeg\" target=\"_blank\" rel=\"noopener\"><img loading=\"lazy\" decoding=\"async\" width=\"1024\" height=\"683\" data-id=\"1519794\" src=\"https:\/\/www.europesays.com\/fr\/wp-content\/uploads\/2025\/10\/IMG_2656-1024x683.jpeg\" alt=\"\" class=\"wp-image-1519794\"\/><\/a><\/p>\n<p><a href=\"https:\/\/www.info-lux.com\/wp-content\/uploads\/2025\/10\/IMG_2606-scaled.jpeg\" target=\"_blank\" rel=\"noopener\"><img loading=\"lazy\" decoding=\"async\" width=\"683\" height=\"1024\" data-id=\"1519760\" src=\"https:\/\/www.europesays.com\/fr\/wp-content\/uploads\/2025\/10\/IMG_2606-683x1024.jpeg\" alt=\"\" class=\"wp-image-1519760\"\/><\/a><\/p>\n<p><a href=\"https:\/\/www.info-lux.com\/wp-content\/uploads\/2025\/10\/IMG_2616-scaled.jpeg\" target=\"_blank\" rel=\"noopener\"><img loading=\"lazy\" decoding=\"async\" width=\"683\" height=\"1024\" data-id=\"1519750\" src=\"https:\/\/www.europesays.com\/fr\/wp-content\/uploads\/2025\/10\/IMG_2616-683x1024.jpeg\" alt=\"\" class=\"wp-image-1519750\"\/><\/a><\/p>\n<p><a href=\"https:\/\/www.info-lux.com\/wp-content\/uploads\/2025\/10\/IMG_2607.jpeg\" target=\"_blank\" rel=\"noopener\"><img loading=\"lazy\" decoding=\"async\" width=\"682\" height=\"1024\" data-id=\"1519759\" src=\"https:\/\/www.europesays.com\/fr\/wp-content\/uploads\/2025\/10\/IMG_2607-682x1024.jpeg\" alt=\"\" class=\"wp-image-1519759\"\/><\/a><\/p>\n<p><a href=\"https:\/\/www.info-lux.com\/wp-content\/uploads\/2025\/10\/IMG_2657-scaled.jpeg\" target=\"_blank\" rel=\"noopener\"><img loading=\"lazy\" decoding=\"async\" width=\"1024\" height=\"683\" data-id=\"1519793\" src=\"https:\/\/www.europesays.com\/fr\/wp-content\/uploads\/2025\/10\/IMG_2657-1024x683.jpeg\" alt=\"\" class=\"wp-image-1519793\"\/><\/a><\/p>\n<p><a href=\"https:\/\/www.info-lux.com\/wp-content\/uploads\/2025\/10\/IMG_2625-scaled.jpeg\" target=\"_blank\" rel=\"noopener\"><img loading=\"lazy\" decoding=\"async\" width=\"1024\" height=\"683\" data-id=\"1519743\" src=\"https:\/\/www.europesays.com\/fr\/wp-content\/uploads\/2025\/10\/IMG_2625-1024x683.jpeg\" alt=\"\" class=\"wp-image-1519743\"\/><\/a><\/p>\n<p><a href=\"https:\/\/www.info-lux.com\/wp-content\/uploads\/2025\/10\/IMG_2627-scaled.jpeg\" target=\"_blank\" rel=\"noopener\"><img loading=\"lazy\" decoding=\"async\" width=\"1024\" height=\"683\" data-id=\"1519739\" src=\"https:\/\/www.europesays.com\/fr\/wp-content\/uploads\/2025\/10\/IMG_2627-1024x683.jpeg\" alt=\"\" class=\"wp-image-1519739\"\/><\/a><\/p>\n<p><a href=\"https:\/\/www.info-lux.com\/wp-content\/uploads\/2025\/10\/IMG_2647-scaled.jpeg\" target=\"_blank\" rel=\"noopener\"><img loading=\"lazy\" decoding=\"async\" width=\"1024\" height=\"683\" data-id=\"1519790\" src=\"https:\/\/www.europesays.com\/fr\/wp-content\/uploads\/2025\/10\/IMG_2647-1024x683.jpeg\" alt=\"\" class=\"wp-image-1519790\"\/><\/a><\/p>\n<p><a href=\"https:\/\/www.info-lux.com\/wp-content\/uploads\/2025\/10\/IMG_2626-scaled.jpeg\" target=\"_blank\" rel=\"noopener\"><img loading=\"lazy\" decoding=\"async\" width=\"1024\" height=\"683\" data-id=\"1519744\" src=\"https:\/\/www.europesays.com\/fr\/wp-content\/uploads\/2025\/10\/IMG_2626-1024x683.jpeg\" alt=\"\" class=\"wp-image-1519744\"\/><\/a><\/p>\n<p><a href=\"https:\/\/www.info-lux.com\/wp-content\/uploads\/2025\/10\/IMG_2624-scaled.jpeg\" target=\"_blank\" rel=\"noopener\"><img loading=\"lazy\" decoding=\"async\" width=\"1024\" height=\"683\" data-id=\"1519742\" src=\"https:\/\/www.europesays.com\/fr\/wp-content\/uploads\/2025\/10\/IMG_2624-1024x683.jpeg\" alt=\"\" class=\"wp-image-1519742\"\/><\/a><\/p>\n<p><a href=\"https:\/\/www.info-lux.com\/wp-content\/uploads\/2025\/10\/IMG_2623-scaled.jpeg\" target=\"_blank\" rel=\"noopener\"><img loading=\"lazy\" decoding=\"async\" width=\"683\" height=\"1024\" data-id=\"1519741\" src=\"https:\/\/www.europesays.com\/fr\/wp-content\/uploads\/2025\/10\/IMG_2623-683x1024.jpeg\" alt=\"\" class=\"wp-image-1519741\"\/><\/a><\/p>\n<p><a href=\"https:\/\/www.info-lux.com\/wp-content\/uploads\/2025\/10\/IMG_2633-scaled.jpeg\" target=\"_blank\" rel=\"noopener\"><img loading=\"lazy\" decoding=\"async\" width=\"683\" height=\"1024\" data-id=\"1519733\" src=\"https:\/\/www.europesays.com\/fr\/wp-content\/uploads\/2025\/10\/IMG_2633-683x1024.jpeg\" alt=\"\" class=\"wp-image-1519733\"\/><\/a><\/p>\n<p><a href=\"https:\/\/www.info-lux.com\/wp-content\/uploads\/2025\/10\/IMG_2618.jpeg\" target=\"_blank\" rel=\"noopener\"><img loading=\"lazy\" decoding=\"async\" width=\"683\" height=\"1024\" data-id=\"1519748\" src=\"https:\/\/www.europesays.com\/fr\/wp-content\/uploads\/2025\/10\/IMG_2618-683x1024.jpeg\" alt=\"\" class=\"wp-image-1519748\"\/><\/a><\/p>\n<p><a href=\"https:\/\/www.info-lux.com\/wp-content\/uploads\/2025\/10\/IMG_2628-scaled.jpeg\" target=\"_blank\" rel=\"noopener\"><img loading=\"lazy\" decoding=\"async\" width=\"683\" height=\"1024\" data-id=\"1519738\" src=\"https:\/\/www.europesays.com\/fr\/wp-content\/uploads\/2025\/10\/IMG_2628-683x1024.jpeg\" alt=\"\" class=\"wp-image-1519738\"\/><\/a><\/p>\n<p><a href=\"https:\/\/www.info-lux.com\/wp-content\/uploads\/2025\/10\/IMG_2629-scaled.jpeg\" target=\"_blank\" rel=\"noopener\"><img loading=\"lazy\" decoding=\"async\" width=\"683\" height=\"1024\" data-id=\"1519737\" src=\"https:\/\/www.europesays.com\/fr\/wp-content\/uploads\/2025\/10\/IMG_2629-683x1024.jpeg\" alt=\"\" class=\"wp-image-1519737\"\/><\/a><\/p>\n<p><a href=\"https:\/\/www.info-lux.com\/wp-content\/uploads\/2025\/10\/IMG_2630-scaled.jpeg\" target=\"_blank\" rel=\"noopener\"><img loading=\"lazy\" decoding=\"async\" width=\"683\" height=\"1024\" data-id=\"1519736\" src=\"https:\/\/www.europesays.com\/fr\/wp-content\/uploads\/2025\/10\/IMG_2630-683x1024.jpeg\" alt=\"\" class=\"wp-image-1519736\"\/><\/a><\/p>\n<p><a href=\"https:\/\/www.info-lux.com\/wp-content\/uploads\/2025\/10\/IMG_2617-scaled.jpeg\" target=\"_blank\" rel=\"noopener\"><img loading=\"lazy\" decoding=\"async\" width=\"1024\" height=\"683\" data-id=\"1519749\" src=\"https:\/\/www.europesays.com\/fr\/wp-content\/uploads\/2025\/10\/IMG_2617-1024x683.jpeg\" alt=\"\" class=\"wp-image-1519749\"\/><\/a><\/p>\n<p><a href=\"https:\/\/www.info-lux.com\/wp-content\/uploads\/2025\/10\/IMG_2641-scaled.jpeg\" target=\"_blank\" rel=\"noopener\"><img loading=\"lazy\" decoding=\"async\" width=\"1024\" height=\"683\" data-id=\"1519729\" src=\"https:\/\/www.europesays.com\/fr\/wp-content\/uploads\/2025\/10\/IMG_2641-1024x683.jpeg\" alt=\"\" class=\"wp-image-1519729\"\/><\/a><\/p>\n<p><a href=\"https:\/\/www.info-lux.com\/wp-content\/uploads\/2025\/10\/IMG_2619-scaled.jpeg\" target=\"_blank\" rel=\"noopener\"><img loading=\"lazy\" decoding=\"async\" width=\"1024\" height=\"683\" data-id=\"1519747\" src=\"https:\/\/www.europesays.com\/fr\/wp-content\/uploads\/2025\/10\/IMG_2619-1024x683.jpeg\" alt=\"\" class=\"wp-image-1519747\"\/><\/a><\/p>\n<p><a href=\"https:\/\/www.info-lux.com\/wp-content\/uploads\/2025\/10\/IMG_2636-scaled.jpeg\" target=\"_blank\" rel=\"noopener\"><img loading=\"lazy\" decoding=\"async\" width=\"1024\" height=\"683\" data-id=\"1519730\" src=\"https:\/\/www.europesays.com\/fr\/wp-content\/uploads\/2025\/10\/IMG_2636-1024x683.jpeg\" alt=\"\" class=\"wp-image-1519730\"\/><\/a><\/p>\n<p><a href=\"https:\/\/www.info-lux.com\/wp-content\/uploads\/2025\/10\/IMG_2635-scaled.jpeg\" target=\"_blank\" rel=\"noopener\"><img loading=\"lazy\" decoding=\"async\" width=\"1024\" height=\"683\" data-id=\"1519731\" src=\"https:\/\/www.europesays.com\/fr\/wp-content\/uploads\/2025\/10\/IMG_2635-1024x683.jpeg\" alt=\"\" class=\"wp-image-1519731\"\/><\/a><\/p>\n<p><a href=\"https:\/\/www.info-lux.com\/wp-content\/uploads\/2025\/10\/IMG_2634-scaled.jpeg\" target=\"_blank\" rel=\"noopener\"><img loading=\"lazy\" decoding=\"async\" width=\"1024\" height=\"683\" data-id=\"1519732\" src=\"https:\/\/www.europesays.com\/fr\/wp-content\/uploads\/2025\/10\/IMG_2634-1024x683.jpeg\" alt=\"\" class=\"wp-image-1519732\"\/><\/a><\/p>\n<p><a href=\"https:\/\/www.info-lux.com\/wp-content\/uploads\/2025\/10\/IMG_2638-scaled.jpeg\" target=\"_blank\" rel=\"noopener\"><img loading=\"lazy\" decoding=\"async\" width=\"1024\" height=\"683\" data-id=\"1519725\" src=\"https:\/\/www.europesays.com\/fr\/wp-content\/uploads\/2025\/10\/IMG_2638-1024x683.jpeg\" alt=\"\" class=\"wp-image-1519725\"\/><\/a><\/p>\n<p><a href=\"https:\/\/www.info-lux.com\/wp-content\/uploads\/2025\/10\/IMG_2640-scaled.jpeg\" target=\"_blank\" rel=\"noopener\"><img loading=\"lazy\" decoding=\"async\" width=\"683\" height=\"1024\" data-id=\"1519728\" src=\"https:\/\/www.europesays.com\/fr\/wp-content\/uploads\/2025\/10\/IMG_2640-683x1024.jpeg\" alt=\"\" class=\"wp-image-1519728\"\/><\/a><\/p>\n<p><a href=\"https:\/\/www.info-lux.com\/wp-content\/uploads\/2025\/10\/IMG_2639-scaled.jpeg\" target=\"_blank\" rel=\"noopener\"><img loading=\"lazy\" decoding=\"async\" width=\"683\" height=\"1024\" data-id=\"1519726\" src=\"https:\/\/www.europesays.com\/fr\/wp-content\/uploads\/2025\/10\/IMG_2639-683x1024.jpeg\" alt=\"\" class=\"wp-image-1519726\"\/><\/a><\/p>\n<p><a href=\"https:\/\/www.info-lux.com\/wp-content\/uploads\/2025\/10\/IMG_2632-scaled.jpeg\" target=\"_blank\" rel=\"noopener\"><img loading=\"lazy\" decoding=\"async\" width=\"1024\" height=\"683\" data-id=\"1519734\" src=\"https:\/\/www.europesays.com\/fr\/wp-content\/uploads\/2025\/10\/IMG_2632-1024x683.jpeg\" alt=\"\" class=\"wp-image-1519734\"\/><\/a><\/p>\n<p><a href=\"https:\/\/www.info-lux.com\/wp-content\/uploads\/2025\/10\/IMG_2644-scaled.jpeg\" target=\"_blank\" rel=\"noopener\"><img loading=\"lazy\" decoding=\"async\" width=\"683\" height=\"1024\" data-id=\"1519721\" src=\"https:\/\/www.europesays.com\/fr\/wp-content\/uploads\/2025\/10\/IMG_2644-683x1024.jpeg\" alt=\"\" class=\"wp-image-1519721\"\/><\/a><\/p>\n<p><a href=\"https:\/\/www.info-lux.com\/wp-content\/uploads\/2025\/10\/IMG_2637-scaled.jpeg\" target=\"_blank\" rel=\"noopener\"><img loading=\"lazy\" decoding=\"async\" width=\"683\" height=\"1024\" data-id=\"1519724\" src=\"https:\/\/www.europesays.com\/fr\/wp-content\/uploads\/2025\/10\/IMG_2637-683x1024.jpeg\" alt=\"\" class=\"wp-image-1519724\"\/><\/a><\/p>\n<p><a href=\"https:\/\/www.info-lux.com\/wp-content\/uploads\/2025\/10\/IMG_2621-scaled.jpeg\" target=\"_blank\" rel=\"noopener\"><img loading=\"lazy\" decoding=\"async\" width=\"683\" height=\"1024\" data-id=\"1519745\" src=\"https:\/\/www.europesays.com\/fr\/wp-content\/uploads\/2025\/10\/IMG_2621-683x1024.jpeg\" alt=\"\" class=\"wp-image-1519745\"\/><\/a><\/p>\n<p><a href=\"https:\/\/www.info-lux.com\/wp-content\/uploads\/2025\/10\/IMG_2643-scaled.jpeg\" target=\"_blank\" rel=\"noopener\"><img loading=\"lazy\" decoding=\"async\" width=\"683\" height=\"1024\" data-id=\"1519722\" src=\"https:\/\/www.europesays.com\/fr\/wp-content\/uploads\/2025\/10\/IMG_2643-683x1024.jpeg\" alt=\"\" class=\"wp-image-1519722\"\/><\/a><\/p>\n<p><a href=\"https:\/\/www.info-lux.com\/wp-content\/uploads\/2025\/10\/IMG_2646-scaled.jpeg\" target=\"_blank\" rel=\"noopener\"><img loading=\"lazy\" decoding=\"async\" width=\"683\" height=\"1024\" data-id=\"1519719\" src=\"https:\/\/www.europesays.com\/fr\/wp-content\/uploads\/2025\/10\/IMG_2646-683x1024.jpeg\" alt=\"\" class=\"wp-image-1519719\"\/><\/a><br \/>\nNANCY &gt; SPECTACLE &gt; CIRQUE ARLETTE GRUSS &gt; PHOTOS<\/p>\n","protected":false},"excerpt":{"rendered":"Le cirque Arlette Gruss fait escale \u00e0 Nancy avec son nouveau spectacle \u00ab\u00a0Parenth\u00e8se\u00a0\u00bb NANCY &gt; SPECTACLE &gt; CIRQUE&hellip;\n","protected":false},"author":2,"featured_media":490090,"comment_status":"","ping_status":"","sticky":false,"template":"","format":"standard","meta":{"footnotes":""},"categories":[9635],"tags":[1111,11,5398,61268,1777,674,1011,27,775,61269,1702,12,2189,25,3140,4441],"class_list":{"0":"post-490089","1":"post","2":"type-post","3":"status-publish","4":"format-standard","5":"has-post-thumbnail","7":"category-nancy","8":"tag-actu","9":"tag-actualites","10":"tag-cirque","11":"tag-cirque-arlette-gruss","12":"tag-eu","13":"tag-europe","14":"tag-fr","15":"tag-france","16":"tag-grand-est","17":"tag-gruss","18":"tag-nancy","19":"tag-news","20":"tag-photos","21":"tag-republique-francaise","22":"tag-spectacle","23":"tag-tournee"},"share_on_mastodon":{"url":"https:\/\/pubeurope.com\/@fr\/115437576696422010","error":""},"_links":{"self":[{"href":"https:\/\/www.europesays.com\/fr\/wp-json\/wp\/v2\/posts\/490089","targetHints":{"allow":["GET"]}}],"collection":[{"href":"https:\/\/www.europesays.com\/fr\/wp-json\/wp\/v2\/posts"}],"about":[{"href":"https:\/\/www.europesays.com\/fr\/wp-json\/wp\/v2\/types\/post"}],"author":[{"embeddable":true,"href":"https:\/\/www.europesays.com\/fr\/wp-json\/wp\/v2\/users\/2"}],"replies":[{"embeddable":true,"href":"https:\/\/www.europesays.com\/fr\/wp-json\/wp\/v2\/comments?post=490089"}],"version-history":[{"count":0,"href":"https:\/\/www.europesays.com\/fr\/wp-json\/wp\/v2\/posts\/490089\/revisions"}],"wp:featuredmedia":[{"embeddable":true,"href":"https:\/\/www.europesays.com\/fr\/wp-json\/wp\/v2\/media\/490090"}],"wp:attachment":[{"href":"https:\/\/www.europesays.com\/fr\/wp-json\/wp\/v2\/media?parent=490089"}],"wp:term":[{"taxonomy":"category","embeddable":true,"href":"https:\/\/www.europesays.com\/fr\/wp-json\/wp\/v2\/categories?post=490089"},{"taxonomy":"post_tag","embeddable":true,"href":"https:\/\/www.europesays.com\/fr\/wp-json\/wp\/v2\/tags?post=490089"}],"curies":[{"name":"wp","href":"https:\/\/api.w.org\/{rel}","templated":true}]}}