{"id":490091,"date":"2025-10-26T00:13:19","date_gmt":"2025-10-26T00:13:19","guid":{"rendered":"https:\/\/www.europesays.com\/fr\/490091\/"},"modified":"2025-10-26T00:13:19","modified_gmt":"2025-10-26T00:13:19","slug":"basket-betclic-elite-defaite-amere-pour-le-sluc-nancy-basket-a-gravelines-107-79","status":"publish","type":"post","link":"https:\/\/www.europesays.com\/fr\/490091\/","title":{"rendered":"Basket-Betclic Elite\u00a0: d\u00e9faite am\u00e8re pour le SLUC Nancy Basket \u00e0 Gravelines (107-79)"},"content":{"rendered":"<p> <img decoding=\"async\" src=\"https:\/\/www.europesays.com\/fr\/wp-content\/uploads\/2025\/10\/1761437598_481_1200x680\" alt=\"illustration agrandir l'image\" style=\"--_image-preview:url('data:image\/jpeg;base64,\/9j\/2wBDACgcHiMeGSgjISMtKygwPGRBPDc3PHtYXUlkkYCZlo+AjIqgtObDoKrarYqMyP\/L2u71\/\/\/\/m8H\/\/\/\/6\/+b9\/\/j\/2wBDASstLTw1PHZBQXb4pYyl+Pj4+Pj4+Pj4+Pj4+Pj4+Pj4+Pj4+Pj4+Pj4+Pj4+Pj4+Pj4+Pj4+Pj4+Pj4+Pj4+Pj\/wAARCAAXACoDASIAAhEBAxEB\/8QAFwAAAwEAAAAAAAAAAAAAAAAAAAEDAv\/EABgQAQADAQAAAAAAAAAAAAAAAAABERIC\/8QAFwEBAQEBAAAAAAAAAAAAAAAAAgEAA\/\/EABYRAQEBAAAAAAAAAAAAAAAAAAABEf\/aAAwDAQACEQMRAD8AUNWlHR6E1NFpPQttXFY6a0jEnptXEI6PQC0IdgAa6QzsASf\/2Q==');\" loading=\"eager\" fetchpriority=\"high\" aria-hidden=\"true\" class=\"svelte-1pnmlwx rounded\" onload=\"this.__e=event\" onerror=\"this.__e=event\"\/> Le coach du SLUC Nancy,  Sylvain Lauti\u00e9, est loin d&rsquo;avoir \u00e9t\u00e9 satisfait de la prestation de son \u00e9quipe \u00e0 Gravelines \u00a9 Maxppp &#8211; Fred MARVAUX     <\/p>\n<p class=\"g-ici-body-regular-3 info svelte-1c4u67c\">Publi\u00e9 le samedi 25 octobre 2025 \u00e0 22:48 <\/p>\n<ul class=\"SocialNetworks svelte-bt5901\">\n<li class=\"svelte-bt5901\"><\/li>\n<li class=\"svelte-bt5901\"><\/li>\n<li class=\"svelte-bt5901\"><\/li>\n<li class=\"svelte-bt5901\"><\/li>\n<li class=\"svelte-bt5901\"><\/li>\n<\/ul>\n<p class=\"standfirst g-ici-body-bold-1 svelte-983d72\">Soir\u00e9e cauchemardesque pour le SLUC Nancy Basket, \u00e9cras\u00e9, 107- 79, ce samedi soir \u00e0 Gravelines-Dunkerque. Malgr\u00e9 l&rsquo;enjeu, les Couguars ont \u00e9t\u00e9 d\u00e9pass\u00e9s en d\u00e9fense et impuissants en attaque face \u00e0 des Nordistes d\u00e9cha\u00een\u00e9s. Cette lourde d\u00e9faite (28 points d&rsquo;\u00e9cart) marque un coup d&rsquo;arr\u00eat pour le SLUC.<\/p>\n<p>Malgr\u00e9 les espoirs plac\u00e9s dans cette rencontre pour se repositionner dans le haut de tableau, le SLUC Nancy a \u00e9t\u00e9 submerg\u00e9 ce samedi soir par une \u00e9quipe de Gravelines-Dunkerque en qu\u00eate d&rsquo;une premi\u00e8re victoire. L&rsquo;\u00e9cart final de <strong>28 points<\/strong> t\u00e9moigne des difficult\u00e9s rencontr\u00e9es par les Nanc\u00e9iens battus, 107-79.<\/p>\n<p>Le SLUC, qui affichait un bilan \u00e9quilibr\u00e9 avant ce d\u00e9placement dans le Nord (2 victoires, 2 d\u00e9faites), n&rsquo;a pas r\u00e9ussi \u00e0 trouver la bonne carburation. Les statistiques de la rencontre r\u00e9v\u00e8lent notamment une adresse en berne notamment \u00e0 3 points (10\/26) et surtout des <strong>lacunes d\u00e9fensives<\/strong> face \u00e0 une \u00e9quipe nordiste particuli\u00e8rement inspir\u00e9e offensivement et plus d\u00e9termin\u00e9e dans la raquette.<\/p>\n<p>Cette d\u00e9faite regrettable vient stopper une s\u00e9rie de deux victoires obtenues avec la mani\u00e8re. Le SLUC Nancy manque une opportunit\u00e9 de s&rsquo;installer dans la premi\u00e8re partie du classement et cela avant de se rendre samedi prochain \u00e0 Strasbourg.<\/p>\n<p>\u00c0 \u00e9couter aussi   <img decoding=\"async\" src=\"https:\/\/www.europesays.com\/fr\/wp-content\/uploads\/2025\/10\/1761437599_557_560x315\" alt=\"Landers Nolley II a \u00e9t\u00e9 excellent face \u00e0 Limoges, le strat\u00e8ge am\u00e9ricain est attendu sur le m\u00eame registre \u00e0 Gravelines\" style=\"--_image-preview:url('data:image\/jpeg;base64,\/9j\/2wBDACgcHiMeGSgjISMtKygwPGRBPDc3PHtYXUlkkYCZlo+AjIqgtObDoKrarYqMyP\/L2u71\/\/\/\/m8H\/\/\/\/6\/+b9\/\/j\/2wBDASstLTw1PHZBQXb4pYyl+Pj4+Pj4+Pj4+Pj4+Pj4+Pj4+Pj4+Pj4+Pj4+Pj4+Pj4+Pj4+Pj4+Pj4+Pj4+Pj4+Pj\/wAARCAAXACoDASIAAhEBAxEB\/8QAGAABAAMBAAAAAAAAAAAAAAAAAAECBAP\/xAAYEAEBAQEBAAAAAAAAAAAAAAAAEgECE\/\/EABYBAAMAAAAAAAAAAAAAAAAAAAABAv\/EABQRAQAAAAAAAAAAAAAAAAAAAAD\/2gAMAwEAAhEDEQA\/AOUpl0zhfOEqZ4IaYPMBlhMNHmnzNLpnC2cgSlpIAEQQAJ\/\/2Q==');\" loading=\"lazy\" fetchpriority=\"low\" aria-hidden=\"true\" class=\"svelte-1pnmlwx rounded\" onload=\"this.__e=event\" onerror=\"this.__e=event\"\/>  <\/p>\n<ul class=\"SocialNetworks svelte-bt5901\">\n<li class=\"svelte-bt5901\"><\/li>\n<li class=\"svelte-bt5901\"><\/li>\n<li class=\"svelte-bt5901\"><\/li>\n<li class=\"svelte-bt5901\"><\/li>\n<li class=\"svelte-bt5901\"><\/li>\n<\/ul>\n","protected":false},"excerpt":{"rendered":"Le coach du SLUC Nancy, Sylvain Lauti\u00e9, est loin d&rsquo;avoir \u00e9t\u00e9 satisfait de la prestation de son \u00e9quipe&hellip;\n","protected":false},"author":2,"featured_media":490092,"comment_status":"","ping_status":"","sticky":false,"template":"","format":"standard","meta":{"footnotes":""},"categories":[9635],"tags":[1111,11,1777,674,1011,27,775,1702,12,25],"class_list":{"0":"post-490091","1":"post","2":"type-post","3":"status-publish","4":"format-standard","5":"has-post-thumbnail","7":"category-nancy","8":"tag-actu","9":"tag-actualites","10":"tag-eu","11":"tag-europe","12":"tag-fr","13":"tag-france","14":"tag-grand-est","15":"tag-nancy","16":"tag-news","17":"tag-republique-francaise"},"share_on_mastodon":{"url":"","error":""},"_links":{"self":[{"href":"https:\/\/www.europesays.com\/fr\/wp-json\/wp\/v2\/posts\/490091","targetHints":{"allow":["GET"]}}],"collection":[{"href":"https:\/\/www.europesays.com\/fr\/wp-json\/wp\/v2\/posts"}],"about":[{"href":"https:\/\/www.europesays.com\/fr\/wp-json\/wp\/v2\/types\/post"}],"author":[{"embeddable":true,"href":"https:\/\/www.europesays.com\/fr\/wp-json\/wp\/v2\/users\/2"}],"replies":[{"embeddable":true,"href":"https:\/\/www.europesays.com\/fr\/wp-json\/wp\/v2\/comments?post=490091"}],"version-history":[{"count":0,"href":"https:\/\/www.europesays.com\/fr\/wp-json\/wp\/v2\/posts\/490091\/revisions"}],"wp:featuredmedia":[{"embeddable":true,"href":"https:\/\/www.europesays.com\/fr\/wp-json\/wp\/v2\/media\/490092"}],"wp:attachment":[{"href":"https:\/\/www.europesays.com\/fr\/wp-json\/wp\/v2\/media?parent=490091"}],"wp:term":[{"taxonomy":"category","embeddable":true,"href":"https:\/\/www.europesays.com\/fr\/wp-json\/wp\/v2\/categories?post=490091"},{"taxonomy":"post_tag","embeddable":true,"href":"https:\/\/www.europesays.com\/fr\/wp-json\/wp\/v2\/tags?post=490091"}],"curies":[{"name":"wp","href":"https:\/\/api.w.org\/{rel}","templated":true}]}}