{"id":490094,"date":"2025-10-26T00:15:18","date_gmt":"2025-10-26T00:15:18","guid":{"rendered":"https:\/\/www.europesays.com\/fr\/490094\/"},"modified":"2025-10-26T00:15:18","modified_gmt":"2025-10-26T00:15:18","slug":"mignoni-lassure-il-vient-a-toulouse-pour-creer-lexploit","status":"publish","type":"post","link":"https:\/\/www.europesays.com\/fr\/490094\/","title":{"rendered":"Mignoni l\u2019assure, il vient \u00e0 Toulouse pour cr\u00e9er l\u2019exploit"},"content":{"rendered":"<p>Le Rugby Club Toulonnais s\u2019avance devant un grand d\u00e9fi. Ce dimanche, les Varois se rendent au Stadium pour d\u00e9fier le <a href=\"https:\/\/www.quinzemondial.com\/top-14\/stade-toulousain-comment-lacroix-veut-transformer-le-depart-dahki-en-opportunite-le-president-a-un-projet-819905\" target=\"_blank\" rel=\"noopener\">Stade Toulousain<\/a>. Une affiche pas forc\u00e9ment \u00e0 leur avantage l\u2019an pass\u00e9, avec trois d\u00e9faites. Surclass\u00e9s les deux fois en championnat, les hommes de Pierre Mignoni s\u2019\u00e9taient inclin\u00e9s d\u2019un rien \u00e0 Mayol en quarts de finale de la Champions Cup.<\/p>\n<p>\u00ab\u00a0C\u2019est la guerre\u00a0\u00bb assure Mignoni<\/p>\n<p>Pour autant, le RCT n\u2019aborde pas ce rendez-vous de la meilleure des mani\u00e8res. De nombreux cadres manquent \u00e0 l\u2019appel, <a href=\"https:\/\/www.quinzemondial.com\/top-14\/toulon-un-enorme-forfait-pour-defier-toulouse-inquietude-a-mayol-819903\" target=\"_blank\" rel=\"noopener\">de Serin<\/a> \u00e0 Frisch en passant par Abadie. Pierre Mignoni ne baisse pas les bras et veut croire en l\u2019exploit, comme il l\u2019a confi\u00e9 en conf\u00e9rence de presse dans des propos rapport\u00e9s par <a href=\"https:\/\/www.rugbyrama.fr\/2025\/10\/25\/top-14-a-toulouse-le-score-sera-fleuve-si-on-nest-pas-aligne-pierre-mignoni-toulon-donne-les-cles-du-deplacement-au-stadium-13012552.php\" target=\"_blank\" rel=\"noopener\">Rugbyrama<\/a>.<\/p>\n<blockquote>\n<p>\u00ab\u00a0Chacun fait appel \u00e0 ce qu\u2019il veut. Je sais ce qu\u2019il nous attend.\u00a0Je ne suis pas amn\u00e9sique. Je sais ce qui est dur. Je sais aussi ce qui est possible, m\u00eame si \u00e7a rel\u00e8verait d\u2019un exploit. Il faut r\u00e9unir les conditions pour cr\u00e9er un exploit. Ce sont les joueurs qui ont la recette\u00a0\u00bb<\/p>\n<\/blockquote>\n<p>Surtout, Pierre Mignoni s\u2019attend \u00e0 un gros combat devant pour esp\u00e9rer exister\u00a0: \u00ab\u00a0Il faut r\u00e9pondre pr\u00e9sent. \u00c0 chaque match de Top 14, c\u2019est la guerre. C\u2019est toujours le cas, encore plus contre Toulouse. On doit aller l\u00e0-bas avec notre fiert\u00e9. Comme toujours, il faudra gagner les duels. C\u2019est la base du rugby pour cr\u00e9er un exploit, sinon\u2026 \u00c7a sera tr\u00e8s compliqu\u00e9 !\u00a0\u00bb<\/p>\n<p>Partagez cette info avec vos amis et vos proches en cliquant ici<br \/>Pour r\u00e9sumer<\/p>\n<p>Malgr\u00e9 une \u00e9quipe remani\u00e9e, Pierre Mignoni croit aux chances de son \u00e9quipe de cr\u00e9er l\u2019exploit sur la pelouse du Stade Toulousain. Le manager toulonnais attend un gros combat de la part de ses joueurs pour esp\u00e9rer l&#8217;emporter.<\/p>\n<p> <img decoding=\"async\" width=\"76\" height=\"76\" loading=\"lazy\" src=\"https:\/\/www.europesays.com\/fr\/wp-content\/uploads\/2025\/04\/avatar-quinze.png\" alt=\"Arnaud D\u00e9chelotte\"\/><\/p>\n","protected":false},"excerpt":{"rendered":"Le Rugby Club Toulonnais s\u2019avance devant un grand d\u00e9fi. Ce dimanche, les Varois se rendent au Stadium pour&hellip;\n","protected":false},"author":2,"featured_media":490095,"comment_status":"","ping_status":"","sticky":false,"template":"","format":"standard","meta":{"footnotes":""},"categories":[9619],"tags":[1111,11,1777,674,1011,27,12,882,25,476,478,2310],"class_list":{"0":"post-490094","1":"post","2":"type-post","3":"status-publish","4":"format-standard","5":"has-post-thumbnail","7":"category-toulon","8":"tag-actu","9":"tag-actualites","10":"tag-eu","11":"tag-europe","12":"tag-fr","13":"tag-france","14":"tag-news","15":"tag-provence-alpes-cote-dazur","16":"tag-republique-francaise","17":"tag-stade-toulousain","18":"tag-top-14","19":"tag-toulon"},"share_on_mastodon":{"url":"https:\/\/pubeurope.com\/@fr\/115437589909896287","error":""},"_links":{"self":[{"href":"https:\/\/www.europesays.com\/fr\/wp-json\/wp\/v2\/posts\/490094","targetHints":{"allow":["GET"]}}],"collection":[{"href":"https:\/\/www.europesays.com\/fr\/wp-json\/wp\/v2\/posts"}],"about":[{"href":"https:\/\/www.europesays.com\/fr\/wp-json\/wp\/v2\/types\/post"}],"author":[{"embeddable":true,"href":"https:\/\/www.europesays.com\/fr\/wp-json\/wp\/v2\/users\/2"}],"replies":[{"embeddable":true,"href":"https:\/\/www.europesays.com\/fr\/wp-json\/wp\/v2\/comments?post=490094"}],"version-history":[{"count":0,"href":"https:\/\/www.europesays.com\/fr\/wp-json\/wp\/v2\/posts\/490094\/revisions"}],"wp:featuredmedia":[{"embeddable":true,"href":"https:\/\/www.europesays.com\/fr\/wp-json\/wp\/v2\/media\/490095"}],"wp:attachment":[{"href":"https:\/\/www.europesays.com\/fr\/wp-json\/wp\/v2\/media?parent=490094"}],"wp:term":[{"taxonomy":"category","embeddable":true,"href":"https:\/\/www.europesays.com\/fr\/wp-json\/wp\/v2\/categories?post=490094"},{"taxonomy":"post_tag","embeddable":true,"href":"https:\/\/www.europesays.com\/fr\/wp-json\/wp\/v2\/tags?post=490094"}],"curies":[{"name":"wp","href":"https:\/\/api.w.org\/{rel}","templated":true}]}}