{"id":490111,"date":"2025-10-26T00:31:15","date_gmt":"2025-10-26T00:31:15","guid":{"rendered":"https:\/\/www.europesays.com\/fr\/490111\/"},"modified":"2025-10-26T00:31:15","modified_gmt":"2025-10-26T00:31:15","slug":"previsions-du-dimanche-26-octobre-2025-7","status":"publish","type":"post","link":"https:\/\/www.europesays.com\/fr\/490111\/","title":{"rendered":"pr\u00e9visions du dimanche 26 octobre 2025"},"content":{"rendered":"<p class=\"mb-4 text-lg md:leading-8 break-words\"><strong>M\u00e9t\u00e9o &#8211; La ville profitera de quelques \u00e9claircies aujourd&rsquo;hui. Les temp\u00e9ratures seront de 11\u00b0C le matin et de 13\u00b0C l&rsquo;apr\u00e8s-midi&#8230;<\/strong><\/p>\n<p class=\"mb-4 text-lg md:leading-8 break-words\">\u00c0 Nantes, les temp\u00e9ratures seront de 11\u00b0C au cours de la journ\u00e9e. Un vent de nord-ouest soufflera un peu, avec 18 km\/h. La grisaille ne se dissipe toujours pas, il y aura encore des nuages le matin. Du mauvais temps est \u00e0 pr\u00e9voir. Des pluies \u00e9parses vont tomber. Il va faire 11\u00b0C en moyenne. L&rsquo;apr\u00e8s-midi, le beau temps va progressivement prendre la place des nuages. Les valeurs s&rsquo;\u00e9chelonneront de 11 \u00e0 14\u00b0C. Le ciel va peu \u00e0 peu se voiler durant la soir\u00e9e avec l&rsquo;apparition de petits nuages. Les maximales iront jusqu&rsquo;\u00e0 10\u00b0C alors que les minimales seront de 9\u00b0C. La nuit sera pluvieuse.<\/p>\n<p class=\"mb-4 text-lg md:leading-8 break-words\">Toujours de la grisaille demain. Les nuages vont stationner sur Nantes. C&rsquo;est une hausse de quelques degr\u00e9s que vont enregistrer les temp\u00e9ratures. Ces valeurs seront comprises entre 12 et 16\u00b0C. Un vent d&rsquo;ouest est attendu : il soufflera \u00e0 25 km\/h. Le soleil aura du mal \u00e0 percer au milieu des nuages qui perdureront dans la matin\u00e9e. Le temps sera ponctu\u00e9 par des pluies \u00e9parses. Les valeurs afficheront entre 13 et 16\u00b0C. Demain apr\u00e8s-midi, des nuages ne voudront pas c\u00e9der leur place au soleil. Les temp\u00e9ratures s&rsquo;\u00e9chelonneront entre 14\u00b0C et 16\u00b0C. Les nuages en pr\u00e9vision demain soir, et un ciel encore gris. Il faudra pr\u00e9voir des perturbations, les Nantais se retrouveront sous des pluies \u00e9parses. Les temp\u00e9ratures tourneront autour des 13\u00b0C.<\/p>\n<p class=\"mb-4 text-lg md:leading-8 break-words\">La m\u00e9t\u00e9o des jours qui suivent va s&rsquo;am\u00e9liorer. Le temps sera ensoleill\u00e9 avec des temp\u00e9ratures avoisinant 14\u00b0C.<\/p>\n<p class=\"mb-4 text-lg md:leading-8 break-words\"><a href=\"https:\/\/www.20minutes.fr\/planete\/previsions-meteo\/4181602-20251026-meteo-nantes-previsions-dimanche-26-octobre-2025?at_medium=RSS%20feed&amp;at_campaign=ynews&amp;utm_source=yahoo&amp;utm_medium=rss&amp;utm_campaign=news_feed&amp;utm_content=read_more_link&quot;\" rel=\"nofollow noopener\" target=\"_blank\" data-ylk=\"slk:Lire la suite sur 20minutes;elm:context_link;itc:0;sec:content-canvas\" class=\"link \">Lire la suite sur 20minutes<\/a><\/p>\n","protected":false},"excerpt":{"rendered":"M\u00e9t\u00e9o &#8211; La ville profitera de quelques \u00e9claircies aujourd&rsquo;hui. Les temp\u00e9ratures seront de 11\u00b0C le matin et de&hellip;\n","protected":false},"author":2,"featured_media":490112,"comment_status":"","ping_status":"","sticky":false,"template":"","format":"standard","meta":{"footnotes":""},"categories":[2818],"tags":[1111,11,1777,674,1011,27,44166,766,12,2636,25,55605],"class_list":{"0":"post-490111","1":"post","2":"type-post","3":"status-publish","4":"format-standard","5":"has-post-thumbnail","7":"category-nantes","8":"tag-actu","9":"tag-actualites","10":"tag-eu","11":"tag-europe","12":"tag-fr","13":"tag-france","14":"tag-le-matin","15":"tag-nantes","16":"tag-news","17":"tag-pays-de-la-loire","18":"tag-republique-francaise","19":"tag-vent-douest"},"share_on_mastodon":{"url":"https:\/\/pubeurope.com\/@fr\/115437652062193707","error":""},"_links":{"self":[{"href":"https:\/\/www.europesays.com\/fr\/wp-json\/wp\/v2\/posts\/490111","targetHints":{"allow":["GET"]}}],"collection":[{"href":"https:\/\/www.europesays.com\/fr\/wp-json\/wp\/v2\/posts"}],"about":[{"href":"https:\/\/www.europesays.com\/fr\/wp-json\/wp\/v2\/types\/post"}],"author":[{"embeddable":true,"href":"https:\/\/www.europesays.com\/fr\/wp-json\/wp\/v2\/users\/2"}],"replies":[{"embeddable":true,"href":"https:\/\/www.europesays.com\/fr\/wp-json\/wp\/v2\/comments?post=490111"}],"version-history":[{"count":0,"href":"https:\/\/www.europesays.com\/fr\/wp-json\/wp\/v2\/posts\/490111\/revisions"}],"wp:featuredmedia":[{"embeddable":true,"href":"https:\/\/www.europesays.com\/fr\/wp-json\/wp\/v2\/media\/490112"}],"wp:attachment":[{"href":"https:\/\/www.europesays.com\/fr\/wp-json\/wp\/v2\/media?parent=490111"}],"wp:term":[{"taxonomy":"category","embeddable":true,"href":"https:\/\/www.europesays.com\/fr\/wp-json\/wp\/v2\/categories?post=490111"},{"taxonomy":"post_tag","embeddable":true,"href":"https:\/\/www.europesays.com\/fr\/wp-json\/wp\/v2\/tags?post=490111"}],"curies":[{"name":"wp","href":"https:\/\/api.w.org\/{rel}","templated":true}]}}