{"id":490123,"date":"2025-10-26T00:45:21","date_gmt":"2025-10-26T00:45:21","guid":{"rendered":"https:\/\/www.europesays.com\/fr\/490123\/"},"modified":"2025-10-26T00:45:21","modified_gmt":"2025-10-26T00:45:21","slug":"previsions-du-dimanche-26-octobre-2025-10","status":"publish","type":"post","link":"https:\/\/www.europesays.com\/fr\/490123\/","title":{"rendered":"pr\u00e9visions du dimanche 26 octobre 2025"},"content":{"rendered":"<p class=\"mb-4 text-lg md:leading-8 break-words\"><strong>M\u00e9t\u00e9o &#8211; La ville profitera de quelques \u00e9claircies aujourd&rsquo;hui. Les temp\u00e9ratures seront de 7\u00b0C le matin et de 10\u00b0C l&rsquo;apr\u00e8s-midi&#8230;<\/strong><\/p>\n<p class=\"mb-4 text-lg md:leading-8 break-words\">Le soleil appara\u00eet l\u00e9g\u00e8rement aujourd&rsquo;hui. Ces \u00e9claircies devraient faire plaisir aux habitants de Lille. Les temp\u00e9ratures seront comprises entre 5 et 10\u00b0C. Un vent d&rsquo;ouest soufflera \u00e0 21 km\/h. Les Lillois vont avoir froid le matin : les temp\u00e9ratures ne vont pas d\u00e9passer 9\u00b0C. Les valeurs s&rsquo;\u00e9chelonneront entre 5\u00b0C et 9\u00b0C. Les maximales atteindront les 10\u00b0C dans l&rsquo;apr\u00e8s-midi tandis que les minimales seront de 9\u00b0C. Il va pleuvoir le soir. Les temp\u00e9ratures iront de 8 \u00e0 9\u00b0C. La nuit sera pluvieuse.<\/p>\n<p class=\"mb-4 text-lg md:leading-8 break-words\">Demain, le soleil sera dissimul\u00e9 derri\u00e8re des nuages \u00e0 Lille, o\u00f9 le ciel sera maussade. Des pluies \u00e9parses vont tomber sur la ville. La m\u00e9t\u00e9o va se r\u00e9chauffer avec une augmentation de quelques degr\u00e9s. Les valeurs afficheront entre 9 et 13\u00b0C. Un vent de nord-ouest, atteignant 24 km\/h, soufflera. Toujours de la grisaille le matin. Les nuages vont s&rsquo;attarder. Les temp\u00e9ratures avoisineront les 11\u00b0C. La grisaille ne se dissipe toujours pas, il y aura encore des nuages demain apr\u00e8s-midi. Les valeurs seront comprises entre 11 et 12\u00b0C. Les nuages \u00e0 pr\u00e9voir demain soir, et un ciel encore gris. La m\u00e9t\u00e9o sera marqu\u00e9e par des pluies \u00e9parses. Les temp\u00e9ratures seront de 11\u00b0C.<\/p>\n<p class=\"mb-4 text-lg md:leading-8 break-words\">La m\u00e9t\u00e9o des jours qui suivent va changer peu \u00e0 peu. La m\u00e9t\u00e9o se maintiendra mardi mais une am\u00e9lioration s&rsquo;ensuivra mercredi.<\/p>\n<p class=\"mb-4 text-lg md:leading-8 break-words\"><a href=\"https:\/\/www.20minutes.fr\/planete\/previsions-meteo\/4181600-20251026-meteo-lille-previsions-dimanche-26-octobre-2025?at_medium=RSS%20feed&amp;at_campaign=ynews&amp;utm_source=yahoo&amp;utm_medium=rss&amp;utm_campaign=news_feed&amp;utm_content=read_more_link&quot;\" rel=\"nofollow noopener\" target=\"_blank\" data-ylk=\"slk:Lire la suite sur 20minutes;elm:context_link;itc:0;sec:content-canvas\" class=\"link \">Lire la suite sur 20minutes<\/a><\/p>\n","protected":false},"excerpt":{"rendered":"M\u00e9t\u00e9o &#8211; La ville profitera de quelques \u00e9claircies aujourd&rsquo;hui. Les temp\u00e9ratures seront de 7\u00b0C le matin et de&hellip;\n","protected":false},"author":2,"featured_media":490124,"comment_status":"","ping_status":"","sticky":false,"template":"","format":"standard","meta":{"footnotes":""},"categories":[2815],"tags":[1111,11,1777,674,1011,27,811,56028,44166,1307,12,25,55605],"class_list":{"0":"post-490123","1":"post","2":"type-post","3":"status-publish","4":"format-standard","5":"has-post-thumbnail","7":"category-lille","8":"tag-actu","9":"tag-actualites","10":"tag-eu","11":"tag-europe","12":"tag-fr","13":"tag-france","14":"tag-hauts-de-france","15":"tag-la-meteo","16":"tag-le-matin","17":"tag-lille","18":"tag-news","19":"tag-republique-francaise","20":"tag-vent-douest"},"share_on_mastodon":{"url":"https:\/\/pubeurope.com\/@fr\/115437707208284073","error":""},"_links":{"self":[{"href":"https:\/\/www.europesays.com\/fr\/wp-json\/wp\/v2\/posts\/490123","targetHints":{"allow":["GET"]}}],"collection":[{"href":"https:\/\/www.europesays.com\/fr\/wp-json\/wp\/v2\/posts"}],"about":[{"href":"https:\/\/www.europesays.com\/fr\/wp-json\/wp\/v2\/types\/post"}],"author":[{"embeddable":true,"href":"https:\/\/www.europesays.com\/fr\/wp-json\/wp\/v2\/users\/2"}],"replies":[{"embeddable":true,"href":"https:\/\/www.europesays.com\/fr\/wp-json\/wp\/v2\/comments?post=490123"}],"version-history":[{"count":0,"href":"https:\/\/www.europesays.com\/fr\/wp-json\/wp\/v2\/posts\/490123\/revisions"}],"wp:featuredmedia":[{"embeddable":true,"href":"https:\/\/www.europesays.com\/fr\/wp-json\/wp\/v2\/media\/490124"}],"wp:attachment":[{"href":"https:\/\/www.europesays.com\/fr\/wp-json\/wp\/v2\/media?parent=490123"}],"wp:term":[{"taxonomy":"category","embeddable":true,"href":"https:\/\/www.europesays.com\/fr\/wp-json\/wp\/v2\/categories?post=490123"},{"taxonomy":"post_tag","embeddable":true,"href":"https:\/\/www.europesays.com\/fr\/wp-json\/wp\/v2\/tags?post=490123"}],"curies":[{"name":"wp","href":"https:\/\/api.w.org\/{rel}","templated":true}]}}