{"id":490125,"date":"2025-10-26T00:46:25","date_gmt":"2025-10-26T00:46:25","guid":{"rendered":"https:\/\/www.europesays.com\/fr\/490125\/"},"modified":"2025-10-26T00:46:25","modified_gmt":"2025-10-26T00:46:25","slug":"le-maeva-lirreductible-bar-de-quartier-qui-resiste-encore-et-toujours-a-lamenageur","status":"publish","type":"post","link":"https:\/\/www.europesays.com\/fr\/490125\/","title":{"rendered":"Le Maeva, l&rsquo;irr\u00e9ductible bar de quartier qui r\u00e9siste encore et toujours \u00e0 l&rsquo;am\u00e9nageur"},"content":{"rendered":"<p>\t    Le Maeva, l&rsquo;irr\u00e9ductible bar de quartier qui r\u00e9siste encore et toujours \u00e0 l&rsquo;am\u00e9nageur &#8211; Marsactu<\/p>\n<p>&#13;<br \/>\n\t\t&#13;<\/p>\n<p>Nous utilisons des cookies pour vous garantir la meilleure exp\u00e9rience sur notre site. Vous pouvez choisir de refuser les cookies.J&rsquo;accepteNonEn savoir plus<\/p>\n<p>\t\t&#13;<\/p>\n","protected":false},"excerpt":{"rendered":"Le Maeva, l&rsquo;irr\u00e9ductible bar de quartier qui r\u00e9siste encore et toujours \u00e0 l&rsquo;am\u00e9nageur &#8211; Marsactu &#13; &#13; Nous&hellip;\n","protected":false},"author":2,"featured_media":490126,"comment_status":"","ping_status":"","sticky":false,"template":"","format":"standard","meta":{"footnotes":""},"categories":[2814],"tags":[1111,11,1777,48286,674,1011,27,884,12,882,60673,2687,25,4772],"class_list":{"0":"post-490125","1":"post","2":"type-post","3":"status-publish","4":"format-standard","5":"has-post-thumbnail","7":"category-marseille","8":"tag-actu","9":"tag-actualites","10":"tag-eu","11":"tag-euromediterranee2","12":"tag-europe","13":"tag-fr","14":"tag-france","15":"tag-marseille","16":"tag-news","17":"tag-provence-alpes-cote-dazur","18":"tag-quartierchantier","19":"tag-reportage","20":"tag-republique-francaise","21":"tag-zalu"},"share_on_mastodon":{"url":"https:\/\/pubeurope.com\/@fr\/115437711137789993","error":""},"_links":{"self":[{"href":"https:\/\/www.europesays.com\/fr\/wp-json\/wp\/v2\/posts\/490125","targetHints":{"allow":["GET"]}}],"collection":[{"href":"https:\/\/www.europesays.com\/fr\/wp-json\/wp\/v2\/posts"}],"about":[{"href":"https:\/\/www.europesays.com\/fr\/wp-json\/wp\/v2\/types\/post"}],"author":[{"embeddable":true,"href":"https:\/\/www.europesays.com\/fr\/wp-json\/wp\/v2\/users\/2"}],"replies":[{"embeddable":true,"href":"https:\/\/www.europesays.com\/fr\/wp-json\/wp\/v2\/comments?post=490125"}],"version-history":[{"count":0,"href":"https:\/\/www.europesays.com\/fr\/wp-json\/wp\/v2\/posts\/490125\/revisions"}],"wp:featuredmedia":[{"embeddable":true,"href":"https:\/\/www.europesays.com\/fr\/wp-json\/wp\/v2\/media\/490126"}],"wp:attachment":[{"href":"https:\/\/www.europesays.com\/fr\/wp-json\/wp\/v2\/media?parent=490125"}],"wp:term":[{"taxonomy":"category","embeddable":true,"href":"https:\/\/www.europesays.com\/fr\/wp-json\/wp\/v2\/categories?post=490125"},{"taxonomy":"post_tag","embeddable":true,"href":"https:\/\/www.europesays.com\/fr\/wp-json\/wp\/v2\/tags?post=490125"}],"curies":[{"name":"wp","href":"https:\/\/api.w.org\/{rel}","templated":true}]}}