{"id":490132,"date":"2025-10-26T00:51:46","date_gmt":"2025-10-26T00:51:46","guid":{"rendered":"https:\/\/www.europesays.com\/fr\/490132\/"},"modified":"2025-10-26T00:51:46","modified_gmt":"2025-10-26T00:51:46","slug":"normandie-bretagne-ile-de-france-quelles-sont-les-lignes-de-trains-perturbees-par-la-tempete-benjamin","status":"publish","type":"post","link":"https:\/\/www.europesays.com\/fr\/490132\/","title":{"rendered":"Normandie, Bretagne, \u00cele-de-France&#8230; Quelles sont les lignes de trains perturb\u00e9es par la temp\u00eate Benjamin ?"},"content":{"rendered":"<p>\n    Les conditions climatiques engendrent des difficult\u00e9s dans plusieurs r\u00e9gions ce jeudi.<\/p>\n<p class=\"fig-paragraph\">La\u00a0<a href=\"http:\/\/www.lefigaro.fr\/meteo\/tempete-benjamin-18-departements-en-vigilance-orange-ce-jeudi-20251022\" target=\"_blank\" data-fig-type=\"NewsFlash\" rel=\"noopener nofollow\" data-gtm-custom-categorie=\"navigation\" data-gtm-custom-action=\"crossclick\" data-gtm-custom-label=\"Contextuel\" data-gtm-event=\"customEventSPE\" data-fig-domain=\"LEFIGARO\">temp\u00eate Benjamin<\/a>\u00a0perturbe le trafic ferroviaire. De nombreuses lignes connaissent des difficult\u00e9s de circulation, ce jeudi, en raison des conditions climatiques. La circulation des trains TER sera suspendue sur certains axes et les vitesses de circulation r\u00e9duites sur d&rsquo;autres, selon SNCF R\u00e9seau et les sites internet des TER des r\u00e9gions concern\u00e9es. En revanche, les trains \u00e0 grande vitesse circuleront, a fait savoir la SNCF. Le Figaro fait le point.<\/p>\n<p>Auvergne-Rh\u00f4ne-Alpes<\/p>\n<p class=\"fig-paragraph\">En Auvergne-Rh\u00f4ne-Alpes, \u00abdes vents violents\u00a0pourraient perturber la circulation des trains et bus sur la r\u00e9gion toute la journ\u00e9e\u00bb indique la SNCF. Le trafic est interrompu de 10 heures \u00e0 15 heures sur la ligne Bellegarde-Annemasse-Evian et le trafic est interrompu sur la ligne Grenoble-Saint Andr\u00e9 Le Gaz jusqu\u2019\u00e0 12h30, en raison d\u2019un arbre sur les voies.<\/p>\n<p>                                    <a class=\"fig-a11y-skip a11y-hidden\" href=\"#fig-a11y-skip-main-inarticle\"><br \/>\n        Passer la publicit\u00e9<br \/>\n    <\/a><\/p>\n<p>Normandie<\/p>\n<p class=\"fig-paragraph\">En Normandie, la circulation sera interrompue \u00absur la quasi-totalit\u00e9 des lignes\u00bb, \u00e0 l&rsquo;exception des lignes Paris-Rouen en train CITI, sur la ligne Paris-Vernon et sur la ligne Paris-Dreux-Argentan avec un aller-retour et une limitation de vitesse sur une partie du trajet, selon le site TER Normandie. \u00abLa reprise normale du trafic d\u00e9pendra des impacts vents violents sur les voies\u00bb, est-il pr\u00e9cis\u00e9. Aucun train ne circulera entre Caen et Rennes.<\/p>\n<p>Bretagne<\/p>\n<p class=\"fig-paragraph\">En Bretagne, la circulation sera \u00e9galement perturb\u00e9e sur les lignes Brest-Quimper, Brest-Nantes et Rennes-Nantes.<\/p>\n<p>\u00cele-de-France<\/p>\n<p class=\"fig-paragraph\">Sur le r\u00e9seau Transilien, la ligne V est interrompue de 12 heures \u00e0 17 heures, la ligne H est ralentie entre Pontoise et Persan-Beaumont et entre Saint-Leu-la-For\u00eat et Persan-Beaumont dans les 2 sens, tandis que la ligne P est interrompue entre Trilport et La Fert\u00e9-Milon et entre Tournan et Coulommiers de 12 heures \u00e0 16 heures. De m\u00eame, le trafic sur la ligne J est ralenti entre Pontoise et Gisors dans les deux sens, et des perturbations sont \u00e0 pr\u00e9voir sur la ligne K. La ligne L est aussi en difficult\u00e9, et le trafic est interrompu entre Garches Marnes-la-Coquette et Saint-Cloud dans les 2 sens et fortement perturb\u00e9 entre Versailles Rive Droite et Paris Saint-Lazare et entre St-Nom-la-Bret\u00e8che et Paris Saint-Lazare dans les 2 sens<\/p>\n<p class=\"fig-paragraph\">Sur le RER C, le trafic est interrompu entre Ermont-Eaubonne et Pontoise dans les 2 sens jusqu\u2019\u00e0 16h et perturb\u00e9 entre Ermont-Eaubonne et Massy-Palaiseau dans les 2 sens, en raison d\u2019un arbre sur la voie. Sur le RER D, le trafic est fortement ralenti entre Juvisy et Malesherbes via Ris-Orangis dans les 2 sens, indique la SNCF, qui pr\u00e9vient de retards pouvant aller jusqu\u2019\u00e0 une heure.<\/p>\n<p>Centre-Val de Loire<\/p>\n<p class=\"fig-paragraph\">En Centre-Val de Loire, il n\u2019y a aucune circulation sur la ligne Paris-Chartres-Nogent le Rotrou-Le Mans entre 12h30 et 17h00. Aucune substitution routi\u00e8re n\u2019est mise en place. En outre, un arbre est pr\u00e9sent sur une voie, pr\u00e9cise la SNCF, sans indiquer pour l\u2019heure laquelle.<\/p>\n<p>                                    <a class=\"fig-a11y-skip a11y-hidden\" href=\"#fig-a11y-skip-main-inarticle_mtf\"><br \/>\n        Passer la publicit\u00e9<br \/>\n    <\/a><\/p>\n<p>Grand Est<\/p>\n<p class=\"fig-paragraph\">Dans le Grand Est, aucune perturbation particuli\u00e8re n\u2019est indiqu\u00e9e pour l\u2019heure.<\/p>\n<p>Bourgogne-Franche-Comt\u00e9<\/p>\n<p class=\"fig-paragraph\">En Bourgogne-Franche-Comt\u00e9, la circulation des trains est perturb\u00e9e, avec des suppressions et des retards \u00e0 pr\u00e9voir. La fin des perturbations est pr\u00e9vue \u00e0 17 heures indique la SNCF.<\/p>\n<p>Pays de la Loire<\/p>\n<p class=\"fig-paragraph\">Dans les Pays de la Loire, \u00abdes retards et des suppressions sont \u00e0 pr\u00e9voir\u00bb, selon le site internet TER de la r\u00e9gion. Le trafic est fortement perturb\u00e9 dans les deux sens de circulation, sur les lignes Nantes &#8211; Savenay, Nantes &#8211; Clisson, Nantes &#8211; Ch\u00e2teaubriant, Nantes &#8211; Pornic, Nantes &#8211; St-Gilles-Croix-De-Vie, Nantes Cholet Angers Saumur, Nantes &#8211; Le Croisic, Nantes &#8211; Rennes Via Redon, Nantes &#8211; Les Sables D\u2019Olonne, Nantes &#8211; La Rochelle, Nantes &#8211; St Nazaire &#8211; Le Croisic, Nantes &#8211; Cholet, Nantes &#8211; Redon, 10. Saumur -Thouars &#8211; Bressuire indique la SNCF.<\/p>\n<p>Nouvelle-Aquitaine<\/p>\n<p class=\"fig-paragraph\">En Nouvelle-Aquitaine, la circulation des trains sera interrompue sur une vingtaine de lignes toute la journ\u00e9e &#8211; parmi les principales Bordeaux-La Rochelle, Bordeaux-Hendaye ou encore Limoges-Poitiers, et ralentie, avec des limitations de vitesse impos\u00e9e sur sept autres &#8211; dont la ligne de Bordeaux \u00e0 Poitiers, o\u00f9 circule le TGV entre Paris et le Sud-Ouest, a annonc\u00e9 la SNCF.<\/p>\n<p>Hauts-de-France<\/p>\n<p class=\"fig-paragraph\">Dans les Hauts-de-France, des lignes seront \u00e9galement interrompues: Arras-Saint Pol, B\u00e9thune-Saint Pol, Etaples-Saint Pol, Beauvais-Abancourt-Le Tr\u00e9port, Amiens-Compi\u00e8gne, Abancourt-Rouen, Beauvais-Creil. Sur le reste du r\u00e9seau ferr\u00e9 r\u00e9gional, la circulation des TER sera perturb\u00e9e toute la journ\u00e9e\u00a0et la vitesse sera limit\u00e9e \u00e0 70 km\/h, avec un retour \u00e0 la normale pr\u00e9vu \u00e0 partir de demain en d\u00e9but de matin\u00e9e. Un ralentissement de la circulation sur les lignes C10, C11, C12, C13, C14, C17, K10, K11, K12, K13, K14, K15, K16, P14, P15 est \u00e0 pr\u00e9voir \u00e9galement.<\/p>\n<p>                                    <a class=\"fig-a11y-skip a11y-hidden\" href=\"#fig-a11y-skip-main-inarticle_btf\"><br \/>\n        Passer la publicit\u00e9<br \/>\n    <\/a><\/p>\n<p>Occitanie<\/p>\n<p class=\"fig-paragraph\">En Occitanie, une interruption totale des circulations entre Al\u00e8s-G\u00e8nolhac, Brive la Gaillarde-Rodez et Toulouse-Aurillac est pr\u00e9vue\u00a0toute la journ\u00e9e.\u00a0Aucune substitution routi\u00e8re ne sera mise en place.<\/p>\n<p>Provence-Alpes-C\u00f4te d\u2019Azur<\/p>\n<p class=\"fig-paragraph\">En Provence-Alpes-C\u00f4te d\u2019Azur, une interruption totale des circulations entre Cannes et Grasse est pr\u00e9vue entre 14 heures et 17 heures. La temp\u00eate Benjamin occasionnera de \u00abfortes rafales\u00bb de vent sur une \u00abbonne partie du territoire\u00bb jeudi, avec de grosses vagues sur le littoral atlantique et les c\u00f4tes de la Manche, selon M\u00e9t\u00e9o France qui a plac\u00e9 18 d\u00e9partements au total en vigilance orange.<\/p>\n","protected":false},"excerpt":{"rendered":"Les conditions climatiques engendrent des difficult\u00e9s dans plusieurs r\u00e9gions ce jeudi. La\u00a0temp\u00eate Benjamin\u00a0perturbe le trafic ferroviaire. De nombreuses&hellip;\n","protected":false},"author":2,"featured_media":490133,"comment_status":"","ping_status":"","sticky":false,"template":"","format":"standard","meta":{"footnotes":""},"categories":[1592],"tags":[1111,11,1777,674,1011,27,662,12,626,25,2215,7747,6472],"class_list":{"0":"post-490132","1":"post","2":"type-post","3":"status-publish","4":"format-standard","5":"has-post-thumbnail","7":"category-ile-de-france","8":"tag-actu","9":"tag-actualites","10":"tag-eu","11":"tag-europe","12":"tag-fr","13":"tag-france","14":"tag-ile-de-france","15":"tag-news","16":"tag-paris","17":"tag-republique-francaise","18":"tag-sncf","19":"tag-tempete","20":"tag-ter"},"share_on_mastodon":{"url":"https:\/\/pubeurope.com\/@fr\/115437730755839481","error":""},"_links":{"self":[{"href":"https:\/\/www.europesays.com\/fr\/wp-json\/wp\/v2\/posts\/490132","targetHints":{"allow":["GET"]}}],"collection":[{"href":"https:\/\/www.europesays.com\/fr\/wp-json\/wp\/v2\/posts"}],"about":[{"href":"https:\/\/www.europesays.com\/fr\/wp-json\/wp\/v2\/types\/post"}],"author":[{"embeddable":true,"href":"https:\/\/www.europesays.com\/fr\/wp-json\/wp\/v2\/users\/2"}],"replies":[{"embeddable":true,"href":"https:\/\/www.europesays.com\/fr\/wp-json\/wp\/v2\/comments?post=490132"}],"version-history":[{"count":0,"href":"https:\/\/www.europesays.com\/fr\/wp-json\/wp\/v2\/posts\/490132\/revisions"}],"wp:featuredmedia":[{"embeddable":true,"href":"https:\/\/www.europesays.com\/fr\/wp-json\/wp\/v2\/media\/490133"}],"wp:attachment":[{"href":"https:\/\/www.europesays.com\/fr\/wp-json\/wp\/v2\/media?parent=490132"}],"wp:term":[{"taxonomy":"category","embeddable":true,"href":"https:\/\/www.europesays.com\/fr\/wp-json\/wp\/v2\/categories?post=490132"},{"taxonomy":"post_tag","embeddable":true,"href":"https:\/\/www.europesays.com\/fr\/wp-json\/wp\/v2\/tags?post=490132"}],"curies":[{"name":"wp","href":"https:\/\/api.w.org\/{rel}","templated":true}]}}