{"id":490134,"date":"2025-10-26T00:53:12","date_gmt":"2025-10-26T00:53:12","guid":{"rendered":"https:\/\/www.europesays.com\/fr\/490134\/"},"modified":"2025-10-26T00:53:12","modified_gmt":"2025-10-26T00:53:12","slug":"star-academy-mehdi-premier-elimine-de-la-saison-sarah-immunisee-pour-la-semaine-prochaine","status":"publish","type":"post","link":"https:\/\/www.europesays.com\/fr\/490134\/","title":{"rendered":"\u00ab\u00a0Star Academy\u00a0\u00bb\u00a0: Mehdi premier \u00e9limin\u00e9 de la saison, Sarah immunis\u00e9e pour la semaine prochaine"},"content":{"rendered":"<p class=\"paragraph text_align_left lp-f-body-02\">Une semaine apr\u00e8s l\u2019arriv\u00e9e au Ch\u00e2teau de Dammarie-les-Lys de la promotion 2025 de <a href=\"https:\/\/www.leparisien.fr\/culture-loisirs\/tv\/star-academy\/\" target=\"_blank\" rel=\"noreferrer nofollow noopener\">\u00ab Star Academy \u00bb<\/a>, un ou une des 17 \u00e9l\u00e8ves doit d\u00e9j\u00e0 quitter l\u2019aventure ce samedi soir. Mehdi, Ema et Th\u00e9o P. sont sur la sellette, nomm\u00e9s apr\u00e8s 7 jours de comp\u00e9tition. L\u2019enjeu est oubli\u00e9 lors de l\u2019entr\u00e9e coll\u00e9giale sur \u00ab Voulez-vous \u00bb, le<a href=\"https:\/\/www.leparisien.fr\/culture-loisirs\/tv\/star-academy-decouvrez-lhymne-officielle-de-la-13e-saison-19-10-2025-O6OS2WVOWNCONIYAMAFWGCJ4JU.php\" target=\"_blank\" rel=\"noreferrer nofollow noopener\"> tube d\u2019ABBA, \u00e9trangement traduit en Fran\u00e7ais, qui sert d\u2019hymne de cette \u00e9dition du t\u00e9l\u00e9-crochet de TF1<\/a>. Pas de pression non plus pour <a href=\"https:\/\/www.leparisien.fr\/culture-loisirs\/tv\/star-academy-qui-est-victor-le-premier-eleve-immunise-de-la-nouvelle-saison-19-10-2025-MOHUL4HS25GAHFXGP3LYHWMAMI.php\" target=\"_blank\" rel=\"noreferrer nofollow noopener\">Victor. Immunis\u00e9 cette semaine<\/a> car il a \u00e9t\u00e9 le meilleur le samedi pr\u00e9c\u00e9dent, le Parisien de 24 ans propose la premi\u00e8re prestation solo de la soir\u00e9e avec \u00ab Take Me to Church \u00bb de Hozier. Et effectivement il chante tr\u00e8s juste, un vrai professionnel, et termine en se jetant \u00e0 la renverse dans le vide en haut d\u2019un escalier. \u00ab Extraordinaire \u00bb, dit Nikos, impressionn\u00e9.<\/p>\n<p class=\"paragraph text_align_left lp-f-body-02\">M\u00eame ma\u00eetrise pour Jeanne, en duo avec Benjamin Biolay sur \u00ab Ton h\u00e9ritage \u00bb qu\u2019elle propose les yeux dans les yeux avec le chanteur. \u00ab C\u2019\u00e9tait hyper impressionnant mais c\u2019\u00e9tait trop bien \u00bb, dit la jeune Agenaise. S\u2019ensuit un medley de Michel Sardou, Jean-Jacques Goldman et Jean-Louis Aubert, entrecoup\u00e9 de magn\u00e9tos qui compilent les moments marquants des cours au Ch\u00e2teau. Une bonne id\u00e9e pour casser le train-train de l\u2019\u00e9mission.<\/p>\n<p class=\"paragraph text_align_left lp-f-body-02\">21h52, apr\u00e8s une premi\u00e8re page de pub, Victor, Jeanne et Sarah, les trois \u00e9l\u00e8ves en t\u00eate des \u00e9valuations de la semaine, s\u2019affrontent pour la \u00ab Battle du Top 3 \u00bb, avec \u00e0 la cl\u00e9 une immunit\u00e9 dans 7 jours sur \u00ab Tout doucement \u00bb de Bibi. \u00c0 nos yeux, Sarah est la de loin la plus impressionnante ce soir en mettant tout son caract\u00e8re dans son interpr\u00e9tation. Michael Goldman est du m\u00eame avis que nous, comme la plupart des professeurs. Sarah est donc immunis\u00e9e et donc assur\u00e9e d\u2019\u00eatre au Studio 217 de La Plaine Saint-Denis dans 15 jours.<\/p>\n<p class=\"paragraph text_align_left lp-f-body-02\">On encha\u00eene sur un duo d\u2019Amel Bent avec Ambre sur sa chanson \u00ab Le droit \u00e0 l\u2019erreur \u00bb. C\u2019est un cadeau empoisonn\u00e9 pour la jeune Parisienne d\u2019\u00eatre face \u00e0 l\u2019une des plus belles voix de la chanson fran\u00e7aise\u2026 Mais aucun prof n\u2019a nos r\u00e9serves.<\/p>\n<p>Un \u00ab Face \u00e0 face \u00bb peu convaincant<\/p>\n<p class=\"paragraph text_align_left lp-f-body-02\">Si la s\u00e9quence de la \u00ab Battle du Top 3 \u00bb fonctionne bien, on est plus dubitatifs sur le \u00ab Face \u00e0 face \u00bb trop longuet et un peu faux entre Anouk et Bastiaan sur \u00ab \u00catre \u00e0 la hauteur \u00bb d\u2019Emmanuel Moire\u2026 Et on se moque totalement de savoir qui a gagn\u00e9 ce duel\u2026<\/p>\n<p class=\"paragraph text_align_left lp-f-body-02\">Apr\u00e8s une nouvelle page de pub, L\u00e9ane fait le num\u00e9ro chant\u00e9 dans\u00e9 sur Rihanna. La Montpelli\u00e9raine assure bien la partie dans\u00e9e, m\u00eame si le chant laisse \u00e0 d\u00e9sirer. Elle d\u00e9croche la note de 14,9\/20. Au fil des semaines, l\u2019\u00e9l\u00e8ve avec la meilleure note int\u00e9grera la tourn\u00e9e. On encha\u00eene avec M\u00e9lissa en duo avec <a href=\"https:\/\/www.leparisien.fr\/culture-loisirs\/musique\/on-la-enregistre-dans-une-chambre-soleil-bleu-le-tube-de-lete-quon-na-pas-vu-venir-05-08-2025-XZPCFOZQAVHIFAUWSJS42FA5JU.php\" target=\"_blank\" rel=\"noreferrer nofollow noopener\">Luiza sur \u00ab Soleil Bleu \u00bb<\/a>. On s\u2019ennuie un peu\u2026 Heureusement, L\u00e9a encha\u00eene avec un long portrait en chansons, avec des titres de Tal, Gloria Gaynor, Amel Bent (qui la rejoint sur sc\u00e8ne) et Mentissa. Tout le monde pleure, \u00e0 commencer par sa maman. <\/p>\n<p class=\"paragraph text_align_left lp-f-body-02\">L\u00e9o fait un duo avec Beno\u00eet Poher de Kyo (et son pyjama en satin !) sur \u00ab Le Graal \u00bb. L\u2019ambiance s\u2019enflamme dans le studio avant une derni\u00e8re pause pub ! Au retour de l\u2019\u00e9mission, Mehdi, Ema et Th\u00e9o P., les trois candidats en ballottage pour l\u2019\u00e9limination se produisent l\u2019un apr\u00e8s l\u2019autre. Avant leur titre, ils prononcent quelques mots pour mobiliser le public qui peut les sauver par SMS. Ema commence par l\u2019\u00e9mouvant \u00ab Voil\u00e0 \u00bb de Barbara Pravi. Mehdi arrive ensuite devant le rideau jaune avec une trop sage reprise d\u2019\u00ab Ind\u00e9l\u00e9bile \u00bb d\u2019Yseult. Au tour de Th\u00e9o P. de se pr\u00e9senter avant de proposer \u00ab Quand je marche \u00bb de Ben Mazu\u00e9.<\/p>\n<p class=\"title-embed-dailymotion lp-color-text lp-f-subtitle-04\">Vid\u00e9o\u00ab Star Ac\u2019 \u00bb, \u00ab Secret Story \u00bb&#8230; Pourquoi les cha\u00eenes de t\u00e9l\u00e9 ressortent leurs vieux programmes ?<\/p>\n<p class=\"paragraph text_align_left lp-f-body-02\">Pour patienter, Anouk, L\u00e9a et Sarah reprennent \u00ab Golden \u00bb du groupe KPop Demon Hunters en mode symphoniques. Les coll\u00e9giales ne sont jamais les titres les plus travaill\u00e9s par les \u00e9l\u00e8ves qui privil\u00e9gient leurs prestations solos. Lily r\u00e9alise le dernier duo du soir avec le groupe Lilly Wood and the Prick, avant que toute la promo s\u2019asseye autour de Kyo pour une \u00ab Derni\u00e8re danse\u00bb.<\/p>\n<p class=\"paragraph text_align_left lp-f-body-02\">Place au verdict. Le public sauve Th\u00e9o P. C\u2019est donc les \u00e9l\u00e8ves restants qui vont devoir d\u00e9partager Ema et Mehdi. Les voix se multiplient pour la jeune fille m\u00eame si les \u00e9l\u00e8ves s\u2019excusent tous de la cruaut\u00e9 de leur dilemme. Ema recueille vite 10 voix et c\u2019est logiquement Mehdi qui part ce soir du Ch\u00e2teau et de cette \u00ab Star Academy \u00bb 2025.<\/p>\n","protected":false},"excerpt":{"rendered":"Une semaine apr\u00e8s l\u2019arriv\u00e9e au Ch\u00e2teau de Dammarie-les-Lys de la promotion 2025 de \u00ab Star Academy \u00bb, un&hellip;\n","protected":false},"author":2,"featured_media":490135,"comment_status":"","ping_status":"","sticky":false,"template":"","format":"standard","meta":{"footnotes":""},"categories":[1888],"tags":[1111,1928,11,1927,872,1777,674,1011,27,12,1926,626,1925,25,2205],"class_list":{"0":"post-490134","1":"post","2":"type-post","3":"status-publish","4":"format-standard","5":"has-post-thumbnail","7":"category-paris","8":"tag-actu","9":"tag-actu-paris","10":"tag-actualites","11":"tag-actualites-paris","12":"tag-culture-et-loisirs","13":"tag-eu","14":"tag-europe","15":"tag-fr","16":"tag-france","17":"tag-news","18":"tag-news-paris","19":"tag-paris","20":"tag-paris-news","21":"tag-republique-francaise","22":"tag-television-medias"},"share_on_mastodon":{"url":"https:\/\/pubeurope.com\/@fr\/115437738722208463","error":""},"_links":{"self":[{"href":"https:\/\/www.europesays.com\/fr\/wp-json\/wp\/v2\/posts\/490134","targetHints":{"allow":["GET"]}}],"collection":[{"href":"https:\/\/www.europesays.com\/fr\/wp-json\/wp\/v2\/posts"}],"about":[{"href":"https:\/\/www.europesays.com\/fr\/wp-json\/wp\/v2\/types\/post"}],"author":[{"embeddable":true,"href":"https:\/\/www.europesays.com\/fr\/wp-json\/wp\/v2\/users\/2"}],"replies":[{"embeddable":true,"href":"https:\/\/www.europesays.com\/fr\/wp-json\/wp\/v2\/comments?post=490134"}],"version-history":[{"count":0,"href":"https:\/\/www.europesays.com\/fr\/wp-json\/wp\/v2\/posts\/490134\/revisions"}],"wp:featuredmedia":[{"embeddable":true,"href":"https:\/\/www.europesays.com\/fr\/wp-json\/wp\/v2\/media\/490135"}],"wp:attachment":[{"href":"https:\/\/www.europesays.com\/fr\/wp-json\/wp\/v2\/media?parent=490134"}],"wp:term":[{"taxonomy":"category","embeddable":true,"href":"https:\/\/www.europesays.com\/fr\/wp-json\/wp\/v2\/categories?post=490134"},{"taxonomy":"post_tag","embeddable":true,"href":"https:\/\/www.europesays.com\/fr\/wp-json\/wp\/v2\/tags?post=490134"}],"curies":[{"name":"wp","href":"https:\/\/api.w.org\/{rel}","templated":true}]}}