{"id":490136,"date":"2025-10-26T00:54:10","date_gmt":"2025-10-26T00:54:10","guid":{"rendered":"https:\/\/www.europesays.com\/fr\/490136\/"},"modified":"2025-10-26T00:54:10","modified_gmt":"2025-10-26T00:54:10","slug":"tennis-rolex-paris-masters-carlos-alcaraz-jaime-beaucoup-ce-nouvel-endroit","status":"publish","type":"post","link":"https:\/\/www.europesays.com\/fr\/490136\/","title":{"rendered":"Tennis. Rolex Paris Masters &#8211; Carlos Alcaraz : \u00abJ&rsquo;aime beaucoup ce nouvel endroit&#8230;\u00bb"},"content":{"rendered":"<p>Un an apr\u00e8s sa d\u00e9faite d\u00e8s les huiti\u00e8mes de finale contre <strong><a href=\"https:\/\/www.tennisactu.net\/..\/news-atp-bale-ugo-humbert-abandonne-a-bale-a-deux-jours-du-rolex-paris-masters-119774.html\" rel=\"nofollow noopener\" target=\"_blank\">Ugo Humbert<\/a><\/strong> \u00e0 <strong>Bercy<\/strong>, <strong><a href=\"https:\/\/www.tennisactu.net\/..\/news-rolex-paris-masters-carlos-alcaraz-a-pris-ses-marques-a-paris-la-defense-arena-119738.html\" rel=\"nofollow noopener\" target=\"_blank\">Carlos Alcaraz<\/a><\/strong> retrouve <strong>Paris<\/strong> dans un nouveau d\u00e9cor, \u00e0 <strong>Paris La D\u00e9fense Arena<\/strong>. Plus frais, mieux pr\u00e9par\u00e9 et d\u00e9termin\u00e9 \u00e0 briller enfin en indoor, l\u2019Espagnol veut conclure une saison dense et marquer des gros points lors du dernier Masters 1000 de la saison qui pourraient l&rsquo;assurer, ou presque, de terminer la saison en tant que n\u00b0 1 mondial.<\/p>\n<p> Lire la suite de l&rsquo;article&#13;<\/p>\n<p>\u00a0<\/p>\n<p>&#13;<br \/>\n<a href=\"https:\/\/www.atptour.com\/en\/scores\/current\/paris\/352\/draws\" target=\"_blank\" rel=\"nofollow noopener\">Retrouvez ICI le tableau complet du Rolex Paris Masters<\/a>&#13;<\/p>\n<p style=\"text-align: center;\">\u00a0<\/p>\n<p>&#13;<\/p>\n<p><strong>Q. Bienvenue \u00e0 Paris. Que penses-tu du nouveau stade de Paris La D\u00e9fense\u00a0?<\/strong><\/p>\n<p>&#13;<\/p>\n<p>R. Je pense que c&rsquo;est impressionnant. J&rsquo;aime beaucoup ce nouvel endroit. Tout est fait pour les joueurs, c\u2019est plus confortable. Je pense que le changement est tout \u00e0 fait positif. Je suis ravi qu&rsquo;il y ait eu ce changement.<\/p>\n<p>&#13;<\/p>\n<p>\u00a0<\/p>\n<p>&#13;<br \/>\n\u00ab\u00a0La surface ? C&rsquo;est compl\u00e8tement diff\u00e9rent que l&rsquo;an dernier, c&rsquo;est plus lent\u00a0\u00bb&#13;<\/p>\n<p><strong>Q. Carlos, concernant le calendrier tennistique, de nombreuses personnes se plaignent du calendrier parce qu&rsquo;ils pensent qu&rsquo;il est trop charg\u00e9. Selon toi, quel est le calendrier id\u00e9al pour finir une saison en beaut\u00e9\u00a0?<\/strong><\/p>\n<p>&#13;<\/p>\n<p>R. Je ne pourrais pas vous dire le nombre de matchs que nous devons disputer. Je ne peux pas vous donner un chiffre pr\u00e9cis, mais ils doivent faire quelque chose avec ce calendrier. Je pense que le nombre de tournois disput\u00e9s est trop \u00e9lev\u00e9. Nous n&rsquo;avons pas assez de temps pour avoir une coupure pour se reposer. M\u00eame \u00e0 la fin de la saison, c&rsquo;est semaine apr\u00e8s semaine apr\u00e8s semaine. On n&rsquo;a pas le temps de bien se pr\u00e9parer pour un tournoi vers la fin de la saison. Je vais y r\u00e9fl\u00e9chir. Je vous donnerai la r\u00e9ponse plus tard concernant le nombre de matchs pendant la saison.<\/p>\n<p>&#13;<\/p>\n<p><strong>Q. Que penses-tu de la rapidit\u00e9 du court cette ann\u00e9e \u00e0 Paris\u00a0? Tu n&rsquo;as pas eu tes meilleurs r\u00e9sultats \u00e0 Paris, comment peux-tu l&rsquo;expliquer\u00a0? Est-ce la rapidit\u00e9 du court ou le moment de la saison\u00a0?<\/strong><\/p>\n<p>&#13;<\/p>\n<p>R. Cette ann\u00e9e, c&rsquo;est compl\u00e8tement diff\u00e9rent par rapport \u00e0 l&rsquo;ann\u00e9e derni\u00e8re. C&rsquo;est plus lent que l&rsquo;ann\u00e9e derni\u00e8re. Si le court est plus lent, on peut vraiment voir jouer du vrai tennis, ce n&rsquo;est pas simplement une question de service. On peut \u00e9laborer nos jeux, pn peut voir des \u00e9changes plus longs. J&rsquo;adore jouer ici, m\u00eame si je n&rsquo;ai pas eu les meilleurs r\u00e9sultats. Pendant cette p\u00e9riode de l&rsquo;ann\u00e9e, vous savez, cela a \u00e9t\u00e9 une longue saison, j&rsquo;ai eu des blessures. Ann\u00e9e apr\u00e8s ann\u00e9e, je m&rsquo;habitue. On va voir cette ann\u00e9e comment cela va se passer, si je peux aller plus loin que les ann\u00e9es pr\u00e9c\u00e9dentes.<\/p>\n<p>&#13;<\/p>\n<p>\u00a0<\/p>\n<p>&#13;<br \/>\n\u00ab\u00a0Si je dois choisir entre Paris, Turin et la Coupe Davis ? Je ne sais pas&#8230;\u00a0\u00bb&#13;<\/p>\n<p><strong>Q. Apr\u00e8s Tokyo, tu es rentr\u00e9 \u00e0 la maison, qu&rsquo;as-tu fait\u00a0? Quel type de pr\u00e9paration as-tu faite\u00a0? Comment as-tu r\u00e9cup\u00e9r\u00e9 apr\u00e8s ta blessure\u00a0?<\/strong><\/p>\n<p>&#13;<\/p>\n<p>R. C&rsquo;\u00e9tait chouette. Je ne voulais pas d\u00e9clarer forfait parce que c&rsquo;\u00e9tait un moment important pour moi. C&rsquo;est un moment important pour les joueurs. Je ne voulais pas disputer deux tournois l&rsquo;un apr\u00e8s l&rsquo;autre. J&rsquo;ai d\u00e9cid\u00e9 plut\u00f4t de rentrer chez moi et d&rsquo;\u00eatre en forme pour cette p\u00e9riode de l&rsquo;ann\u00e9e. On a pu voir l&rsquo;ann\u00e9e derni\u00e8re, il y a deux ans que je ne suis pas frais \u00e0 cette p\u00e9riode de l&rsquo;ann\u00e9e. J&rsquo;ai essay\u00e9 de me concentrer l\u00e0-dessus, d&rsquo;\u00eatre en meilleure forme, d&rsquo;\u00eatre pr\u00eat pour essayer d&rsquo;avoir de bons r\u00e9sultats pour ce tournoi. Je pense que c&rsquo;est le cas cette ann\u00e9e. Je me suis bien entra\u00een\u00e9, je frappe bien la balle. Je pense que je vais pouvoir faire un beau parcours.<\/p>\n<p>&#13;<\/p>\n<p><strong>Q. Pourquoi est-ce plus dur pour toi de jouer indoor\u00a0? Si tu devais faire un choix entre la Coupe Davis, Turin et Paris, si tu devais gagner un tournoi, quel serait-il\u00a0?<\/strong><\/p>\n<p>&#13;<\/p>\n<p>R. Je ne dis pas qu&rsquo;indoor n&rsquo;est pas ma surface, que je joue mal mais les autres joueurs sont meilleurs que moi sur cette surface. Je m&rsquo;entra\u00eene, je joue des matchs, je vois que je peux d\u00e9ployer un bon tennis, mais il y a des matchs que j&rsquo;ai pu disputer o\u00f9 d&rsquo;autres joueurs jouent beaucoup mieux que moi. Il faut que je sois pr\u00eat. Je pense que je peux quand m\u00eame jouer un bon tennis en indoor. Si je dois choisir entre ces trois tournois, ce sera difficile. Pour \u00eatre honn\u00eate, je ne sais pas vraiment. J&rsquo;ai toujours r\u00eav\u00e9 de remporter ces trois tournois, ils sont importants pour moi, aussi bien Turin que la Coupe Davis parce que je joue pour mon pays, mon \u00e9quipe, donc c&rsquo;est sp\u00e9cial.<\/p>\n","protected":false},"excerpt":{"rendered":"Un an apr\u00e8s sa d\u00e9faite d\u00e8s les huiti\u00e8mes de finale contre Ugo Humbert \u00e0 Bercy, Carlos Alcaraz retrouve&hellip;\n","protected":false},"author":2,"featured_media":490137,"comment_status":"","ping_status":"","sticky":false,"template":"","format":"standard","meta":{"footnotes":""},"categories":[1888],"tags":[1111,1928,47,11,1927,4169,1777,674,1011,27,955,12,1926,626,1925,25,34003,1467,4170],"class_list":{"0":"post-490136","1":"post","2":"type-post","3":"status-publish","4":"format-standard","5":"has-post-thumbnail","7":"category-paris","8":"tag-actu","9":"tag-actu-paris","10":"tag-actualite","11":"tag-actualites","12":"tag-actualites-paris","13":"tag-atp","14":"tag-eu","15":"tag-europe","16":"tag-fr","17":"tag-france","18":"tag-match","19":"tag-news","20":"tag-news-paris","21":"tag-paris","22":"tag-paris-news","23":"tag-republique-francaise","24":"tag-rolex-paris-masters","25":"tag-tennis","26":"tag-wta"},"share_on_mastodon":{"url":"https:\/\/pubeurope.com\/@fr\/115437742607091663","error":""},"_links":{"self":[{"href":"https:\/\/www.europesays.com\/fr\/wp-json\/wp\/v2\/posts\/490136","targetHints":{"allow":["GET"]}}],"collection":[{"href":"https:\/\/www.europesays.com\/fr\/wp-json\/wp\/v2\/posts"}],"about":[{"href":"https:\/\/www.europesays.com\/fr\/wp-json\/wp\/v2\/types\/post"}],"author":[{"embeddable":true,"href":"https:\/\/www.europesays.com\/fr\/wp-json\/wp\/v2\/users\/2"}],"replies":[{"embeddable":true,"href":"https:\/\/www.europesays.com\/fr\/wp-json\/wp\/v2\/comments?post=490136"}],"version-history":[{"count":0,"href":"https:\/\/www.europesays.com\/fr\/wp-json\/wp\/v2\/posts\/490136\/revisions"}],"wp:featuredmedia":[{"embeddable":true,"href":"https:\/\/www.europesays.com\/fr\/wp-json\/wp\/v2\/media\/490137"}],"wp:attachment":[{"href":"https:\/\/www.europesays.com\/fr\/wp-json\/wp\/v2\/media?parent=490136"}],"wp:term":[{"taxonomy":"category","embeddable":true,"href":"https:\/\/www.europesays.com\/fr\/wp-json\/wp\/v2\/categories?post=490136"},{"taxonomy":"post_tag","embeddable":true,"href":"https:\/\/www.europesays.com\/fr\/wp-json\/wp\/v2\/tags?post=490136"}],"curies":[{"name":"wp","href":"https:\/\/api.w.org\/{rel}","templated":true}]}}