{"id":490140,"date":"2025-10-26T00:56:13","date_gmt":"2025-10-26T00:56:13","guid":{"rendered":"https:\/\/www.europesays.com\/fr\/490140\/"},"modified":"2025-10-26T00:56:13","modified_gmt":"2025-10-26T00:56:13","slug":"previsions-du-dimanche-26-octobre-2025-11","status":"publish","type":"post","link":"https:\/\/www.europesays.com\/fr\/490140\/","title":{"rendered":"pr\u00e9visions du dimanche 26 octobre 2025"},"content":{"rendered":"<p>La grisaille ne se disperse toujours pas, il y aura encore des nuages aujourd&rsquo;hui. Il va faire en moyenne 10\u00b0C \u00e0 Paris. Une l\u00e9g\u00e8re brise de nord-ouest soufflera. La matin\u00e9e va rester maussade \u00e0 cause de nuages qui perdurent dans le ciel. Il faudra s&rsquo;attendre \u00e0 des perturbations, les Parisiens se retrouveront sous des pluies \u00e9parses. Les valeurs seront de 9\u00b0C. Les temp\u00e9ratures seront de 10\u00b0C au minimum et de 12\u00b0C au maximum l&rsquo;apr\u00e8s-midi. On observera la pr\u00e9sence persistante de nuages le soir. Des pluies \u00e9parses vont tomber sur la ville. On pr\u00e9voit des valeurs avoisinant 10\u00b0C. On pr\u00e9voit une nuit pluvieuse entre dimanche et lundi.<\/p>\n<p>Des averses arriveront demain, \u00e0 Paris. L&rsquo;air ambiant va se r\u00e9chauffer avec une augmentation de quelques degr\u00e9s. Les temp\u00e9ratures afficheront entre 9 et 13\u00b0C. Un vent d&rsquo;ouest est pr\u00e9vu : il soufflera \u00e0 21 km\/h. Les valeurs s&rsquo;\u00e9chelonneront de 12 \u00e0 13\u00b0C sur l&rsquo;ensemble de la matin\u00e9e. Les temp\u00e9ratures s&rsquo;\u00e9chelonneront entre 12 et 13\u00b0C demain apr\u00e8s-midi. La ville profitera de quelques \u00e9claircies demain soir. Les temp\u00e9ratures tourneront autour des 11\u00b0C.<\/p>\n<p>Apr\u00e8s une journ\u00e9e nuageuse mardi, on s&rsquo;attend \u00e0 une am\u00e9lioration mercredi.<\/p>\n<p><\/p>\n","protected":false},"excerpt":{"rendered":"La grisaille ne se disperse toujours pas, il y aura encore des nuages aujourd&rsquo;hui. Il va faire en&hellip;\n","protected":false},"author":2,"featured_media":490141,"comment_status":"","ping_status":"","sticky":false,"template":"","format":"standard","meta":{"footnotes":""},"categories":[1888],"tags":[11,1777,674,1011,27,12,626,2119,25],"class_list":{"0":"post-490140","1":"post","2":"type-post","3":"status-publish","4":"format-standard","5":"has-post-thumbnail","7":"category-paris","8":"tag-actualites","9":"tag-eu","10":"tag-europe","11":"tag-fr","12":"tag-france","13":"tag-news","14":"tag-paris","15":"tag-previsions-meteo","16":"tag-republique-francaise"},"share_on_mastodon":{"url":"https:\/\/pubeurope.com\/@fr\/115437750705473575","error":""},"_links":{"self":[{"href":"https:\/\/www.europesays.com\/fr\/wp-json\/wp\/v2\/posts\/490140","targetHints":{"allow":["GET"]}}],"collection":[{"href":"https:\/\/www.europesays.com\/fr\/wp-json\/wp\/v2\/posts"}],"about":[{"href":"https:\/\/www.europesays.com\/fr\/wp-json\/wp\/v2\/types\/post"}],"author":[{"embeddable":true,"href":"https:\/\/www.europesays.com\/fr\/wp-json\/wp\/v2\/users\/2"}],"replies":[{"embeddable":true,"href":"https:\/\/www.europesays.com\/fr\/wp-json\/wp\/v2\/comments?post=490140"}],"version-history":[{"count":0,"href":"https:\/\/www.europesays.com\/fr\/wp-json\/wp\/v2\/posts\/490140\/revisions"}],"wp:featuredmedia":[{"embeddable":true,"href":"https:\/\/www.europesays.com\/fr\/wp-json\/wp\/v2\/media\/490141"}],"wp:attachment":[{"href":"https:\/\/www.europesays.com\/fr\/wp-json\/wp\/v2\/media?parent=490140"}],"wp:term":[{"taxonomy":"category","embeddable":true,"href":"https:\/\/www.europesays.com\/fr\/wp-json\/wp\/v2\/categories?post=490140"},{"taxonomy":"post_tag","embeddable":true,"href":"https:\/\/www.europesays.com\/fr\/wp-json\/wp\/v2\/tags?post=490140"}],"curies":[{"name":"wp","href":"https:\/\/api.w.org\/{rel}","templated":true}]}}