{"id":490142,"date":"2025-10-26T00:57:17","date_gmt":"2025-10-26T00:57:17","guid":{"rendered":"https:\/\/www.europesays.com\/fr\/490142\/"},"modified":"2025-10-26T00:57:17","modified_gmt":"2025-10-26T00:57:17","slug":"guerre-en-ukraine-des-frappes-de-missiles-russes-causent-la-mort-de-quatre-personnes-dont-un-secouriste","status":"publish","type":"post","link":"https:\/\/www.europesays.com\/fr\/490142\/","title":{"rendered":"Guerre en Ukraine. Des frappes de missiles russes causent la mort de quatre personnes dont un secouriste"},"content":{"rendered":"<p>Des frappes de missiles russes sur l&rsquo;Ukraine men\u00e9es dans la nuit de vendredi \u00e0 samedi ont caus\u00e9 la mort de trois. \u00ab Un secouriste a \u00e9t\u00e9 tu\u00e9 et un autre bless\u00e9 \u00e0 la suite d&rsquo;un tir r\u00e9p\u00e9t\u00e9 de missiles sur la communaut\u00e9 de Petropavlivska dans la r\u00e9gion de Dnipropetrovsk \u00bb, dans le centre-est du pays, a d\u00e9clar\u00e9 le minist\u00e8re de l\u2019Int\u00e9rieur sur les r\u00e9seaux sociaux.<\/p>\n<p>Kiev prise pour cible<\/p>\n<p>Dans cette m\u00eame r\u00e9gion, \u00ab une femme a \u00e9galement \u00e9t\u00e9 tu\u00e9e et sept personnes ont \u00e9t\u00e9 bless\u00e9es \u00bb, a indiqu\u00e9 le minist\u00e8re, expliquant que des \u00ab camions de pompiers, des b\u00e2timents r\u00e9sidentiels et des magasins ont \u00e9t\u00e9 endommag\u00e9s \u00bb. Moscou a \u00e9galement pris pour cible la capitale Kiev. L&rsquo;attaque a tu\u00e9 deux personnes et bless\u00e9 douze autres dans la capitale, \u00e0 indiqu\u00e9 son maire Vitali Klitschko sur les r\u00e9seaux sociaux.<\/p>\n<p>Vers quatre heure du matin, les journalistes de l&rsquo;AFP \u00e0 Kiev ont entendu le sifflement caract\u00e9ristique des missiles ainsi que de puissantes d\u00e9tonations. Les services de secours nationaux ont partag\u00e9 des photos de pompiers luttant contre le flammes, alors que des incendies importants se sont d\u00e9clar\u00e9s dans deux quartier de la capitale, selon des sources municipales. Cette nuit-l\u00e0, la Russie a tir\u00e9 <a href=\"https:\/\/www.ledauphine.com\/france-monde\/ukraine\" target=\"_blank\" rel=\"noopener\">sur l&rsquo;Ukraine<\/a> \u00ab neuf missiles balistiques Iskander-M \u00bb, et \u00ab 64 drones d&rsquo;attaques \u00bb et d&rsquo;autres types selon l&rsquo;arm\u00e9e de l&rsquo;air ukrainienne, qui affirme avoir d\u00e9truit 50 drones et quatre missiles.<\/p>\n<p>Les alli\u00e9s de l&rsquo;Ukraine \u00ab\u00a0d\u00e9termin\u00e9s\u00a0\u00bb<\/p>\n<p><a href=\"https:\/\/www.ledauphine.com\/p\/volodymyr-zelensky\" target=\"_blank\" rel=\"noopener\">Volodymyr Zelensky<\/a> a d\u00e9clar\u00e9 que, depuis le d\u00e9but de l&rsquo;ann\u00e9e, la Russie a lanc\u00e9 contre l&rsquo;Ukraine \u00ab environ 770 missiles balistiques \u00bb et plus de \u00ab 50 missiles Kinjal \u00bb hypersoniques, difficile \u00e0 intercepter pour la d\u00e9fense a\u00e9rienne. \u00ab Nos partenaires disposent des syst\u00e8mes n\u00e9cessaires et peuvent d\u00e9j\u00e0 aider \u00e0 d\u00e9fendre l&rsquo;Ukraine \u00bb contre les missiles balistiques russes utilis\u00e9s dans \u00ab presque toute ses attaques \u00bb, a expliqu\u00e9 le dirigeant ukrainien sur les r\u00e9seaux sociaux.<\/p>\n<p>La veille, la \u00ab coalition des volontaires \u00bb, qui rassemble une trentaine de pays essentiellement europ\u00e9ens qui soutiennent Kiev, s&rsquo;est r\u00e9unie. Selon le Premier ministre britannique <a href=\"https:\/\/www.ledauphine.com\/p\/keir-starmer\" target=\"_blank\" rel=\"noopener\">Keir Starmer<\/a>, les alli\u00e9s de Kiev sont \u00ab d\u00e9termin\u00e9s \u00bb \u00e0 intensifier la pression sur <a href=\"https:\/\/www.ledauphine.com\/p\/vladimir-poutine\" target=\"_blank\" rel=\"noopener\">Vladimir Poutine<\/a> \u00ab du champ de bataille \u00e0 son \u00e9conomie de guerre \u00bb. Il a appel\u00e9 \u00e0 \u00ab achever le travail \u00bb sur l&rsquo;utilisation <a href=\"https:\/\/www.ledauphine.com\/defense-guerre-conflit\/2025\/10\/23\/un-pret-de-140-milliards-d-euros-pour-kiev-l-ue-veut-puiser-dans-les-avoirs-russes-geles\/defense-guerre-conflit\/2025\/10\/23\/les-dirigeants-de-l-ue-demandent-a-la-commission-d-utiliser-les-avoirs-russes-pour-kiev\" target=\"_blank\" rel=\"noopener\">des avoirs russes gel\u00e9s<\/a> afin de financer la d\u00e9fense ukrainienne.<\/p>\n<p>La r\u00e9union \u00e0 Londres s&rsquo;est tenue en mode hybride : la Premi\u00e8re ministre danoise Mette Frederiksen, son homologue n\u00e9erlandais Dick Schoof et le secr\u00e9taire g\u00e9n\u00e9ral de l&rsquo;Otan Mark Rutte \u00e9taient pr\u00e9sents. Une vingtaine d&rsquo;autres dirigeants \u2013dont le pr\u00e9sident fran\u00e7ais <a href=\"https:\/\/www.ledauphine.com\/p\/emmanuel-macron\" target=\"_blank\" rel=\"noopener\">Emmanuel Macron<\/a> \u2013 \u00e9taient en visioconf\u00e9rence. Le pr\u00e9sident ukrainien avait d&rsquo;abord \u00e9t\u00e9 re\u00e7u en audience par le roi <a href=\"https:\/\/www.ledauphine.com\/p\/roi-charles-iii\" target=\"_blank\" rel=\"noopener\">Charles III<\/a> \u2013 leur troisi\u00e8me rencontre au Royaume-Uni depuis le d\u00e9but de l&rsquo;ann\u00e9e.<\/p>\n","protected":false},"excerpt":{"rendered":"Des frappes de missiles russes sur l&rsquo;Ukraine men\u00e9es dans la nuit de vendredi \u00e0 samedi ont caus\u00e9 la&hellip;\n","protected":false},"author":2,"featured_media":490143,"comment_status":"","ping_status":"","sticky":false,"template":"","format":"standard","meta":{"footnotes":""},"categories":[1591],"tags":[11,3206,1887,107,329,12,316,1885,1886,132],"class_list":{"0":"post-490142","1":"post","2":"type-post","3":"status-publish","4":"format-standard","5":"has-post-thumbnail","7":"category-russie","8":"tag-actualites","9":"tag-defense-guerre-conflit","10":"tag-federation-de-russie","11":"tag-fil-info","12":"tag-france-monde","13":"tag-news","14":"tag-politique","15":"tag-russia","16":"tag-russian-federation","17":"tag-russie"},"share_on_mastodon":{"url":"https:\/\/pubeurope.com\/@fr\/115437754821607757","error":""},"_links":{"self":[{"href":"https:\/\/www.europesays.com\/fr\/wp-json\/wp\/v2\/posts\/490142","targetHints":{"allow":["GET"]}}],"collection":[{"href":"https:\/\/www.europesays.com\/fr\/wp-json\/wp\/v2\/posts"}],"about":[{"href":"https:\/\/www.europesays.com\/fr\/wp-json\/wp\/v2\/types\/post"}],"author":[{"embeddable":true,"href":"https:\/\/www.europesays.com\/fr\/wp-json\/wp\/v2\/users\/2"}],"replies":[{"embeddable":true,"href":"https:\/\/www.europesays.com\/fr\/wp-json\/wp\/v2\/comments?post=490142"}],"version-history":[{"count":0,"href":"https:\/\/www.europesays.com\/fr\/wp-json\/wp\/v2\/posts\/490142\/revisions"}],"wp:featuredmedia":[{"embeddable":true,"href":"https:\/\/www.europesays.com\/fr\/wp-json\/wp\/v2\/media\/490143"}],"wp:attachment":[{"href":"https:\/\/www.europesays.com\/fr\/wp-json\/wp\/v2\/media?parent=490142"}],"wp:term":[{"taxonomy":"category","embeddable":true,"href":"https:\/\/www.europesays.com\/fr\/wp-json\/wp\/v2\/categories?post=490142"},{"taxonomy":"post_tag","embeddable":true,"href":"https:\/\/www.europesays.com\/fr\/wp-json\/wp\/v2\/tags?post=490142"}],"curies":[{"name":"wp","href":"https:\/\/api.w.org\/{rel}","templated":true}]}}