{"id":490144,"date":"2025-10-26T00:58:12","date_gmt":"2025-10-26T00:58:12","guid":{"rendered":"https:\/\/www.europesays.com\/fr\/490144\/"},"modified":"2025-10-26T00:58:12","modified_gmt":"2025-10-26T00:58:12","slug":"trump-ne-veut-pas-perdre-son-temps-avec-poutine-sans-garantie-dun-accord-sur-lukraine","status":"publish","type":"post","link":"https:\/\/www.europesays.com\/fr\/490144\/","title":{"rendered":"Trump ne veut pas \u00ab\u00a0perdre son temps\u00a0\u00bb avec Poutine sans garantie d\u2019un accord sur l\u2019Ukraine"},"content":{"rendered":"<p>\u00ab\u00a0Il faudrait que je sache que nous allons parvenir \u00e0 un accord.\u00a0\u00bb Telle est l&rsquo;exigence du pr\u00e9sident am\u00e9ricain Donald Trump samedi 25\u00a0octobre en vue d&rsquo;une future rencontre avec son homologue russe Vladimir Poutine, rapporte <a class=\"Link\" href=\"https:\/\/www.reuters.com\/world\/europe\/trump-says-he-will-not-meet-with-putin-until-he-thinks-there-is-deal-ukraine-2025-10-25\/\" target=\"_blank\" title=\"\" data-gtm=\"click:capsule\" data-capsule=\"Lien\" rel=\"noopener\">Reuters<\/a>. Un sommet entre les deux hommes devait se tenir \u00e0 Budapest dans les deux semaines suivant leur appel t\u00e9l\u00e9phonique du 16\u00a0octobre dernier. Mais le\u00a0locataire de la Maison-Blanche s&rsquo;\u00e9tait finalement ravis\u00e9 <a class=\"Link\" href=\"https:\/\/www.lepoint.fr\/monde\/guerre-en-ukraine-pourquoi-donald-trump-annule-t-il-son-sommet-avec-vladimir-poutine-22-10-2025-2601481_24.php\" title=\"\" data-gtm=\"click:capsule\" data-capsule=\"Lien\" target=\"_blank\" rel=\"noopener\">mardi 21\u00a0octobre<\/a>, annon\u00e7ant l&rsquo;annulation de la discussion, notamment en raison du refus des Russes d&rsquo;accepter un cessez-le-feu imm\u00e9diat.<\/p>\n<p>Trois jours plus tard, voil\u00e0 que Donald Trump en rajoute une couche en d\u00e9clarant n&rsquo;avoir aucunement l&rsquo;intention de \u00ab\u00a0perdre son temps\u00a0\u00bb avec Vladimir Poutine. \u00ab\u00a0J&rsquo;ai toujours eu une excellente relation avec Vladimir Poutine, mais ceci a \u00e9t\u00e9 tr\u00e8s d\u00e9cevant\u00a0\u00bb, a-t-il ainsi ajout\u00e9 face aux journalistes pr\u00e9sents \u00e0 bord d&rsquo;Air Force One, l&rsquo;avion pr\u00e9sidentiel. Le patron du Kremlin s&rsquo;\u00e9tait de son c\u00f4t\u00e9 dit favorable \u00e0 la poursuite du dialogue apr\u00e8s l&rsquo;annonce du report de leur rencontre, rapporte selon\u00a0l&rsquo;AFP.<\/p>\n<p>Une rencontre qui soul\u00e8ve des protestations<\/p>\n<p>Kirill Dmitriev, envoy\u00e9 sp\u00e9cial du Kremlin et directeur du Fonds souverain russe (RDIF), a affirm\u00e9 <a class=\"Link\" href=\"https:\/\/edition.cnn.com\/2025\/10\/24\/world\/video\/russia-ukraine-war-kremlin-kirill-dmitriev-president-trump-lead-jake-tapper\" target=\"_blank\" title=\"\" data-gtm=\"click:capsule\" data-capsule=\"Lien\" rel=\"noopener\">\u00e0\u00a0CNN<\/a> que cette rencontre aurait tout \u00ab\u00a0simplement\u00a0\u00bb \u00e9t\u00e9 report\u00e9e. Plusieurs voix en Europe se sont par ailleurs fait entendre face \u00e0 la perspective d&rsquo;une telle rencontre entre les dirigeants russe et am\u00e9ricain <a class=\"Link\" href=\"https:\/\/www.lepoint.fr\/monde\/guerre-en-ukraine-l-embarras-europeen-avant-une-rencontre-trump-poutine-20-10-2025-2601318_24.php\" title=\"\" data-gtm=\"click:capsule\" data-capsule=\"Lien\" target=\"_blank\" rel=\"noopener\">sur le sol d&rsquo;un \u00c9tat membre de l&rsquo;Union europ\u00e9enne<\/a> \u2013 la Hongrie, dirig\u00e9e par Viktor Orban.<\/p>\n<p>On a notamment pu observer une vague d&rsquo;indignation du c\u00f4t\u00e9 de la Lituanie ou de la Finlande, dont la ministre des Affaires \u00e9trang\u00e8res, Elina Valtonen, estimait que \u00ab\u00a0la seule place de Poutine en Europe, c&rsquo;est \u00e0 La\u00a0Haye, devant le tribunal, pas dans nos capitales\u00a0\u00bb.<\/p>\n<p>Au lendemain de son appel avec Vladimir Poutine, Donald Trump avait rencontr\u00e9\u00a0le pr\u00e9sident ukrainien <a class=\"Link\" href=\"https:\/\/www.lepoint.fr\/tags\/volodymyr-zelensky\" data-gtm=\"click:capsule\" data-capsule=\"Lien\" target=\"_blank\" rel=\"noopener\">Volodymyr Zelensky<\/a> \u00e0 Washington, venu notamment lui demander des missiles de longue port\u00e9e Tomahawk afin de porter des coups d\u00e9cisifs \u00e0 la <a class=\"Link\" href=\"https:\/\/www.lepoint.fr\/tags\/russie\" data-gtm=\"click:capsule\" data-capsule=\"Lien\" target=\"_blank\" rel=\"noopener\">Russie<\/a>. Une demande refus\u00e9e par le pr\u00e9sident am\u00e9ricain alors que celui-ci semblait avoir pr\u00e9c\u00e9demment fait volte-face en donnant la priorit\u00e9 \u00e0 l&rsquo;Ukraine depuis l&rsquo;\u00e9chec du sommet d&rsquo;Anchorage le 15\u00a0ao\u00fbt dernier, mais il n&rsquo;en a finalement rien \u00e9t\u00e9.<\/p>\n<p>Toute l\u2019actualit\u00e9 \u00e0 1\u20ac le premier mois<\/p>\n<p><a href=\"https:\/\/abo.lepoint.fr\/?provenance=21EDI020098\" class=\"btn\" title=\"S&#039;abonner\" data-gtm=\"click:abo|display:abo\" data-campaign=\"paywall_maison\" target=\"_blank\" rel=\"noopener\">S&rsquo;abonner<\/a><\/p>\n<p>ou<\/p>\n","protected":false},"excerpt":{"rendered":"\u00ab\u00a0Il faudrait que je sache que nous allons parvenir \u00e0 un accord.\u00a0\u00bb Telle est l&rsquo;exigence du pr\u00e9sident am\u00e9ricain&hellip;\n","protected":false},"author":2,"featured_media":490145,"comment_status":"","ping_status":"","sticky":false,"template":"","format":"standard","meta":{"footnotes":""},"categories":[1590],"tags":[11,75,73,1777,674,12,132,220,135,134],"class_list":{"0":"post-490144","1":"post","2":"type-post","3":"status-publish","4":"format-standard","5":"has-post-thumbnail","7":"category-ukraine","8":"tag-actualites","9":"tag-donald-trump","10":"tag-etats-unis","11":"tag-eu","12":"tag-europe","13":"tag-news","14":"tag-russie","15":"tag-ukraine","16":"tag-vladimir-poutine","17":"tag-volodymyr-zelensky"},"share_on_mastodon":{"url":"https:\/\/pubeurope.com\/@fr\/115437758398418003","error":""},"_links":{"self":[{"href":"https:\/\/www.europesays.com\/fr\/wp-json\/wp\/v2\/posts\/490144","targetHints":{"allow":["GET"]}}],"collection":[{"href":"https:\/\/www.europesays.com\/fr\/wp-json\/wp\/v2\/posts"}],"about":[{"href":"https:\/\/www.europesays.com\/fr\/wp-json\/wp\/v2\/types\/post"}],"author":[{"embeddable":true,"href":"https:\/\/www.europesays.com\/fr\/wp-json\/wp\/v2\/users\/2"}],"replies":[{"embeddable":true,"href":"https:\/\/www.europesays.com\/fr\/wp-json\/wp\/v2\/comments?post=490144"}],"version-history":[{"count":0,"href":"https:\/\/www.europesays.com\/fr\/wp-json\/wp\/v2\/posts\/490144\/revisions"}],"wp:featuredmedia":[{"embeddable":true,"href":"https:\/\/www.europesays.com\/fr\/wp-json\/wp\/v2\/media\/490145"}],"wp:attachment":[{"href":"https:\/\/www.europesays.com\/fr\/wp-json\/wp\/v2\/media?parent=490144"}],"wp:term":[{"taxonomy":"category","embeddable":true,"href":"https:\/\/www.europesays.com\/fr\/wp-json\/wp\/v2\/categories?post=490144"},{"taxonomy":"post_tag","embeddable":true,"href":"https:\/\/www.europesays.com\/fr\/wp-json\/wp\/v2\/tags?post=490144"}],"curies":[{"name":"wp","href":"https:\/\/api.w.org\/{rel}","templated":true}]}}