{"id":490150,"date":"2025-10-26T01:01:25","date_gmt":"2025-10-26T01:01:25","guid":{"rendered":"https:\/\/www.europesays.com\/fr\/490150\/"},"modified":"2025-10-26T01:01:25","modified_gmt":"2025-10-26T01:01:25","slug":"allemagne-un-sympathisant-presume-du-groupe-djihadiste-etat-islamique-incarcere-pour-avoir-tente-sans-y-parvenir-de-provoquer-des-carambolages-en-tirant-sur-des-voitures-avec-un-fusil-a-air-comprim","status":"publish","type":"post","link":"https:\/\/www.europesays.com\/fr\/490150\/","title":{"rendered":"Allemagne: Un sympathisant pr\u00e9sum\u00e9 du groupe djihadiste Etat islamique incarc\u00e9r\u00e9 pour avoir tent\u00e9, sans y parvenir, de provoquer des carambolages en tirant sur des voitures avec un fusil \u00e0 air comprim\u00e9"},"content":{"rendered":"<blockquote>\n<p>Un sympathisant pr\u00e9sum\u00e9 du groupe djihadiste Etat islamique est incarc\u00e9r\u00e9 dans le sud de l&rsquo;Allemagne pour avoir tent\u00e9, sans y parvenir, de provoquer des carambolages en tirant sur des voitures avec un fusil \u00e0 air comprim\u00e9, a annonc\u00e9 la police.<\/p>\n<p>Les attaques impliquant des ressortissants \u00e9trangers, dans certains cas partisans d&rsquo;une id\u00e9ologie islamiste, se sont multipli\u00e9es en Allemagne, contribuant \u00e0 l&rsquo;essor de la popularit\u00e9 du parti d&rsquo;extr\u00eame droite AfD, qui d\u00e9nonce depuis 10 ans la politique migratoire jug\u00e9e trop accueillante des gouvernements successifs et de l&rsquo;UE.<\/p>\n<p>Selon l&rsquo;unit\u00e9 de lutte contre l&rsquo;extr\u00e9misme et le terrorisme de la police bavaroise, le suspect, dont l&rsquo;identit\u00e9 n&rsquo;a pas \u00e9t\u00e9 r\u00e9v\u00e9l\u00e9e, a tir\u00e9 entre le 9 et le 11 septembre sur 22 v\u00e9hicules circulant sur une route o\u00f9 la vitesse autoris\u00e9e \u00e9tait de 100 km. \u00abAucun accident ou bless\u00e9\u00bb n&rsquo;a \u00e9t\u00e9 \u00e0 d\u00e9plorer.<\/p>\n<p>L&rsquo;homme a \u00e9t\u00e9 arr\u00eat\u00e9 et son arme, un fusil \u00e0 air comprim\u00e9 avec lunette, saisie le 13 septembre dernier, non loin du lieu des faits. Il est en d\u00e9tention provisoire depuis. \u00abLes investigations tendent \u00e0 d\u00e9montrer que le suspect, sympathisant pr\u00e9sum\u00e9 de l&rsquo;organisation terroriste appel\u00e9e &lsquo;\u00c9tat islamique&rsquo; (EI), voulait par ces attentats \u00e9liminer des &lsquo;infid\u00e8les&rsquo;\u00bb, a dit la police dans son communiqu\u00e9.<\/p>\n<\/blockquote>\n","protected":false},"excerpt":{"rendered":"Un sympathisant pr\u00e9sum\u00e9 du groupe djihadiste Etat islamique est incarc\u00e9r\u00e9 dans le sud de l&rsquo;Allemagne pour avoir tent\u00e9,&hellip;\n","protected":false},"author":2,"featured_media":490151,"comment_status":"","ping_status":"","sticky":false,"template":"","format":"standard","meta":{"footnotes":""},"categories":[1587],"tags":[11,672,1804,1805,1803,23398,1777,674,1801,12,1802],"class_list":{"0":"post-490150","1":"post","2":"type-post","3":"status-publish","4":"format-standard","5":"has-post-thumbnail","7":"category-allemagne","8":"tag-actualites","9":"tag-allemagne","10":"tag-bundesrepublik-deutschland","11":"tag-de","12":"tag-deutschland","13":"tag-etat-islamique","14":"tag-eu","15":"tag-europe","16":"tag-germany","17":"tag-news","18":"tag-republique-federale-dallemagne"},"share_on_mastodon":{"url":"https:\/\/pubeurope.com\/@fr\/115437770151292147","error":""},"_links":{"self":[{"href":"https:\/\/www.europesays.com\/fr\/wp-json\/wp\/v2\/posts\/490150","targetHints":{"allow":["GET"]}}],"collection":[{"href":"https:\/\/www.europesays.com\/fr\/wp-json\/wp\/v2\/posts"}],"about":[{"href":"https:\/\/www.europesays.com\/fr\/wp-json\/wp\/v2\/types\/post"}],"author":[{"embeddable":true,"href":"https:\/\/www.europesays.com\/fr\/wp-json\/wp\/v2\/users\/2"}],"replies":[{"embeddable":true,"href":"https:\/\/www.europesays.com\/fr\/wp-json\/wp\/v2\/comments?post=490150"}],"version-history":[{"count":0,"href":"https:\/\/www.europesays.com\/fr\/wp-json\/wp\/v2\/posts\/490150\/revisions"}],"wp:featuredmedia":[{"embeddable":true,"href":"https:\/\/www.europesays.com\/fr\/wp-json\/wp\/v2\/media\/490151"}],"wp:attachment":[{"href":"https:\/\/www.europesays.com\/fr\/wp-json\/wp\/v2\/media?parent=490150"}],"wp:term":[{"taxonomy":"category","embeddable":true,"href":"https:\/\/www.europesays.com\/fr\/wp-json\/wp\/v2\/categories?post=490150"},{"taxonomy":"post_tag","embeddable":true,"href":"https:\/\/www.europesays.com\/fr\/wp-json\/wp\/v2\/tags?post=490150"}],"curies":[{"name":"wp","href":"https:\/\/api.w.org\/{rel}","templated":true}]}}