{"id":490162,"date":"2025-10-26T01:09:12","date_gmt":"2025-10-26T01:09:12","guid":{"rendered":"https:\/\/www.europesays.com\/fr\/490162\/"},"modified":"2025-10-26T01:09:12","modified_gmt":"2025-10-26T01:09:12","slug":"les-limites-et-les-promesses-de-lalterna-stade-poitevin","status":"publish","type":"post","link":"https:\/\/www.europesays.com\/fr\/490162\/","title":{"rendered":"les limites et les promesses de l\u2019Alterna Stade Poitevin"},"content":{"rendered":"<p>Le premier match de la saison \u00e0 domicile, disput\u00e9 jeudi \u00e0 l\u2019Arena, n\u2019a pas eu l\u2019issue esp\u00e9r\u00e9e pour l\u2019Alterna Stade Poitevin. Les joueurs de Dan Lewis sont tout simplement tomb\u00e9s sur une \u00e9quipe plus forte qu\u2019eux. Avec son champion olympique Nicolas Le Goff, \u00e0 la pr\u00e9cision impressionnante (75\u00a0% de r\u00e9ussite en attaque), et son pointu allemand Simon Hirsch, les Montpelli\u00e9rains <a target=\"_self\" href=\"https:\/\/www.lanouvellerepublique.fr\/poitiers\/msl-montpellier-gache-la-fete-de-l-alterna-stade-poitevin-a-l-arena-1761255637\" rel=\"noopener\">ont impos\u00e9 leur loi (3-0)<\/a> \u00e0 une formation dont la r\u00e9ception a p\u00e9ch\u00e9 et ayant parfois eu du mal \u00e0 trouver des solutions&#8230;. <\/p>\n<p>    Cet article a \u00e9t\u00e9 tronqu\u00e9. Abonnez-vous pour lire l&rsquo;article complet sur notre site.<\/p>\n<p style=\"margin: 0 !important; padding: 0 !important; font-size: 12px !important;\">Cet article a \u00e9t\u00e9 tronqu\u00e9. Abonnez-vous pour lire l&rsquo;article complet.<\/p>\n<p>    <a href=\"https:\/\/www.lanouvellerepublique.fr\/abonnements\" style=\"display: inline-block; margin-top: 5px !important; padding: 6px 12px !important; background: #cb1c27; color: white; text-decoration: none; border-radius: 4px; font-size: 12px !important;\" target=\"_blank\" rel=\"noopener\"><br \/>\n      S&rsquo;abonner<br \/>\n    <\/a><\/p>\n","protected":false},"excerpt":{"rendered":"Le premier match de la saison \u00e0 domicile, disput\u00e9 jeudi \u00e0 l\u2019Arena, n\u2019a pas eu l\u2019issue esp\u00e9r\u00e9e pour&hellip;\n","protected":false},"author":2,"featured_media":490163,"comment_status":"","ping_status":"","sticky":false,"template":"","format":"standard","meta":{"footnotes":""},"categories":[1417],"tags":[1392,1654,1011,27,1655,1653,60,1584,1470,1469],"class_list":{"0":"post-490162","1":"post","2":"type-post","3":"status-publish","4":"format-standard","5":"has-post-thumbnail","7":"category-volley","8":"tag-a-la-une-local","9":"tag-alterna-stade-poitevin-volley-ball","10":"tag-fr","11":"tag-france","12":"tag-ligue-a","13":"tag-poitiers","14":"tag-sports","15":"tag-vienne","16":"tag-volley","17":"tag-volleyball"},"share_on_mastodon":{"url":"https:\/\/pubeurope.com\/@fr\/115437801589924873","error":""},"_links":{"self":[{"href":"https:\/\/www.europesays.com\/fr\/wp-json\/wp\/v2\/posts\/490162","targetHints":{"allow":["GET"]}}],"collection":[{"href":"https:\/\/www.europesays.com\/fr\/wp-json\/wp\/v2\/posts"}],"about":[{"href":"https:\/\/www.europesays.com\/fr\/wp-json\/wp\/v2\/types\/post"}],"author":[{"embeddable":true,"href":"https:\/\/www.europesays.com\/fr\/wp-json\/wp\/v2\/users\/2"}],"replies":[{"embeddable":true,"href":"https:\/\/www.europesays.com\/fr\/wp-json\/wp\/v2\/comments?post=490162"}],"version-history":[{"count":0,"href":"https:\/\/www.europesays.com\/fr\/wp-json\/wp\/v2\/posts\/490162\/revisions"}],"wp:featuredmedia":[{"embeddable":true,"href":"https:\/\/www.europesays.com\/fr\/wp-json\/wp\/v2\/media\/490163"}],"wp:attachment":[{"href":"https:\/\/www.europesays.com\/fr\/wp-json\/wp\/v2\/media?parent=490162"}],"wp:term":[{"taxonomy":"category","embeddable":true,"href":"https:\/\/www.europesays.com\/fr\/wp-json\/wp\/v2\/categories?post=490162"},{"taxonomy":"post_tag","embeddable":true,"href":"https:\/\/www.europesays.com\/fr\/wp-json\/wp\/v2\/tags?post=490162"}],"curies":[{"name":"wp","href":"https:\/\/api.w.org\/{rel}","templated":true}]}}