{"id":490166,"date":"2025-10-26T01:11:11","date_gmt":"2025-10-26T01:11:11","guid":{"rendered":"https:\/\/www.europesays.com\/fr\/490166\/"},"modified":"2025-10-26T01:11:11","modified_gmt":"2025-10-26T01:11:11","slug":"ils-doivent-faire-quelque-chose","status":"publish","type":"post","link":"https:\/\/www.europesays.com\/fr\/490166\/","title":{"rendered":"\u00ab Ils doivent faire quelque chose \u00bb"},"content":{"rendered":"<p>                <img decoding=\"async\" src=\"https:\/\/www.europesays.com\/fr\/wp-content\/uploads\/2025\/10\/gWo0.jpg\" fetchpriority=\"high\" alt=\"Carlos Alcaraz interpelle l\u2019ATP sur le calendrier : \u00ab Ils doivent faire quelque chose \u00bb\"\/><\/p>\n<p>Avant son entr\u00e9e en lice \u00e0 Paris, le n\u00b01 mondial a tir\u00e9 la sonnette d\u2019alarme sur la surcharge du calendrier. \u00ab Nous n\u2019avons pas le temps de souffler ni de nous entra\u00eener \u00bb, regrette Alcaraz, appelant \u00e0 un vrai changement dans le tennis moderne.<\/p>\n<p>Carlos Alcaraz, n\u00b01 mondial chez les messieurs, est l\u2019un des joueurs qui s\u2019exprime le plus r\u00e9guli\u00e8rement sur la densit\u00e9 du calendrier ATP. Avant de faire ses d\u00e9buts au Rolex Paris Masters, l\u2019Espagnol s\u2019est pr\u00e9sent\u00e9 face aux m\u00e9dias.<\/p>\n<p><strong>Il a, une nouvelle fois, mentionn\u00e9 ce qui rend la gestion du calendrier difficile pour les joueurs :<\/strong><\/p>\n<p>\u00ab Je ne sais pas quel serait le nombre id\u00e9al de matchs que nous devrions jouer (chaque saison). Je ne suis pas en mesure de vous donner un chiffre exact. Mais ils doivent faire quelque chose par rapport au calendrier.<\/p>\n<p>Le nombre de tournois que nous devons jouer est trop important. Nous n\u2019avons pas vraiment de moments o\u00f9 nous pouvons prendre le temps de nous entra\u00eener ou de nous reposer.<\/p>\n<p>Pendant la saison, c\u2019est semaine apr\u00e8s semaine. Nous n\u2019avons pas la chance d\u2019avoir une semaine pour pr\u00e9parer id\u00e9alement les tournois ou ce qui nous attend.<\/p>\n<p><strong>Je vais r\u00e9fl\u00e9chir au nombre de matchs que nous devrions jouer et je vous en ferai part plus tard (sourire). \u00bb<\/strong><\/p>\n","protected":false},"excerpt":{"rendered":"Avant son entr\u00e9e en lice \u00e0 Paris, le n\u00b01 mondial a tir\u00e9 la sonnette d\u2019alarme sur la surcharge&hellip;\n","protected":false},"author":2,"featured_media":490167,"comment_status":"","ping_status":"","sticky":false,"template":"","format":"standard","meta":{"footnotes":""},"categories":[1415],"tags":[1011,27,60,1467],"class_list":{"0":"post-490166","1":"post","2":"type-post","3":"status-publish","4":"format-standard","5":"has-post-thumbnail","7":"category-tennis","8":"tag-fr","9":"tag-france","10":"tag-sports","11":"tag-tennis"},"share_on_mastodon":{"url":"https:\/\/pubeurope.com\/@fr\/115437809777802136","error":""},"_links":{"self":[{"href":"https:\/\/www.europesays.com\/fr\/wp-json\/wp\/v2\/posts\/490166","targetHints":{"allow":["GET"]}}],"collection":[{"href":"https:\/\/www.europesays.com\/fr\/wp-json\/wp\/v2\/posts"}],"about":[{"href":"https:\/\/www.europesays.com\/fr\/wp-json\/wp\/v2\/types\/post"}],"author":[{"embeddable":true,"href":"https:\/\/www.europesays.com\/fr\/wp-json\/wp\/v2\/users\/2"}],"replies":[{"embeddable":true,"href":"https:\/\/www.europesays.com\/fr\/wp-json\/wp\/v2\/comments?post=490166"}],"version-history":[{"count":0,"href":"https:\/\/www.europesays.com\/fr\/wp-json\/wp\/v2\/posts\/490166\/revisions"}],"wp:featuredmedia":[{"embeddable":true,"href":"https:\/\/www.europesays.com\/fr\/wp-json\/wp\/v2\/media\/490167"}],"wp:attachment":[{"href":"https:\/\/www.europesays.com\/fr\/wp-json\/wp\/v2\/media?parent=490166"}],"wp:term":[{"taxonomy":"category","embeddable":true,"href":"https:\/\/www.europesays.com\/fr\/wp-json\/wp\/v2\/categories?post=490166"},{"taxonomy":"post_tag","embeddable":true,"href":"https:\/\/www.europesays.com\/fr\/wp-json\/wp\/v2\/tags?post=490166"}],"curies":[{"name":"wp","href":"https:\/\/api.w.org\/{rel}","templated":true}]}}