{"id":490170,"date":"2025-10-26T01:16:13","date_gmt":"2025-10-26T01:16:13","guid":{"rendered":"https:\/\/www.europesays.com\/fr\/490170\/"},"modified":"2025-10-26T01:16:13","modified_gmt":"2025-10-26T01:16:13","slug":"battue-par-le-canada-lequipe-de-france-u18-feminine-face-a-lespagne-en-8es-de-finale-du-mondial","status":"publish","type":"post","link":"https:\/\/www.europesays.com\/fr\/490170\/","title":{"rendered":"Battue par le Canada, l\u2019\u00c9quipe de France U18 F\u00e9minine face \u00e0 l\u2019Espagne en 8es de finale du Mondial"},"content":{"rendered":"<p>D\u00e9j\u00e0 qualifi\u00e9e pour la suite de la Coupe du monde U17 au Maroc, l\u2019\u00c9quipe de France U18 F\u00e9minine affrontait le Canada dans le cadre de la troisi\u00e8me et derni\u00e8re journ\u00e9e de la phase de poules. Une rencontre qui a vu la s\u00e9lection tricolore s\u2019incliner sur le score de deux buts \u00e0 un. Les filles de Micka\u00ebl Ferreira terminent ainsi \u00e0 la deuxi\u00e8me place du Groupe D et affronteront l\u2019Espagne, mercredi 29 octobre, lors des 8es de finale du Mondial.\u00a0<\/p>\n<p>Le Canada au-dessus<\/p>\n<p>Une rencontre qui va voir le Canada ouvrir le score d\u00e8s la quatorzi\u00e8me minute de jeu par le biais de Melisa Kekic. Les Bleuettes n\u2019y arrivent pas et vont conc\u00e9der le but du break d\u00e8s le retour des vestiaires. Un but contre son campo de la part d\u2019Oc\u00e9ane Moreua Tranchant. \u00c0 l\u2019heure de jeu, L\u00e9a Morissaint va r\u00e9duire l\u2019\u00e9cart. Le score ne bougera plus. L\u2019\u00c9quipe de France U18 F\u00e9minine s\u2019incline apr\u00e8s ses victoires contre les Samoa (4-2) et le Nig\u00e9ria (1-0).\u00a0<\/p>\n<p>Partagez cette info avec vos amis et vos proches en cliquant ici<br \/>Pour r\u00e9sumer<\/p>\n<p>D\u00e9j\u00e0 qualifi\u00e9e pour la suite de la Coupe du monde U17 au Maroc, l\u2019\u00c9quipe de France U18 F\u00e9minine affrontait le Canada dans le cadre de la troisi\u00e8me et derni\u00e8re journ\u00e9e de la phase de poules. Une rencontre qui a vu la s\u00e9lection tricolore s\u2019incliner sur le score de deux buts \u00e0 un.<\/p>\n<p> <img decoding=\"async\" width=\"76\" height=\"76\" loading=\"lazy\" src=\"https:\/\/static.wui.fr\/images_v3\/avatar-footnational.png\" alt=\"Youcef Ghalaza-Boudra\"\/><\/p>\n","protected":false},"excerpt":{"rendered":"D\u00e9j\u00e0 qualifi\u00e9e pour la suite de la Coupe du monde U17 au Maroc, l\u2019\u00c9quipe de France U18 F\u00e9minine&hellip;\n","protected":false},"author":2,"featured_media":490171,"comment_status":"","ping_status":"","sticky":false,"template":"","format":"standard","meta":{"footnotes":""},"categories":[1410],"tags":[61272,60924,60925,63,1011,27,60],"class_list":{"0":"post-490170","1":"post","2":"type-post","3":"status-publish","4":"format-standard","5":"has-post-thumbnail","7":"category-football","8":"tag-coupes-coupe-du-monde","9":"tag-equipe-de-france-feminines","10":"tag-equipe-de-france-jeunes","11":"tag-football","12":"tag-fr","13":"tag-france","14":"tag-sports"},"share_on_mastodon":{"url":"https:\/\/pubeurope.com\/@fr\/115437829992872679","error":""},"_links":{"self":[{"href":"https:\/\/www.europesays.com\/fr\/wp-json\/wp\/v2\/posts\/490170","targetHints":{"allow":["GET"]}}],"collection":[{"href":"https:\/\/www.europesays.com\/fr\/wp-json\/wp\/v2\/posts"}],"about":[{"href":"https:\/\/www.europesays.com\/fr\/wp-json\/wp\/v2\/types\/post"}],"author":[{"embeddable":true,"href":"https:\/\/www.europesays.com\/fr\/wp-json\/wp\/v2\/users\/2"}],"replies":[{"embeddable":true,"href":"https:\/\/www.europesays.com\/fr\/wp-json\/wp\/v2\/comments?post=490170"}],"version-history":[{"count":0,"href":"https:\/\/www.europesays.com\/fr\/wp-json\/wp\/v2\/posts\/490170\/revisions"}],"wp:featuredmedia":[{"embeddable":true,"href":"https:\/\/www.europesays.com\/fr\/wp-json\/wp\/v2\/media\/490171"}],"wp:attachment":[{"href":"https:\/\/www.europesays.com\/fr\/wp-json\/wp\/v2\/media?parent=490170"}],"wp:term":[{"taxonomy":"category","embeddable":true,"href":"https:\/\/www.europesays.com\/fr\/wp-json\/wp\/v2\/categories?post=490170"},{"taxonomy":"post_tag","embeddable":true,"href":"https:\/\/www.europesays.com\/fr\/wp-json\/wp\/v2\/tags?post=490170"}],"curies":[{"name":"wp","href":"https:\/\/api.w.org\/{rel}","templated":true}]}}