{"id":490174,"date":"2025-10-26T01:18:21","date_gmt":"2025-10-26T01:18:21","guid":{"rendered":"https:\/\/www.europesays.com\/fr\/490174\/"},"modified":"2025-10-26T01:18:21","modified_gmt":"2025-10-26T01:18:21","slug":"yssingeaux-avec-une-sculpture-sur-glace-dun-chevalier-du-zodiaque-il-est-sacre-champion-de-france-2","status":"publish","type":"post","link":"https:\/\/www.europesays.com\/fr\/490174\/","title":{"rendered":"Yssingeaux : avec une sculpture sur glace d&rsquo;un Chevalier du Zodiaque, il est sacr\u00e9 champion de France"},"content":{"rendered":"<p>\t\t\t\t\t\t\t\t\t\t\t\t\t\t\t\t\t\t\t\t\t\t\t\t\t\t\t\t\t\t\t\t\t\t\t\t\t\t\t\t\t\t\t\t\t\t\t\t\t\t\t\t\t\t\t\t\t\t\t\t\t\t\t<a href=\"https:\/\/www.lacommere43.fr\/component\/banners\/click\/1841.html\" target=\"_blank\" title=\"HPV Halloween octobre 2025\" rel=\"noopener\"><br \/>\n\t\t\t\t\t\t\t<img decoding=\"async\" loading=\"lazy\" src=\"https:\/\/www.europesays.com\/fr\/wp-content\/uploads\/2025\/10\/1761410057_577_PUB_Halloween_piscine.gif\" alt=\"HPV Halloween octobre 2025\"\/><br \/>\n\t\t\t\t\t\t<\/a><\/p>\n<p>\t\t\t\t\t\t\t\t\t\t\t\t\t\t\t\t\t\t\t\t\t\t\t\t\t\t\t\t\t\t\t\t\t\t\t\t\t\t\t\t\t\t\t\t\t\t\t\t\t\t\t\t\t\t\t\t\t\t\t\t\t\t\t<a href=\"https:\/\/www.lacommere43.fr\/component\/banners\/click\/1838.html\" target=\"_blank\" title=\"Chevalier Fr\u00e8res octobre 2025\" rel=\"noopener\"><br \/>\n\t\t\t\t\t\t\t<img decoding=\"async\" loading=\"lazy\" src=\"https:\/\/www.lacommere43.fr\/images\/banners\/chevalier-2025-toussaint.gif\" alt=\"Chevalier Fr\u00e8res octobre 2025\"\/><br \/>\n\t\t\t\t\t\t<\/a><\/p>\n<p><strong>Les championnats de France de sculpture sur glace se d\u00e9roulent ce week-end \u00e0 Yssingeaux, sur la place de la Victoire. Les seniors sont pass\u00e9s samedi, place aux juniors dimanche apr\u00e8s-midi.<\/strong><\/p>\n<p>Ils sont tous partis d&rsquo;un bloc de glace hydrique. Arm\u00e9s d&rsquo;une v\u00e9ritable panoplie de bricoleurs, avec tron\u00e7onneuse et autres outils \u00e9lectriques, les huit candidats ont donn\u00e9 vie \u00e0 des personnages de manga, th\u00e8me impos\u00e9 pour cette \u00e9dition 2025.<\/p>\n<p>Le vainqueur se nomme Nicolas Pierot. Originaire du Nord de la France, le trentenaire vit \u00e0 Shanga\u00ef. Il a r\u00e9alis\u00e9 Seiya de P\u00e9gase, chevalier de bronze dans les Chevaliers du Zodiaque. Il devance Nicolas Barbet de Lisieux (Normandie) avec Ph\u00e9nix, l&rsquo;oiseau de feu d&rsquo;Osamu Tezuma, et Thibaut Boulleret d&rsquo;Yssingeaux, avec la Tentation du Shinigami.<\/p>\n<p>Apr\u00e8s les seniors samedi, place dimanche aux juniors. Le public peut assister gratuitement \u00e0 la taille de ces blocs de glace.<\/p>\n<p>Les juniors (moins de 23 ans) \u00e9volueront sur le m\u00eame th\u00e8me dimanche et auront 2 h 30 pour transformer un bloc de glace hydrique, de 13 heures \u00e0 15 h 30. Ils seront onze en lice.<\/p>\n","protected":false},"excerpt":{"rendered":"Les championnats de France de sculpture sur glace se d\u00e9roulent ce week-end \u00e0 Yssingeaux, sur la place de&hellip;\n","protected":false},"author":2,"featured_media":490065,"comment_status":"","ping_status":"","sticky":false,"template":"","format":"standard","meta":{"footnotes":""},"categories":[1358],"tags":[2281,1348,1384,1385,1386,58,59,2282,1011,27,2280,2284,2285,2283],"class_list":{"0":"post-490174","1":"post","2":"type-post","3":"status-publish","4":"format-standard","5":"has-post-thumbnail","7":"category-arts-et-design","8":"tag-actualite-43","9":"tag-arts","10":"tag-arts-and-design","11":"tag-arts-et-design","12":"tag-design","13":"tag-divertissement","14":"tag-entertainment","15":"tag-faits-divers-auvergne","16":"tag-fr","17":"tag-france","18":"tag-information-haute-loire","19":"tag-infos-43","20":"tag-journal-haute-loire","21":"tag-la-commere-43"},"share_on_mastodon":{"url":"https:\/\/pubeurope.com\/@fr\/115437837608211341","error":""},"_links":{"self":[{"href":"https:\/\/www.europesays.com\/fr\/wp-json\/wp\/v2\/posts\/490174","targetHints":{"allow":["GET"]}}],"collection":[{"href":"https:\/\/www.europesays.com\/fr\/wp-json\/wp\/v2\/posts"}],"about":[{"href":"https:\/\/www.europesays.com\/fr\/wp-json\/wp\/v2\/types\/post"}],"author":[{"embeddable":true,"href":"https:\/\/www.europesays.com\/fr\/wp-json\/wp\/v2\/users\/2"}],"replies":[{"embeddable":true,"href":"https:\/\/www.europesays.com\/fr\/wp-json\/wp\/v2\/comments?post=490174"}],"version-history":[{"count":0,"href":"https:\/\/www.europesays.com\/fr\/wp-json\/wp\/v2\/posts\/490174\/revisions"}],"wp:featuredmedia":[{"embeddable":true,"href":"https:\/\/www.europesays.com\/fr\/wp-json\/wp\/v2\/media\/490065"}],"wp:attachment":[{"href":"https:\/\/www.europesays.com\/fr\/wp-json\/wp\/v2\/media?parent=490174"}],"wp:term":[{"taxonomy":"category","embeddable":true,"href":"https:\/\/www.europesays.com\/fr\/wp-json\/wp\/v2\/categories?post=490174"},{"taxonomy":"post_tag","embeddable":true,"href":"https:\/\/www.europesays.com\/fr\/wp-json\/wp\/v2\/tags?post=490174"}],"curies":[{"name":"wp","href":"https:\/\/api.w.org\/{rel}","templated":true}]}}