{"id":490180,"date":"2025-10-26T01:23:12","date_gmt":"2025-10-26T01:23:12","guid":{"rendered":"https:\/\/www.europesays.com\/fr\/490180\/"},"modified":"2025-10-26T01:23:12","modified_gmt":"2025-10-26T01:23:12","slug":"nicolas-dalencon-raconte-le-combat-quil-livre-contre-un-cancer-du-sein","status":"publish","type":"post","link":"https:\/\/www.europesays.com\/fr\/490180\/","title":{"rendered":"Nicolas, d\u2019Alen\u00e7on, raconte le combat qu\u2019il livre contre un cancer du sein"},"content":{"rendered":"<p>            Par<br \/>\n        <strong><br \/>\n            <a href=\"https:\/\/actu.fr\/auteur\/antoine-sauvetre\" title=\"Consulter tous les articles de Antoine Sauvetre\" target=\"_blank\" rel=\"noopener\">Antoine Sauvetre<\/a><br \/>\n        <\/strong><\/p>\n<p>        Publi\u00e9 le<\/p>\n<p>            25 oct. 2025 \u00e0 6h16        <\/p>\n<p>Lorsque Nicolas re\u00e7oit un courrier en lien avec son combat contre la maladie, il commence souvent par le mot \u00ab\u2009<b>Madame\u2009<\/b>\u00bb. \u00ab\u2009Il faut dire que je suis atteint par <b>deux cancers de femmes<\/b>\u2009\u00bb, confie-t-il.<br \/>En France, seuls <b>20\u2009%<\/b> des nouveaux cas de cancer de la thyro\u00efde concernent des personnes de sexe masculin. Surtout, les hommes ne repr\u00e9sentent que <b>1\u2009% des cancers du sein<\/b> d\u00e9tect\u00e9s chaque ann\u00e9e, soit environ <b>600 cas par an<\/b>. Le sexag\u00e9naire lutte contre les deux en m\u00eame temps.<br \/>\u00ab\u2009J\u2019ai moi-m\u00eame d\u00e9couvert, \u00e0 mes d\u00e9pens, que le cancer du sein n\u2019\u00e9tait <b>pas exclusivement f\u00e9minin\u2009<\/b>\u00bb, reconna\u00eet-il. M\u00eame constat chez ses proches et ses coll\u00e8gues. Pourtant, Nicolas est \u00ab\u2009b\u00e9n\u00e9vole depuis des ann\u00e9es pour des associations de <b>soutien aux malades<\/b>, dont les personnes atteintes d\u2019un cancer du sein\u2009!\u2009\u00bb, s\u2019\u00e9tonne-t-il encore.<\/p>\n<p>\u00ab\u2009Vous partez en guerre\u2009\u00bb<\/p>\n<p class=\" wall-content\">Lorsqu\u2019il s\u2019est pr\u00e9sent\u00e9 pour la premi\u00e8re fois devant son m\u00e9decin traitant pour une \u00ab\u2009<b>boule douloureuse<\/b>\u2009\u00bb au niveau du sein droit, au d\u00e9but de l\u2019ann\u00e9e 2025, il ne s\u2019attendait pas \u00e0 \u00eatre imm\u00e9diatement orient\u00e9 vers le centre d\u2019imagerie de la Femme, \u00e0 <a href=\"https:\/\/actu.fr\/normandie\/alencon_61001\" target=\"_blank\" rel=\"noopener\">Alen\u00e7on <\/a>(Orne). Son premier pas dans un monde \u00ab\u2009presque exclusivement f\u00e9minin\u2009\u00bb.<\/p>\n<p class=\" wall-content\">La <b>mammographie <\/b>a \u00e9t\u00e9 une premi\u00e8re \u00e9tape \u00ab\u2009douloureuse\u2009\u00bb. Elle sera suivie par une<b> \u00e9chographie<\/b>, puis une <b>biopsie<\/b>. Les scanners r\u00e9v\u00e8lent \u00ab\u2009une surface opaque de 1,2\u00a0cm\u2009\u00bb, se rappelle l\u2019Alen\u00e7onnais.<\/p>\n<p class=\" wall-content\">Apr\u00e8s une <b>douzaine d\u2019examens en quatre mois<\/b> et au bout de \u00ab\u2009plusieurs semaines d\u2019angoisse\u2009\u00bb, son chirurgien le pr\u00e9vient\u2009: \u00ab\u2009vous \u00eates un g\u00e9n\u00e9ral et vous<b> partez en guerre<\/b>. Il ne faudra rien l\u00e2cher\u2009\u00bb.<\/p>\n<p>Rep\u00e9rer un cancer du sein chez l&rsquo;homme ?<\/p>\n<p>\u00ab Il est important que les hommes sachent que ce cancer peut les concerner et de ne pas n\u00e9gliger les sympt\u00f4mes \u00bb, alerte la Ligue contre le cancer.<br \/>&#13;<br \/>\nCelle-ci signale que les facteurs de risque sont l&rsquo;\u00e2ge &#8211; \u00ab il est plus fr\u00e9quemment diagnostiqu\u00e9 chez les hommes de plus de 60\u00a0ans \u00bb -, les ant\u00e9c\u00e9dents familiaux de cancer du sein avec ou sans pr\u00e9disposition g\u00e9n\u00e9tique &#8211; \u00ab les hommes dont un parent proche, tant homme que femme, a eu un cancer du sein risquent davantage d&rsquo;\u00eatre atteints et le risque augmente en fonction du nombre de parents proches concern\u00e9s par ce cancer \u00bb -, mais aussi le syndrome de Klinefelter &#8211; \u00ab une affection g\u00e9n\u00e9tique due \u00e0 la pr\u00e9sence d&rsquo;un chromosome X suppl\u00e9mentaire qui toucherait un gar\u00e7on sur 600 \u00bb -, une exposition aux rayonnements, \u00ab en particulier du thorax \u00bb, et la cirrhose du foie, qui accro\u00eet le taux d&rsquo;\u0153strog\u00e8ne et baisse le taux d&rsquo;androg\u00e8nes, tous deux li\u00e9s \u00e0 un risque accru de cancer du sein.<br \/>&#13;<br \/>\nIl est important de savoir ce qui est normal pour vos seins et les r\u00e9gions voisines et de signaler tout changement \u00e0 votre m\u00e9decin.<br \/>&#13;<br \/>\nLe signe le plus fr\u00e9quent du cancer du sein chez l&rsquo;homme est une masse, souvent situ\u00e9e pr\u00e8s du mamelon ou en dessous. D&rsquo;autres signes et sympt\u00f4mes sont, entre autres, : \u00e9coulement ou saignement du mamelon, mamelon qui pointe vers l&rsquo;int\u00e9rieur (mamelon invers\u00e9), changements dans la couleur du sein, qui devient par exemple rouge ou plus fonc\u00e9e que d&rsquo;habitude, enflure ou desquamation au sein, masse ou \u00e9paississement dans l&rsquo;aisselle, l\u00e9sion ouverte (ulc\u00e8re) sur la peau du sein qui ne gu\u00e9rit pas.<\/p>\n<p>Des douleurs \u00ab\u2009abominables\u2009\u00bb<\/p>\n<p class=\" wall-content\">Car tr\u00e8s vite, les douleurs s\u2019intensifient, deviennent quotidiennes et \u00ab\u2009abominables\u2009\u00bb.<\/p>\n<blockquote class=\"ac-article-quote wall-content\">\n<p>On m\u2019a dit qu\u2019un cancer du sein \u00e9tait encore plus douloureux pour un homme, car la tumeur se d\u00e9veloppe de fa\u00e7on anarchique. Elle n\u2019a pas de place et est soumise \u00e0 une forte pression.<\/p>\n<p>Nicolas, atteint d\u2019un cancer du sein<\/p><\/blockquote>\n<p>Votre r\u00e9gion, votre actu !<\/p>\n<p>Recevez chaque jour les infos qui comptent pour vous.<\/p>\n<p>\t<a href=\"https:\/\/actu.fr\/newsletter\" class=\"ac-btn ac-btn--corner ac-btn--medium ac-btn--blue800\" target=\"_blank\" rel=\"noopener\">S&rsquo;incrire<\/a><\/p>\n<p class=\" wall-content\">\u00ab\u2009Il y en a deux sortes. L\u2019une donne la sensation qu\u2019une <b>poign\u00e9e d\u2019aiguilles<\/b> essaie de vous transpercer. C\u2019est tr\u00e8s localis\u00e9 et cela dure 30 \u00e0 45\u00a0minutes\u2009\u00bb, d\u00e9crit-il.<\/p>\n<p class=\" wall-content\">La seconde, \u00ab\u2009particuli\u00e8rement intense\u2009\u00bb, est \u00ab\u2009une <b>br\u00fblure glac\u00e9e<\/b> dans toute la poitrine\u2009\u00bb. \u00ab\u2009Un truc qui vous met par terre pendant deux heures et qui n\u00e9cessitent une demi-journ\u00e9e pour s\u2019en remettre.\u2009\u00bb<\/p>\n<p>\u00ab\u2009Personne ne savait\u2009\u00bb<\/p>\n<p class=\" wall-content\">Nicolas vit <b>seul <\/b>depuis la disparition de son \u00e9pouse, il y a six ans et demi, apr\u00e8s un insupportable combat contre un <b>cancer g\u00e9n\u00e9ralis\u00e9<\/b>. Il ne voulait pas s\u2019arr\u00eater de travailler pour ne pas s\u2019isoler. \u00ab\u2009Mais au bout d\u2019un moment, il a fallu se rendre \u00e0 l\u2019\u00e9vidence. Ce n\u2019\u00e9tait plus possible.\u2009\u00bb<\/p>\n<p class=\" wall-content\">Son patron est le premier \u00e0 \u00eatre inform\u00e9 que Nicolas lutte contre deux cancers \u00e0 la fois. \u00ab\u2009Il y a 20\u00a0ans, on m\u2019aurait vir\u00e9. L\u00e0, j\u2019ai pr\u00e9venu mon patron <b>avant m\u00eame ma famille<\/b>. Les choses ont quand m\u00eame bien \u00e9volu\u00e9\u2009\u00bb, salue-t-il.<\/p>\n<p class=\" wall-content\">Puis c\u2019est au tour de sa cheffe d\u2019\u00e9quipe et d\u2019une partie de ses coll\u00e8gues. L\u2019une d\u2019elles lui r\u00e9v\u00e9lera l\u2019avoir aper\u00e7u, peu de temps avant cette annonce, tordu de douleurs au milieu d\u2019un atelier. \u00ab\u2009Je n\u2019en avais aucun souvenir\u2026\u2009\u00bb, l\u00e2che Nicolas.<\/p>\n<p class=\" wall-content\">\u00ab\u2009<b>Personne ne savait<\/b> que le cancer du sein existait chez les hommes\u2009\u00bb, assure-t-il. Avec ses coll\u00e8gues f\u00e9minines, il trouve un <b>soutien particulier.<\/b> \u00ab\u2009Je crois que de fa\u00e7on g\u00e9n\u00e9rale, les femmes font preuve de plus d\u2019empathie. Je me suis senti plus \u00e0 l\u2019aise avec elles pour parler de choses plus <b>personnelles<\/b>.\u2009\u00bb<\/p>\n<p>\u00ab\u2009Cela ou mourir\u2009\u00bb<\/p>\n<p class=\" wall-content\">En mars, un mois seulement apr\u00e8s le diagnostic, arrive l\u2019heure de la <b>premi\u00e8re op\u00e9ration<\/b>\u2009: l\u2019ablation de son sein droit.<\/p>\n<p class=\" wall-content\">Une \u00e9preuve qu\u2019il a abord\u00e9e avec <b>appr\u00e9hension<\/b>, forc\u00e9ment.<\/p>\n<blockquote class=\"ac-article-quote wall-content\">\n<p>Bien s\u00fbr, perdre son sein n\u2019a pas la m\u00eame symbolique pour un homme que pour une femme. Mais j\u2019allais quand m\u00eame perdre une partie de moi-m\u00eame.<\/p>\n<p>Nicolas<\/p><\/blockquote>\n<p class=\" wall-content\">\u00ab\u2009Les infirmi\u00e8res m\u2019ont montr\u00e9 des photos avant, pour que je sache \u00e0 quoi m\u2019en tenir. Il n\u2019y avait d\u2019ailleurs <b>pas une seule image d\u2019homme<\/b>. J\u2019ai vu de la chaire boursouffl\u00e9e, une \u00e9norme cicatrice, un sentiment de d\u00e9go\u00fbt. Mais c\u2019\u00e9tait <b>\u00e7a ou mourir.<\/b>\u2009\u00bb<\/p>\n<p class=\" wall-content\">Au Centre hospitalier du\u00a0Mans, Nicolas \u00e9tait \u00ab\u2009le <b>seul mec de tout l\u2019\u00e9tage<\/b>\u2009\u00bb. \u00ab\u2009J\u2019ai au moins eu l\u2019avantage d\u2019\u00eatre seul dans ma chambre, pour pr\u00e9server l\u2019intimit\u00e9 des autres patientes.\u2009\u00bb<\/p>\n<p>\u00ab\u2009Physiquement, je me faisais peur\u2009\u00bb<\/p>\n<p class=\" wall-content\">Pour ses deux cancers,<b> sept tumeurs<\/b> ont pu \u00eatre enlev\u00e9es.<\/p>\n<p class=\" wall-content\">Ses plus intenses douleurs ont disparu, mais il a<b> perdu de la sensibilit\u00e9<\/b> au niveau du triceps et ressent parfois \u00ab\u2009comme une d\u00e9chirure musculaire dans certaines positions. Un quart de mon corps est un corps de vieillard.\u2009\u00bb<\/p>\n<p class=\" wall-content\">Aujourd\u2019hui, une \u00ab\u2009horrible cicatrice de <b>25\u00a0cm<\/b>\u2009\u00bb remplace son sein droit.<\/p>\n<blockquote class=\"ac-article-quote wall-content\">\n<p>J\u2019ai encore du mal \u00e0 jeter un regard sur ma cicatrice. Il m\u2019a fallu des semaines avant de pouvoir mettre mon doigt dans ce trou b\u00e9ant.<\/p>\n<p>Nicolas<\/p><\/blockquote>\n<p class=\" wall-content\">Depuis, Nicolas a appris \u00e0<b> prendre soin de son corps<\/b>. \u00ab\u2009Les aides-soignantes ont \u00e9t\u00e9 extraordinaires\u2009!\u2009\u00bb<\/p>\n<p>\u00ab\u2009Beaucoup d\u2019hommes ne le font pas\u2026\u2009\u00bb<\/p>\n<p class=\" wall-content\">Car apr\u00e8s une deuxi\u00e8me op\u00e9ration en avril, pour son cancer de la thyro\u00efde, il a entam\u00e9 les s\u00e9ances de <b>chimioth\u00e9rapie <\/b>en mai.<\/p>\n<p class=\" wall-content\">Des injections toutes les deux semaines, avec les cons\u00e9quences physiques qu\u2019engendrent le traitement et les effets secondaires de nombreux m\u00e9dicaments. Des br\u00fblures d\u2019estomac, des naus\u00e9es, des vertiges, des ongles qui cassent, une peau qui devient tr\u00e8s fragile\u2026 \u00ab\u2009Personne ne r\u00e9agit de la m\u00eame mani\u00e8re au traitement, mais moi je crois que <b>j\u2019ai eu tous les sympt\u00f4mes<\/b>\u2009\u00bb, se rappelle-t-il.<\/p>\n<p class=\" wall-content\">Pour affronter la d\u00e9gradation \u00ab\u2009terrible\u2009\u00bb de son corps et combattre un moral en berne, Nicolas a \u00e9t\u00e9 suivi par une psychologue \u2013 \u00ab\u2009je crois qu\u2019elle \u00e9tait un peu d\u00e9stabilis\u00e9e par le fait que je suis un homme\u2009\u00bb \u2013 et par une socioesth\u00e9ticienne. \u00ab\u2009Physiquement, je me faisais peur. J\u2019avais l\u2019impression de voir une momie. Elle m\u2019a appris \u00e0 me servir des baumes hydratants, des cr\u00e8mes r\u00e9paratrices, des diff\u00e9rents produits de soins pour la peau et le cuir chevelu\u2009\u00bb, explique-t-il. \u00ab\u2009Je suis s\u00fbr que<b> beaucoup d\u2019hommes ne le font pas<\/b>\u2026\u2009\u00bb<\/p>\n<p>Des sous de c\u00f4t\u00e9 pour les pompes fun\u00e8bres<\/p>\n<p class=\" wall-content\">Nicolas vient de finir son deuxi\u00e8me cycle de chimioth\u00e9rapie de douze s\u00e9ances hebdomadaires. Il continue de s\u2019efforcer de faire des <b>exercices<\/b>, participe \u00e0 des s\u00e9ances de sport adapt\u00e9. \u00ab\u2009On est un ou deux hommes. Le reste, ce ne sont que des femmes. Mais je ne suis pas mal \u00e0 l\u2019aise. Apr\u00e8s tout, j\u2019ai v\u00e9cu avec trois femmes \u00e0 la maison\u2009!\u2009\u00bb<\/p>\n<p class=\" wall-content\">Il retrouve peu \u00e0 peu le moral. Et surtout de l\u2019espoir. \u00ab\u2009Quand j\u2019ai appris que j\u2019\u00e9tais atteint de deux cancers, j\u2019ai commenc\u00e9 \u00e0 me d\u00e9barrasser de meubles et de mat\u00e9riel pour \u00e9viter \u00e0 mes filles d\u2019avoir \u00e0 le faire quand je ne serais plus l\u00e0. J\u2019ai mis des sous de c\u00f4t\u00e9 pour <b>payer les pompes fun\u00e8bres<\/b>\u2026\u2009\u00bb<\/p>\n<blockquote class=\"ac-article-quote wall-content\">\n<p>Apr\u00e8s l\u2019annonce de ma maladie, la mort \u00e9tait, pour moi, une certitude. Aujourd\u2019hui, j\u2019ai 75\u2009% de chance d\u2019\u00eatre encore en vie dans 10\u00a0ans.<\/p>\n<p>Nicolas<\/p><\/blockquote>\n<p class=\" wall-content\">Alors Nicolas continue de <b>combattre<\/b>, \u00ab\u2009comme Sisyphe qui doit remonter la colline\u2009\u00bb, dans cette \u00ab\u2009guerre\u2009\u00bb que son chirurgien lui avait promise, et qu\u2019il sait \u00ab\u2009loin d\u2019\u00eatre termin\u00e9e\u2009\u00bb. \u00ab\u2009C\u2019est un exercice aussi physique que mental, sans aucun doute. Mais j\u2019ai eu la chance que mes cancers aient \u00e9t\u00e9 d\u00e9tect\u00e9s suffisamment t\u00f4t. L\u2019<b>autopalpation peut sauver des vies<\/b> de femmes\u2026 et d\u2019hommes aussi. Mais avant cela, il faut le savoir.\u2009\u00bb<\/p>\n<p class=\" wall-content\">Personnalisez votre actualit\u00e9 en ajoutant vos villes et m\u00e9dias en favori avec <a href=\"https:\/\/moncompte.actu.fr\" title=\"D\u00e9couvez Mon Actu\" rel=\"nofollow noopener\" data-trk=\"{&quot;cta&quot;:{&quot;action&quot;:&quot;https:\\\/\\\/moncompte.actu.fr&quot;,&quot;category&quot;:&quot;mon compte&quot;,&quot;from&quot;:&quot;article footer&quot;,&quot;name&quot;:&quot;Mon actu&quot;,&quot;type&quot;:&quot;cta&quot;}}\" target=\"_blank\">Mon Actu<\/a>.<\/p>\n","protected":false},"excerpt":{"rendered":"Par Antoine Sauvetre Publi\u00e9 le 25 oct. 2025 \u00e0 6h16 Lorsque Nicolas re\u00e7oit un courrier en lien avec&hellip;\n","protected":false},"author":2,"featured_media":490181,"comment_status":"","ping_status":"","sticky":false,"template":"","format":"standard","meta":{"footnotes":""},"categories":[10],"tags":[101,1011,27,72,54321,71,104],"class_list":{"0":"post-490180","1":"post","2":"type-post","3":"status-publish","4":"format-standard","5":"has-post-thumbnail","7":"category-sante","8":"tag-cancer","9":"tag-fr","10":"tag-france","11":"tag-health","12":"tag-octobre-rose","13":"tag-sante","14":"tag-societe"},"share_on_mastodon":{"url":"https:\/\/pubeurope.com\/@fr\/115437856762405267","error":""},"_links":{"self":[{"href":"https:\/\/www.europesays.com\/fr\/wp-json\/wp\/v2\/posts\/490180","targetHints":{"allow":["GET"]}}],"collection":[{"href":"https:\/\/www.europesays.com\/fr\/wp-json\/wp\/v2\/posts"}],"about":[{"href":"https:\/\/www.europesays.com\/fr\/wp-json\/wp\/v2\/types\/post"}],"author":[{"embeddable":true,"href":"https:\/\/www.europesays.com\/fr\/wp-json\/wp\/v2\/users\/2"}],"replies":[{"embeddable":true,"href":"https:\/\/www.europesays.com\/fr\/wp-json\/wp\/v2\/comments?post=490180"}],"version-history":[{"count":0,"href":"https:\/\/www.europesays.com\/fr\/wp-json\/wp\/v2\/posts\/490180\/revisions"}],"wp:featuredmedia":[{"embeddable":true,"href":"https:\/\/www.europesays.com\/fr\/wp-json\/wp\/v2\/media\/490181"}],"wp:attachment":[{"href":"https:\/\/www.europesays.com\/fr\/wp-json\/wp\/v2\/media?parent=490180"}],"wp:term":[{"taxonomy":"category","embeddable":true,"href":"https:\/\/www.europesays.com\/fr\/wp-json\/wp\/v2\/categories?post=490180"},{"taxonomy":"post_tag","embeddable":true,"href":"https:\/\/www.europesays.com\/fr\/wp-json\/wp\/v2\/tags?post=490180"}],"curies":[{"name":"wp","href":"https:\/\/api.w.org\/{rel}","templated":true}]}}