{"id":490184,"date":"2025-10-26T01:25:11","date_gmt":"2025-10-26T01:25:11","guid":{"rendered":"https:\/\/www.europesays.com\/fr\/490184\/"},"modified":"2025-10-26T01:25:11","modified_gmt":"2025-10-26T01:25:11","slug":"star-academy-2026-ema-mehdi-ou-theo-le-premier-elimine-de-la-saison-est","status":"publish","type":"post","link":"https:\/\/www.europesays.com\/fr\/490184\/","title":{"rendered":"Star Academy 2026 : Ema, Mehdi ou Th\u00e9o, le premier \u00e9limin\u00e9 de la saison est&#8230;"},"content":{"rendered":"<p>      R\u00e9sum\u00e9<\/p>\n<p>Au deuxi\u00e8me prime de la Star Academy 2026, Mehdi a \u00e9t\u00e9 le premier \u00e9l\u00e8ve \u00e9limin\u00e9 apr\u00e8s des performances jug\u00e9es hors th\u00e8me, laissant 16 candidats poursuivre l\u2019aventure.<\/p>\n<p>        Sommaire<\/p>\n<p>A chaque nouvelle saison dit forc\u00e9ment premiers adieux&#8230; Et \u00e0 l&rsquo;heure du prime des premi\u00e8res fois, l&rsquo;un <a href=\"https:\/\/www.public.fr\/star-academy-2026-huit-hommes-pour-neuf-femmes-decouvrez-le-casting-de-la-saison-13\" target=\"_blank\" rel=\"noopener\">des 17 nouveaux \u00e9l\u00e8ves de la Star Academy<\/a> a aussi v\u00e9cu sa derni\u00e8re. Ce samedi, le deuxi\u00e8me prime de la saison 13 recevait <strong>Benjamin Biolay, Amel Bent, Luiza, Lily Wood et The Prick ou encore Kyo<\/strong>. Les \u00e9l\u00e8ves ont pu partager des duos inoubliables avec les artistes, et ont \u00e9galement pr\u00e9sent\u00e9 leur hymne, Voulez-vous d&rsquo;ABBA, aux t\u00e9l\u00e9spectateurs.<\/p>\n<p>Mais <a href=\"https:\/\/vsd.fr\/89894-deja-un-couple-au-sein-de-la-promo-2025-de-la-star-academy\/\" target=\"_blank\" rel=\"noopener\">ce premier prime de la Star Academy<\/a> a surtout sonn\u00e9 le glas d&rsquo;un des \u00e9l\u00e8ves. <strong>Mercredi, Mehdi, Ema et Th\u00e9o P. ont \u00e9t\u00e9 nomm\u00e9s<\/strong> \u00e0 la suite des premi\u00e8res \u00e9valuations. Les trois \u00e9l\u00e8ves se sont vu reprocher une mauvaise compr\u00e9hension de la th\u00e9matique donn\u00e9e par les professeurs. Ils devaient tous choisir une chanson pour se raconter, <strong>mais les trois \u00e9l\u00e8ves semblaient s&rsquo;\u00eatre \u00e9loign\u00e9s du th\u00e8me<\/strong>&#8230; Ils l&rsquo;ont pay\u00e9 au prix cher, en rejoignant le banc des nomm\u00e9s.<\/p>\n<p>De la difficult\u00e9 d&rsquo;\u00eatre le premier \u00e9limin\u00e9 de la \u00ab\u00a0Star Academy\u00a0\u00bb&#8230;<\/p>\n<p>A l&rsquo;issue de deux heures et demi de show, la sentence est tomb\u00e9e.<strong> Th\u00e9o P. a \u00e9t\u00e9 sauv\u00e9 par le public<\/strong>, et a ainsi \u00e9chapp\u00e9 au choix corn\u00e9lien de ses camarades. Ces derniers ont finalement d\u00e9cid\u00e9 de sauver Ema. <strong>Mehdi a donc \u00e9t\u00e9 \u00e9limin\u00e9 de l&rsquo;aventure<\/strong>, et rejoint ainsi la liste tr\u00e8s douloureuse des premiers \u00e9limin\u00e9s de la Star Academy. L&rsquo;an dernier, <a href=\"https:\/\/www.public.fr\/maylis-star-academy-fraichement-eliminee-annonce-un-drole-de-projet-je-sais-que-ce-nest-pas-tres-commun\" target=\"_blank\" rel=\"noopener\">c&rsquo;est Maylis qui a \u00e9t\u00e9 \u00e9limin\u00e9e la premi\u00e8re<\/a>, et succ\u00e9dait ainsi \u00e0 Louis et Amisse. <\/p>\n<p>Une nouvelle semaine commence pour les Acad\u00e9miciens, qui repartent donc \u00e0 16 <a href=\"https:\/\/www.public.fr\/star-academy-retournement-de-situation-lelement-le-plus-celebre-de-lemission-nest-plus-a-vendre\" target=\"_blank\" rel=\"noopener\">au ch\u00e2teau de Dammarie-les-Lys<\/a>. De nouvelles \u00e9valuations se d\u00e9rouleront, comme toutes les semaines, lundi et mardi. Elles se feront l\u00e0-encore en deux temps, <strong>avec huit \u00e9l\u00e8ves le lundi, puis les huit suivants le mardi<\/strong>. A l&rsquo;issue de ces deux journ\u00e9es d&rsquo;\u00e9valuation, qui pourraient cette semaine inclure de la danse ou du th\u00e9\u00e2tre par exemple, trois nouveaux \u00e9l\u00e8ves seront priv\u00e9s du show de la Star Academy et rejoindront le banc des nomm\u00e9s. A qui le tour ?<\/p>\n<p>\n          Hits &amp; People en continu\n        <\/p>\n<p>\n          Public Radio\n        <\/p>\n<p>      Mentionn\u00e9s dans cet article<\/p>\n<p>      Sur le m\u00eame sujet<\/p>\n","protected":false},"excerpt":{"rendered":"R\u00e9sum\u00e9 Au deuxi\u00e8me prime de la Star Academy 2026, Mehdi a \u00e9t\u00e9 le premier \u00e9l\u00e8ve \u00e9limin\u00e9 apr\u00e8s des&hellip;\n","protected":false},"author":2,"featured_media":490185,"comment_status":"","ping_status":"","sticky":false,"template":"","format":"standard","meta":{"footnotes":""},"categories":[8],"tags":[58,59,1011,27,59698,9052,18439,10827,5095,199],"class_list":{"0":"post-490184","1":"post","2":"type-post","3":"status-publish","4":"format-standard","5":"has-post-thumbnail","7":"category-divertissement","8":"tag-divertissement","9":"tag-entertainment","10":"tag-fr","11":"tag-france","12":"tag-karima-charni","13":"tag-lucie-bernardoni","14":"tag-michael-goldman","15":"tag-nikos-aliagas","16":"tag-star-academy","17":"tag-tf1"},"share_on_mastodon":{"url":"https:\/\/pubeurope.com\/@fr\/115437864470500126","error":""},"_links":{"self":[{"href":"https:\/\/www.europesays.com\/fr\/wp-json\/wp\/v2\/posts\/490184","targetHints":{"allow":["GET"]}}],"collection":[{"href":"https:\/\/www.europesays.com\/fr\/wp-json\/wp\/v2\/posts"}],"about":[{"href":"https:\/\/www.europesays.com\/fr\/wp-json\/wp\/v2\/types\/post"}],"author":[{"embeddable":true,"href":"https:\/\/www.europesays.com\/fr\/wp-json\/wp\/v2\/users\/2"}],"replies":[{"embeddable":true,"href":"https:\/\/www.europesays.com\/fr\/wp-json\/wp\/v2\/comments?post=490184"}],"version-history":[{"count":0,"href":"https:\/\/www.europesays.com\/fr\/wp-json\/wp\/v2\/posts\/490184\/revisions"}],"wp:featuredmedia":[{"embeddable":true,"href":"https:\/\/www.europesays.com\/fr\/wp-json\/wp\/v2\/media\/490185"}],"wp:attachment":[{"href":"https:\/\/www.europesays.com\/fr\/wp-json\/wp\/v2\/media?parent=490184"}],"wp:term":[{"taxonomy":"category","embeddable":true,"href":"https:\/\/www.europesays.com\/fr\/wp-json\/wp\/v2\/categories?post=490184"},{"taxonomy":"post_tag","embeddable":true,"href":"https:\/\/www.europesays.com\/fr\/wp-json\/wp\/v2\/tags?post=490184"}],"curies":[{"name":"wp","href":"https:\/\/api.w.org\/{rel}","templated":true}]}}