{"id":490190,"date":"2025-10-26T01:28:22","date_gmt":"2025-10-26T01:28:22","guid":{"rendered":"https:\/\/www.europesays.com\/fr\/490190\/"},"modified":"2025-10-26T01:28:22","modified_gmt":"2025-10-26T01:28:22","slug":"donald-trump-a-rencontre-lemir-du-qatar-lors-dune-escale-vers-la-malaisie","status":"publish","type":"post","link":"https:\/\/www.europesays.com\/fr\/490190\/","title":{"rendered":"Donald Trump a rencontr\u00e9 l&rsquo;\u00e9mir du Qatar lors d&rsquo;une escale vers la Malaisie"},"content":{"rendered":"<p>\n    Le pr\u00e9sident am\u00e9ricain s\u2019est entretenu, \u00e0 bord de son avion, avec l\u2019\u00e9mir et le premier ministre du Qatar, pour des discussions sur le fragile cessez-le-feu dans la bande de Gaza, lors d\u2019une escale dans l\u2019\u00e9mirat.<\/p>\n<p class=\"fig-paragraph\">Donald Trump a fait halte samedi au Qatar pour des discussions sur le fragile cessez-le-feu \u00e0 Gaza, premi\u00e8re \u00e9tape d\u2019une importante tourn\u00e9e en Asie dont le point d\u2019orgue sera une rencontre avec le pr\u00e9sident chinois Xi Jinping, lourde d\u2019enjeux pour l\u2019\u00e9conomie mondiale. Le pr\u00e9sident am\u00e9ricain a d\u00e9clar\u00e9 qu\u2019il esp\u00e9rait une \u00abtr\u00e8s bonne rencontre\u00bb avec son homologue chinois, et s\u2019attendait \u00e0 voir P\u00e9kin conclure un accord pour \u00e9viter des droits de douane suppl\u00e9mentaires de 100% devant entrer en vigueur le 1er novembre.<\/p>\n<p class=\"fig-paragraph\">En chemin vers la Malaisie, il a rencontr\u00e9 \u00e0 bord de son avion Air Force One l\u2019\u00e9mir et le Premier ministre du Qatar, rendant hommage au r\u00f4le jou\u00e9 par l\u2019\u00e9mirat pour l\u2019instauration de la tr\u00eave entre Isra\u00ebl et le mouvement islamiste palestinien Hamas dans la bande de Gaza sur la base de son plan pour mettre fin \u00e0 deux ans de guerre. \u00abCe que nous avons fait est incroyable, la paix au Moyen-Orient, et ils en sont un grand facteur\u00bb, a d\u00e9clar\u00e9 Donald Trump en pr\u00e9sence de l\u2019\u00e9mir, Cheikh Tamim ben Hamad Al-Thani, et du Premier ministre, Cheikh Mohammed ben Abdelrahmane Al-Thani.<\/p>\n<p>                                    <a class=\"fig-a11y-skip a11y-hidden\" href=\"#fig-a11y-skip-main-inarticle\"><br \/>\n        Passer la publicit\u00e9<br \/>\n    <\/a><\/p>\n<p>Rencontre avec Kim Jong Un\u00a0?<\/p>\n<p class=\"fig-paragraph\">Par ailleurs, Donald Trump s\u2019est dit \u00abouvert\u00bb \u00e0 une rencontre avec le dirigeant nord-cor\u00e9en Kim Jong Un lors de cette tourn\u00e9e, sa premi\u00e8re dans la r\u00e9gion depuis son retour au pouvoir en janvier, qui le conduira en Malaisie, au Japon et en Cor\u00e9e du Sud. \u00abJ\u2019aimerais bien, il sait que nous y allons\u00bb, a-t-il d\u00e9clar\u00e9 aux journalistes qui le questionnaient sur l\u2019\u00e9ventualit\u00e9 d\u2019une telle entrevue lors de son passage dans la p\u00e9ninsule cor\u00e9enne. Sa derni\u00e8re rencontre avec Kim Jong Un remonte \u00e0 2019.<\/p>\n","protected":false},"excerpt":{"rendered":"Le pr\u00e9sident am\u00e9ricain s\u2019est entretenu, \u00e0 bord de son avion, avec l\u2019\u00e9mir et le premier ministre du Qatar,&hellip;\n","protected":false},"author":2,"featured_media":490191,"comment_status":"","ping_status":"","sticky":false,"template":"","format":"standard","meta":{"footnotes":""},"categories":[5],"tags":[11,75,1011,27,14,12,1463,28],"class_list":{"0":"post-490190","1":"post","2":"type-post","3":"status-publish","4":"format-standard","5":"has-post-thumbnail","7":"category-international","8":"tag-actualites","9":"tag-donald-trump","10":"tag-fr","11":"tag-france","12":"tag-international","13":"tag-news","14":"tag-qatar","15":"tag-world"},"share_on_mastodon":{"url":"https:\/\/pubeurope.com\/@fr\/115437876411011290","error":""},"_links":{"self":[{"href":"https:\/\/www.europesays.com\/fr\/wp-json\/wp\/v2\/posts\/490190","targetHints":{"allow":["GET"]}}],"collection":[{"href":"https:\/\/www.europesays.com\/fr\/wp-json\/wp\/v2\/posts"}],"about":[{"href":"https:\/\/www.europesays.com\/fr\/wp-json\/wp\/v2\/types\/post"}],"author":[{"embeddable":true,"href":"https:\/\/www.europesays.com\/fr\/wp-json\/wp\/v2\/users\/2"}],"replies":[{"embeddable":true,"href":"https:\/\/www.europesays.com\/fr\/wp-json\/wp\/v2\/comments?post=490190"}],"version-history":[{"count":0,"href":"https:\/\/www.europesays.com\/fr\/wp-json\/wp\/v2\/posts\/490190\/revisions"}],"wp:featuredmedia":[{"embeddable":true,"href":"https:\/\/www.europesays.com\/fr\/wp-json\/wp\/v2\/media\/490191"}],"wp:attachment":[{"href":"https:\/\/www.europesays.com\/fr\/wp-json\/wp\/v2\/media?parent=490190"}],"wp:term":[{"taxonomy":"category","embeddable":true,"href":"https:\/\/www.europesays.com\/fr\/wp-json\/wp\/v2\/categories?post=490190"},{"taxonomy":"post_tag","embeddable":true,"href":"https:\/\/www.europesays.com\/fr\/wp-json\/wp\/v2\/tags?post=490190"}],"curies":[{"name":"wp","href":"https:\/\/api.w.org\/{rel}","templated":true}]}}