{"id":490196,"date":"2025-10-26T01:33:54","date_gmt":"2025-10-26T01:33:54","guid":{"rendered":"https:\/\/www.europesays.com\/fr\/490196\/"},"modified":"2025-10-26T01:33:54","modified_gmt":"2025-10-26T01:33:54","slug":"a-dix-lasse-giflee-a-annecy-et-degagee-du-podium","status":"publish","type":"post","link":"https:\/\/www.europesays.com\/fr\/490196\/","title":{"rendered":"\u00c0 dix, l\u2019ASSE gifl\u00e9e \u00e0 Annecy et d\u00e9gag\u00e9e du podium"},"content":{"rendered":"<p>Une soir\u00e9e sans, pour le club du Forez. Ce samedi soir, l\u2019AS Saint-\u00c9tienne se d\u00e9pla\u00e7ait effectivement sur la pelouse du Parc des Sports pour y affronter le FC Annecy, dans le cadre du choc de cl\u00f4ture de la onzi\u00e8me journ\u00e9e de Ligue 2. Une rencontre qui a vu l\u2019ASSE rapidement \u00eatre r\u00e9duite \u00e0 dix et s\u2019incliner sur le score de quatre buts \u00e0 z\u00e9ro. Gr\u00e2ce \u00e0 cette victoire, le FCA remonte \u00e0 la huiti\u00e8me place et s\u2019\u00e9loigne de la zone dangereuse. Les Verts chutent \u00e0 la quatri\u00e8me place.\u00a0<\/p>\n<p>L\u2019ASSE en-de\u00e7\u00e0<\/p>\n<p>Le match va d\u00e9marrer de la meilleure des mani\u00e8res pour les locaux. D\u00e8s la sixi\u00e8me minute de jeu, ces derniers vont effectivement prendre les devants. Sur un centre venu de la gauche de la part de Billemaz, Antoine Larose conclut dans la surface, c\u00f4t\u00e9 oppos\u00e9 avec son pied droit, apr\u00e8s deux rebonds. De quoi lancer un derby qui s\u2019annonce fou. Sur l\u2019action suivante, l\u2019AS Saint-\u00c9tienne pense revenir \u00e0 hauteur mais Zuriko Davitashvili est sanctionn\u00e9 d\u2019une position de hors-jeu. \u00c0 la treizi\u00e8me minute de jeu, le tournant du match va avoir lieu avec la tr\u00e8s grosse semelle d\u2019Igor Miladinovic sur Billemaz. Le St\u00e9phanois est logiquement expuls\u00e9. Malgr\u00e9 tout, les Verts continuent de faire le jeu pour tenter de revenir \u00e0 hauteur au Parc des Sports.<\/p>\n<p>Le FC Annecy va g\u00e9rer avant de faire le break \u00e0 la 67\u00e8me minute de jeu. Sur un centre c\u00f4t\u00e9 droit de Ben Hamed Tour\u00e9, Quentin Paris sort de nul part pour couper du bout du pied droit. Quelques secondes plus tard, le passeur se mue en buteur et inscrit le troisi\u00e8me but de la partie. Les Verts sont compl\u00e8tement KO. Dans le temps additionnel, le club haut-savoyard va soigner sa diff\u00e9rence de buts en voyant Thibault Rambaud \u00e9galement participer \u00e0 la f\u00eate.\u00a0<\/p>\n<p>Partagez cette info avec vos amis et vos proches en cliquant ici<br \/>Pour r\u00e9sumer<\/p>\n<p>Une soir\u00e9e sans, pour le club du Forez. Ce samedi soir, l\u2019AS Saint-\u00c9tienne se d\u00e9pla\u00e7ait effectivement sur la pelouse du Parc des Sports pour y affronter le FC Annecy, dans le cadre du choc de cl\u00f4ture de la onzi\u00e8me journ\u00e9e de Ligue 2. Une rencontre qui a vu l\u2019ASSE rapidement \u00eatre r\u00e9duite \u00e0 dix et s\u2019incliner sur le score de quatre buts \u00e0 z\u00e9ro. Gr\u00e2ce \u00e0 cette victoire, le FCA remonte \u00e0 la huiti\u00e8me place et s\u2019\u00e9loigne de la zone dangereuse. Les Verts chutent \u00e0 la quatri\u00e8me place.\u00a0<\/p>\n<p> <img decoding=\"async\" width=\"76\" height=\"76\" loading=\"lazy\" src=\"https:\/\/static.wui.fr\/images_v3\/avatar-footnational.png\" alt=\"Youcef Ghalaza-Boudra\"\/><\/p>\n","protected":false},"excerpt":{"rendered":"Une soir\u00e9e sans, pour le club du Forez. Ce samedi soir, l\u2019AS Saint-\u00c9tienne se d\u00e9pla\u00e7ait effectivement sur la&hellip;\n","protected":false},"author":2,"featured_media":490197,"comment_status":"","ping_status":"","sticky":false,"template":"","format":"standard","meta":{"footnotes":""},"categories":[9653],"tags":[1111,11,2430,1777,674,1011,27,59995,12,25,4001],"class_list":{"0":"post-490196","1":"post","2":"type-post","3":"status-publish","4":"format-standard","5":"has-post-thumbnail","7":"category-saint-etienne","8":"tag-actu","9":"tag-actualites","10":"tag-auvergne-rhone-alpes","11":"tag-eu","12":"tag-europe","13":"tag-fr","14":"tag-france","15":"tag-ligue-2-actus","16":"tag-news","17":"tag-republique-francaise","18":"tag-saint-etienne"},"share_on_mastodon":{"url":"https:\/\/pubeurope.com\/@fr\/115437901063233696","error":""},"_links":{"self":[{"href":"https:\/\/www.europesays.com\/fr\/wp-json\/wp\/v2\/posts\/490196","targetHints":{"allow":["GET"]}}],"collection":[{"href":"https:\/\/www.europesays.com\/fr\/wp-json\/wp\/v2\/posts"}],"about":[{"href":"https:\/\/www.europesays.com\/fr\/wp-json\/wp\/v2\/types\/post"}],"author":[{"embeddable":true,"href":"https:\/\/www.europesays.com\/fr\/wp-json\/wp\/v2\/users\/2"}],"replies":[{"embeddable":true,"href":"https:\/\/www.europesays.com\/fr\/wp-json\/wp\/v2\/comments?post=490196"}],"version-history":[{"count":0,"href":"https:\/\/www.europesays.com\/fr\/wp-json\/wp\/v2\/posts\/490196\/revisions"}],"wp:featuredmedia":[{"embeddable":true,"href":"https:\/\/www.europesays.com\/fr\/wp-json\/wp\/v2\/media\/490197"}],"wp:attachment":[{"href":"https:\/\/www.europesays.com\/fr\/wp-json\/wp\/v2\/media?parent=490196"}],"wp:term":[{"taxonomy":"category","embeddable":true,"href":"https:\/\/www.europesays.com\/fr\/wp-json\/wp\/v2\/categories?post=490196"},{"taxonomy":"post_tag","embeddable":true,"href":"https:\/\/www.europesays.com\/fr\/wp-json\/wp\/v2\/tags?post=490196"}],"curies":[{"name":"wp","href":"https:\/\/api.w.org\/{rel}","templated":true}]}}