{"id":490202,"date":"2025-10-26T01:41:17","date_gmt":"2025-10-26T01:41:17","guid":{"rendered":"https:\/\/www.europesays.com\/fr\/490202\/"},"modified":"2025-10-26T01:41:17","modified_gmt":"2025-10-26T01:41:17","slug":"pau-pour-rester-en-tete-chocs-de-differents-niveaux-toulouse-toulon-montauban-et-perpignan","status":"publish","type":"post","link":"https:\/\/www.europesays.com\/fr\/490202\/","title":{"rendered":"Pau pour rester en t\u00eate, chocs de diff\u00e9rents niveaux Toulouse, Toulon, Montauban et Perpignan"},"content":{"rendered":"<p>Les yeux seront tourn\u00e9s vers trois matches en particulier lors de la 8e journ\u00e9e de Top 14 \u00a0: Pau &#8211; Racing 92 ce samedi (16h35),\u00a0puis le choc du haut de tableau entre le\u00a0Stade toulousain et Toulon dimanche (21h05) et\u00a0celui du bas de classement entre Montauban et des Perpignanais ce samedi (16h35).<\/p>\n<p>Paradoxalement, c&rsquo;est ce match de la peur \u00e0 Sapiac entre le promu (13e, 3 pts) et la lanterne rouge qui sera le plus scrut\u00e9. Si les Catalans devaient encore compter z\u00e9ro point apr\u00e8s cette huiti\u00e8me journ\u00e9e, il s&rsquo;agirait d&rsquo;une premi\u00e8re depuis l&rsquo;instauration du Top 14 en 2005, pire que Mont-de-Marsan qui avait attendu ce cap pour marquer son premier point en 2012-2013.<\/p>\n<p>\u00ab On ne va pas se mentir, on est dans un championnat \u00e0 deux avec Perpignan pour le maintien \u00bb, reconnaissait cette semaine Baptiste Mouchous, trois-quarts de Montauban, qui r\u00eave d&rsquo;accrocher la 13e place de barragiste et d&rsquo;\u00e9viter la derni\u00e8re, synonyme de rel\u00e9gation directe.<\/p>\n<p>Pau veut garder son fauteuil de leader<\/p>\n<p>Loin de ces consid\u00e9rations, la Section paloise, seule en t\u00eate avec 23 points et deux longueurs d&rsquo;avance sur les Bayonnais, va, elle, tenter de d\u00e9fendre sa place chez des Racingmen (10e) d\u00e9localis\u00e9s \u00e0 Cr\u00e9teil, la D\u00e9fense Arena accueillant le Masters 1000 de tennis de Paris. En cas de victoire, ce serait la premi\u00e8re \u00e0 l&rsquo;ext\u00e9rieur entre deux clubs du top 12 depuis la premi\u00e8re journ\u00e9e.<\/p>\n<p>\u00ab C&rsquo;est vrai qu&rsquo;actuellement les \u00e9quipes \u00e0 domicile sont tr\u00e8s performantes. Donc, on va voir, en esp\u00e9rant que ce week-end ce sera encore pareil pour nous \u00bb, commentait mercredi Olivier Azam, entra\u00eeneur des avants du Racing. Pour ce d\u00e9placement, les Palois b\u00e9n\u00e9ficieront des d\u00e9buts sous leurs couleurs du talonneur et capitaine des Pumas argentins Julian Montoya mais seront priv\u00e9s de leur buteur et ma\u00eetre \u00e0 jouer Joe Simmonds, bless\u00e9.<\/p>\n<p>Deux \u00e9quipes, le Stade toulousain et le Stade fran\u00e7ais, vont guetter un faux pas des B\u00e9arnais pour s&#8217;emparer du fauteuil de leader, avec d&rsquo;abord les Soldats roses parisiens (4e) qui recevront Montpellier (7e) samedi apr\u00e8s-midi.<\/p>\n<p>Plusieurs candidats \u00e0 la premi\u00e8re place<\/p>\n<p>Puis les hommes d&rsquo;Ugo Mola (3es) recevront dimanche soir (21h05) les Toulonnais au Stadium, avant de voir partir dix des leurs pour Marcoussis <a href=\"https:\/\/www.ledauphine.com\/sport\/2025\/10\/22\/xv-de-france-galthie-renouvelle-ses-troupes-pour-les-test-matches-de-l-automne\" target=\"_blank\" rel=\"nofollow noopener\">d\u00e8s lundi en vue de la tourn\u00e9e d&rsquo;automne<\/a>. Cinqui\u00e8me, avec 19 points et un match en retard \u00e0 domicile, le RCT est accrocheur \u00e0 l&rsquo;ext\u00e9rieur, en t\u00e9moignent sa victoire \u00e0 Montpellier lors de la premi\u00e8re journ\u00e9e et sa d\u00e9faite \u00e0 la derni\u00e8re seconde (35-32) \u00e0 Bayonne.<\/p>\n<p>Invaincu \u00e0 domicile depuis 18 matches, l&rsquo;Aviron est certes le dauphin de Pau, mais il a plus de mal \u00e0 l&rsquo;ext\u00e9rieur, comme l&rsquo;a montr\u00e9 la d\u00e9faite 47-24 chez les Palois lors de la 6e journ\u00e9e. Avec une infirmerie pleine malgr\u00e9 la pr\u00e9sence de leur ph\u00e9nom\u00e8ne convoqu\u00e9 avec les Bleus Esteban Capilla, les Basques pourraient souffrir \u00e0 Bordeaux-B\u00e8gles samedi (21h00) face \u00e0 des champions d&rsquo;Europe en titre (8es) plus \u00e0 l&rsquo;aise \u00e0 domicile.<\/p>\n<p>  La Rochelle ambitieux<\/p>\n<p>Champions d&rsquo;Europe 2022 et 2023, les Rochelais (11es) seront en visite samedi en d\u00e9but d&rsquo;apr\u00e8s-midi \u00e0 Lyon (9e), toujours invaincu \u00e0 domicile. Apr\u00e8s avoir laiss\u00e9 \u00e9chapper la victoire \u00e0 la derni\u00e8re seconde au Stade fran\u00e7ais (26-24), les Maritimes veulent sortir du ventre mou.<\/p>\n<p>Ils seront priv\u00e9s de leur talonneur Pierre Bourgarit, bless\u00e9, et de leur centre samoan UJ Seuteni, mais enregistreront le retour de leur arri\u00e8re polyvalent Dillyn Leyds, absent depuis la premi\u00e8re journ\u00e9e.<\/p>\n<p>Plus mauvaise \u00e9quipe \u00e0 l&rsquo;ext\u00e9rieur depuis le d\u00e9but de saison, avec Perpignan et Montauban, sans le moindre bonus d\u00e9fensif, Clermont (12e) sera cette fois sur sa pelouse du Michelin o\u00f9 elle vient de marquer 161 points en trois rencontres. Apr\u00e8s une d\u00e9faite excusable lors de la premi\u00e8re journ\u00e9e face aux triples champions de France toulousain, un nouvel \u00e9chec \u00e0 domicile, contre une \u00e9quipe de Castres remani\u00e9e (6e), obligerait d\u00e9j\u00e0 les Auvergnats \u00e0 revoir leurs ambitions.<\/p>\n","protected":false},"excerpt":{"rendered":"Les yeux seront tourn\u00e9s vers trois matches en particulier lors de la 8e journ\u00e9e de Top 14 \u00a0:&hellip;\n","protected":false},"author":2,"featured_media":490203,"comment_status":"","ping_status":"","sticky":false,"template":"","format":"standard","meta":{"footnotes":""},"categories":[9619],"tags":[1111,11,1777,674,107,1011,27,12,882,25,479,517,1947,2310],"class_list":{"0":"post-490202","1":"post","2":"type-post","3":"status-publish","4":"format-standard","5":"has-post-thumbnail","7":"category-toulon","8":"tag-actu","9":"tag-actualites","10":"tag-eu","11":"tag-europe","12":"tag-fil-info","13":"tag-fr","14":"tag-france","15":"tag-news","16":"tag-provence-alpes-cote-dazur","17":"tag-republique-francaise","18":"tag-rugby","19":"tag-sport","20":"tag-sport-national","21":"tag-toulon"},"share_on_mastodon":{"url":"https:\/\/pubeurope.com\/@fr\/115437927318170952","error":""},"_links":{"self":[{"href":"https:\/\/www.europesays.com\/fr\/wp-json\/wp\/v2\/posts\/490202","targetHints":{"allow":["GET"]}}],"collection":[{"href":"https:\/\/www.europesays.com\/fr\/wp-json\/wp\/v2\/posts"}],"about":[{"href":"https:\/\/www.europesays.com\/fr\/wp-json\/wp\/v2\/types\/post"}],"author":[{"embeddable":true,"href":"https:\/\/www.europesays.com\/fr\/wp-json\/wp\/v2\/users\/2"}],"replies":[{"embeddable":true,"href":"https:\/\/www.europesays.com\/fr\/wp-json\/wp\/v2\/comments?post=490202"}],"version-history":[{"count":0,"href":"https:\/\/www.europesays.com\/fr\/wp-json\/wp\/v2\/posts\/490202\/revisions"}],"wp:featuredmedia":[{"embeddable":true,"href":"https:\/\/www.europesays.com\/fr\/wp-json\/wp\/v2\/media\/490203"}],"wp:attachment":[{"href":"https:\/\/www.europesays.com\/fr\/wp-json\/wp\/v2\/media?parent=490202"}],"wp:term":[{"taxonomy":"category","embeddable":true,"href":"https:\/\/www.europesays.com\/fr\/wp-json\/wp\/v2\/categories?post=490202"},{"taxonomy":"post_tag","embeddable":true,"href":"https:\/\/www.europesays.com\/fr\/wp-json\/wp\/v2\/tags?post=490202"}],"curies":[{"name":"wp","href":"https:\/\/api.w.org\/{rel}","templated":true}]}}