{"id":490204,"date":"2025-10-26T01:43:11","date_gmt":"2025-10-26T01:43:11","guid":{"rendered":"https:\/\/www.europesays.com\/fr\/490204\/"},"modified":"2025-10-26T01:43:11","modified_gmt":"2025-10-26T01:43:11","slug":"previsions-du-dimanche-26-octobre-2025-12","status":"publish","type":"post","link":"https:\/\/www.europesays.com\/fr\/490204\/","title":{"rendered":"pr\u00e9visions du dimanche 26 octobre 2025"},"content":{"rendered":"<p class=\"mb-4 text-lg md:leading-8 break-words\"><strong>M\u00e9t\u00e9o &#8211; C&rsquo;est un soleil radieux qui va se montrer aujourd&rsquo;hui. Les temp\u00e9ratures seront de 15\u00b0C tout au long de la journ\u00e9e&#8230;<\/strong><\/p>\n<p class=\"mb-4 text-lg md:leading-8 break-words\">Aujourd&rsquo;hui, un grand soleil brillera sur Montpellier. Les valeurs seront de 12\u00b0C au plus bas et de 16\u00b0C au plus haut. La ville sera touch\u00e9e par un vent de nord-ouest de 30 km\/h. Il fera en moyenne 15\u00b0C, le matin. Les maximales atteindront les 16\u00b0C dans l&rsquo;apr\u00e8s-midi et les minimales seront de 13\u00b0C. Des \u00e9claircies appara\u00eetront dans la soir\u00e9e. On anticipe des temp\u00e9ratures avoisinant 12\u00b0C. \u00c0 la nuit tomb\u00e9e, le ciel sera limpide.<\/p>\n<p class=\"mb-4 text-lg md:leading-8 break-words\">Le soleil appara\u00eet l\u00e9g\u00e8rement demain. Ces \u00e9claircies devraient r\u00e9jouir les Montpelli\u00e9rains. Le mercure affichera 14\u00b0C en moyenne. Un vent de nord-ouest est attendu : il soufflera \u00e0 29 km\/h. Les valeurs tourneront autour des 14\u00b0C au cours de la matin\u00e9e. Les temp\u00e9ratures afficheront entre 15 et 17\u00b0C pendant l&rsquo;apr\u00e8s-midi. Demain soir, le vent va peu \u00e0 peu chasser les nuages.<\/p>\n<p class=\"mb-4 text-lg md:leading-8 break-words\">La m\u00e9t\u00e9o des jours qui suivent va \u00e9voluer progressivement. Les conditions m\u00e9t\u00e9orologiques se maintiendront mardi mais une d\u00e9gradation s&rsquo;ensuivra mercredi.<\/p>\n<p class=\"mb-4 text-lg md:leading-8 break-words\"><a href=\"https:\/\/www.20minutes.fr\/planete\/previsions-meteo\/4181601-20251026-meteo-montpellier-previsions-dimanche-26-octobre-2025?at_medium=RSS%20feed&amp;at_campaign=ynews&amp;utm_source=yahoo&amp;utm_medium=rss&amp;utm_campaign=news_feed&amp;utm_content=read_more_link&quot;\" rel=\"nofollow noopener\" target=\"_blank\" data-ylk=\"slk:Lire la suite sur 20minutes;elm:context_link;itc:0;sec:content-canvas\" class=\"link \">Lire la suite sur 20minutes<\/a><\/p>\n","protected":false},"excerpt":{"rendered":"M\u00e9t\u00e9o &#8211; C&rsquo;est un soleil radieux qui va se montrer aujourd&rsquo;hui. Les temp\u00e9ratures seront de 15\u00b0C tout au&hellip;\n","protected":false},"author":2,"featured_media":490205,"comment_status":"","ping_status":"","sticky":false,"template":"","format":"standard","meta":{"footnotes":""},"categories":[9599],"tags":[1111,11,1777,674,1011,27,2487,2208,12,2680,25,56804],"class_list":{"0":"post-490204","1":"post","2":"type-post","3":"status-publish","4":"format-standard","5":"has-post-thumbnail","7":"category-montpellier","8":"tag-actu","9":"tag-actualites","10":"tag-eu","11":"tag-europe","12":"tag-fr","13":"tag-france","14":"tag-meteo","15":"tag-montpellier","16":"tag-news","17":"tag-occitanie","18":"tag-republique-francaise","19":"tag-soleil-radieux"},"share_on_mastodon":{"url":"https:\/\/pubeurope.com\/@fr\/115437935231023374","error":""},"_links":{"self":[{"href":"https:\/\/www.europesays.com\/fr\/wp-json\/wp\/v2\/posts\/490204","targetHints":{"allow":["GET"]}}],"collection":[{"href":"https:\/\/www.europesays.com\/fr\/wp-json\/wp\/v2\/posts"}],"about":[{"href":"https:\/\/www.europesays.com\/fr\/wp-json\/wp\/v2\/types\/post"}],"author":[{"embeddable":true,"href":"https:\/\/www.europesays.com\/fr\/wp-json\/wp\/v2\/users\/2"}],"replies":[{"embeddable":true,"href":"https:\/\/www.europesays.com\/fr\/wp-json\/wp\/v2\/comments?post=490204"}],"version-history":[{"count":0,"href":"https:\/\/www.europesays.com\/fr\/wp-json\/wp\/v2\/posts\/490204\/revisions"}],"wp:featuredmedia":[{"embeddable":true,"href":"https:\/\/www.europesays.com\/fr\/wp-json\/wp\/v2\/media\/490205"}],"wp:attachment":[{"href":"https:\/\/www.europesays.com\/fr\/wp-json\/wp\/v2\/media?parent=490204"}],"wp:term":[{"taxonomy":"category","embeddable":true,"href":"https:\/\/www.europesays.com\/fr\/wp-json\/wp\/v2\/categories?post=490204"},{"taxonomy":"post_tag","embeddable":true,"href":"https:\/\/www.europesays.com\/fr\/wp-json\/wp\/v2\/tags?post=490204"}],"curies":[{"name":"wp","href":"https:\/\/api.w.org\/{rel}","templated":true}]}}