{"id":490224,"date":"2025-10-26T01:59:12","date_gmt":"2025-10-26T01:59:12","guid":{"rendered":"https:\/\/www.europesays.com\/fr\/490224\/"},"modified":"2025-10-26T01:59:12","modified_gmt":"2025-10-26T01:59:12","slug":"previsions-du-dimanche-26-octobre-2025-15","status":"publish","type":"post","link":"https:\/\/www.europesays.com\/fr\/490224\/","title":{"rendered":"pr\u00e9visions du dimanche 26 octobre 2025"},"content":{"rendered":"<p>C&rsquo;est sous un ciel couvert que va se d\u00e9rouler la journ\u00e9e. Les nuages persistent sur Bordeaux. Il faudra s&rsquo;attendre \u00e0 des perturbations, les Bordelais se retrouveront sous des pluies \u00e9parses. Le mercure affichera 13\u00b0C en moyenne. Un vent de nord-ouest soufflera l\u00e9g\u00e8rement, avec 12 km\/h. Il fera environ 12\u00b0C, le matin. L&rsquo;apr\u00e8s-midi, des nuages ne voudront pas c\u00e9der leur place au soleil. Les temp\u00e9ratures seront comprises entre 12 et 15\u00b0C. On notera la pr\u00e9sence persistante de nuages le soir. Des pluies \u00e9parses sont attendues. Les valeurs afficheront entre 10 et 11\u00b0C. Durant votre sommeil, dans la nuit de dimanche \u00e0 lundi, le ciel sera pluvieux.<\/p>\n<p>Le soleil se fera d\u00e9sirer demain sur Bordeaux, o\u00f9 des nuages sont bien install\u00e9s. Du mauvais temps est \u00e0 pr\u00e9voir. Des pluies \u00e9parses vont tomber. On anticipe des temp\u00e9ratures d&rsquo;environ 13\u00b0C. Un modeste vent d&rsquo;ouest sera ressenti par les habitants. La matin\u00e9e va rester voil\u00e9e \u00e0 cause de nuages qui se maintiennent dans le ciel. Les valeurs s&rsquo;\u00e9chelonneront entre 12\u00b0C et 15\u00b0C. Demain apr\u00e8s-midi, encore des nuages dans le ciel qui emp\u00eachent le soleil de faire son apparition. Les temp\u00e9ratures seront comprises entre 14 et 16\u00b0C. Toujours de la grisaille demain soir. Les nuages vont s&rsquo;attarder. Des pluies \u00e9parses tomberont. Les valeurs s&rsquo;\u00e9chelonneront de 13 \u00e0 14\u00b0C.<\/p>\n<p>Un temps instable est attendu les jours suivants. Une d\u00e9gradation est annonc\u00e9e mercredi, tandis que la journ\u00e9e de mardi aura \u00e9t\u00e9 ensoleill\u00e9e.<\/p>\n<p><\/p>\n","protected":false},"excerpt":{"rendered":"C&rsquo;est sous un ciel couvert que va se d\u00e9rouler la journ\u00e9e. Les nuages persistent sur Bordeaux. Il faudra&hellip;\n","protected":false},"author":2,"featured_media":490225,"comment_status":"","ping_status":"","sticky":false,"template":"","format":"standard","meta":{"footnotes":""},"categories":[2817],"tags":[1111,11,1997,1777,674,1011,27,12,2219,2119,25],"class_list":{"0":"post-490224","1":"post","2":"type-post","3":"status-publish","4":"format-standard","5":"has-post-thumbnail","7":"category-bordeaux","8":"tag-actu","9":"tag-actualites","10":"tag-bordeaux","11":"tag-eu","12":"tag-europe","13":"tag-fr","14":"tag-france","15":"tag-news","16":"tag-nouvelle-aquitaine","17":"tag-previsions-meteo","18":"tag-republique-francaise"},"share_on_mastodon":{"url":"https:\/\/pubeurope.com\/@fr\/115437998307763560","error":""},"_links":{"self":[{"href":"https:\/\/www.europesays.com\/fr\/wp-json\/wp\/v2\/posts\/490224","targetHints":{"allow":["GET"]}}],"collection":[{"href":"https:\/\/www.europesays.com\/fr\/wp-json\/wp\/v2\/posts"}],"about":[{"href":"https:\/\/www.europesays.com\/fr\/wp-json\/wp\/v2\/types\/post"}],"author":[{"embeddable":true,"href":"https:\/\/www.europesays.com\/fr\/wp-json\/wp\/v2\/users\/2"}],"replies":[{"embeddable":true,"href":"https:\/\/www.europesays.com\/fr\/wp-json\/wp\/v2\/comments?post=490224"}],"version-history":[{"count":0,"href":"https:\/\/www.europesays.com\/fr\/wp-json\/wp\/v2\/posts\/490224\/revisions"}],"wp:featuredmedia":[{"embeddable":true,"href":"https:\/\/www.europesays.com\/fr\/wp-json\/wp\/v2\/media\/490225"}],"wp:attachment":[{"href":"https:\/\/www.europesays.com\/fr\/wp-json\/wp\/v2\/media?parent=490224"}],"wp:term":[{"taxonomy":"category","embeddable":true,"href":"https:\/\/www.europesays.com\/fr\/wp-json\/wp\/v2\/categories?post=490224"},{"taxonomy":"post_tag","embeddable":true,"href":"https:\/\/www.europesays.com\/fr\/wp-json\/wp\/v2\/tags?post=490224"}],"curies":[{"name":"wp","href":"https:\/\/api.w.org\/{rel}","templated":true}]}}