{"id":490251,"date":"2025-10-26T02:16:22","date_gmt":"2025-10-26T02:16:22","guid":{"rendered":"https:\/\/www.europesays.com\/fr\/490251\/"},"modified":"2025-10-26T02:16:22","modified_gmt":"2025-10-26T02:16:22","slug":"frappes-russes-en-ukraine-zelensky-demande-un-systeme-de-defense-occidental","status":"publish","type":"post","link":"https:\/\/www.europesays.com\/fr\/490251\/","title":{"rendered":"Frappes russes en Ukraine: Zelensky demande un syst\u00e8me de d\u00e9fense occidental"},"content":{"rendered":"<p>Les attaques de missiles et de drones russes ont fait au moins quatre morts et 16\u00a0bless\u00e9s en Ukraine samedi, selon les autorit\u00e9s. En r\u00e9action, le pr\u00e9sident ukrainien a r\u00e9clam\u00e9 \u00e0 nouveau des syst\u00e8mes de d\u00e9fense a\u00e9rienne occidentaux.<\/p>\n<p>\u00c0 Kyiv, la capitale, deux personnes ont \u00e9t\u00e9 tu\u00e9es et neuf autres bless\u00e9es lors d\u2019une attaque de missiles balistiques aux premi\u00e8res heures de la journ\u00e9e, a d\u00e9clar\u00e9 Timur Tkachenko, chef de l\u2019administration militaire de la ville.<\/p>\n<p>\u00abExplosions dans la capitale. La ville subit une attaque balistique\u00bb, a \u00e9crit le maire Vitali Klitschko sur Telegram.<\/p>\n<p>Dans la r\u00e9gion de Dnipropetrovsk, deux personnes ont \u00e9t\u00e9 tu\u00e9es et sept bless\u00e9es, a indiqu\u00e9 le gouverneur r\u00e9gional par int\u00e9rim, Vladyslav Haivanenko, ajoutant que des immeubles d\u2019habitation et des maisons priv\u00e9es ont \u00e9t\u00e9 endommag\u00e9s lors des frappes. L\u2019arm\u00e9e de l\u2019air ukrainienne a not\u00e9 que la Russie avait lanc\u00e9 neuf missiles et 62\u00a0drones. Elle affirme avoir intercept\u00e9 quatre missiles et 50\u00a0drones.<\/p>\n<p>En Russie, le minist\u00e8re de la D\u00e9fense a indiqu\u00e9 que ses d\u00e9fenses a\u00e9riennes avaient abattu 121\u00a0drones ukrainiens au-dessus de la Russie pendant la nuit.<\/p>\n<p>Le pr\u00e9sident ukrainien Volodymyr Zelensky a affirm\u00e9 samedi que ces frappes accentuaient le besoin de l\u2019Ukraine en syst\u00e8mes de d\u00e9fense Patriot.<\/p>\n<p>\u00abC\u2019est pr\u00e9cis\u00e9ment en raison de telles attaques que nous accordons une attention particuli\u00e8re aux syst\u00e8mes Patriot, afin de prot\u00e9ger nos villes de cette horreur. Il est essentiel que les partenaires disposant des capacit\u00e9s n\u00e9cessaires mettent en \u0153uvre ce dont nous avons discut\u00e9 ces derniers jours\u00bb, a-t-il \u00e9crit sur X.<\/p>\n<p>\u00abLes \u00c9tats-Unis, l\u2019Europe et les pays du G7 peuvent contribuer \u00e0 garantir que de telles attaques ne menacent plus de vies humaines\u00bb, a-t-il continu\u00e9.<\/p>\n<p>M.\u00a0Zelensky esp\u00e8re que l\u2019Ukraine pourra acheter 25\u00a0syst\u00e8mes Patriot aux \u00c9tats-Unis pour renforcer ses d\u00e9fenses a\u00e9riennes, notamment dans les villes.<\/p>\n<p>Vendredi, le pr\u00e9sident ukrainien a exhort\u00e9 les \u00c9tats-Unis \u00e0 \u00e9tendre leurs sanctions contre le p\u00e9trole russe pour qu\u2019elles visent l\u2019ensemble du secteur. Il a \u00e9galement appel\u00e9 \u00e0 l\u2019utilisation de missiles longue port\u00e9e pour riposter contre la Russie.<\/p>\n<p>M.\u00a0Zelensky \u00e9tait \u00e0 Londres pour des entretiens avec une vingtaine de dirigeants europ\u00e9ens. Ces derniers ont promis d\u2019aider militairement son pays si, apr\u00e8s la signature d\u2019un cessez-le-feu, il se faisait de nouveau attaquer par la Russie.<\/p>\n<p>La r\u00e9union, organis\u00e9e par le premier ministre britannique Keir Starmer, visait \u00e0 intensifier la pression sur le pr\u00e9sident russe Vladimir Poutine, consolidant ainsi les r\u00e9centes mesures de boycottage europ\u00e9en sur les exportations russes de p\u00e9trole et de gaz.<\/p>\n<p>Les discussions ont \u00e9galement port\u00e9 sur les moyens de prot\u00e9ger le r\u00e9seau \u00e9lectrique ukrainien des attaques quasi quotidiennes de drones et de missiles russes \u00e0 l\u2019approche de l\u2019hiver, de renforcer la d\u00e9fense a\u00e9rienne ukrainienne et de fournir \u00e0 Kyiv des missiles longue port\u00e9e capable de frapper en profondeur en Russie. M.\u00a0Zelensky a exhort\u00e9 les \u00c9tats-Unis \u00e0 envoyer des missiles Tomahawk, une id\u00e9e d\u00e9j\u00e0 \u00e9voqu\u00e9e par le pr\u00e9sident am\u00e9ricain Donald Trump.<\/p>\n","protected":false},"excerpt":{"rendered":"Les attaques de missiles et de drones russes ont fait au moins quatre morts et 16\u00a0bless\u00e9s en Ukraine&hellip;\n","protected":false},"author":2,"featured_media":490252,"comment_status":"","ping_status":"","sticky":false,"template":"","format":"standard","meta":{"footnotes":""},"categories":[1590],"tags":[11,1777,674,11621,1854,4576,12,220],"class_list":{"0":"post-490251","1":"post","2":"type-post","3":"status-publish","4":"format-standard","5":"has-post-thumbnail","7":"category-ukraine","8":"tag-actualites","9":"tag-eu","10":"tag-europe","11":"tag-https-lactualite-com-sujet-defense","12":"tag-https-lactualite-com-sujet-international","13":"tag-https-lactualite-com-sujet-politique","14":"tag-news","15":"tag-ukraine"},"share_on_mastodon":{"url":"https:\/\/pubeurope.com\/@fr\/115438065003729717","error":""},"_links":{"self":[{"href":"https:\/\/www.europesays.com\/fr\/wp-json\/wp\/v2\/posts\/490251","targetHints":{"allow":["GET"]}}],"collection":[{"href":"https:\/\/www.europesays.com\/fr\/wp-json\/wp\/v2\/posts"}],"about":[{"href":"https:\/\/www.europesays.com\/fr\/wp-json\/wp\/v2\/types\/post"}],"author":[{"embeddable":true,"href":"https:\/\/www.europesays.com\/fr\/wp-json\/wp\/v2\/users\/2"}],"replies":[{"embeddable":true,"href":"https:\/\/www.europesays.com\/fr\/wp-json\/wp\/v2\/comments?post=490251"}],"version-history":[{"count":0,"href":"https:\/\/www.europesays.com\/fr\/wp-json\/wp\/v2\/posts\/490251\/revisions"}],"wp:featuredmedia":[{"embeddable":true,"href":"https:\/\/www.europesays.com\/fr\/wp-json\/wp\/v2\/media\/490252"}],"wp:attachment":[{"href":"https:\/\/www.europesays.com\/fr\/wp-json\/wp\/v2\/media?parent=490251"}],"wp:term":[{"taxonomy":"category","embeddable":true,"href":"https:\/\/www.europesays.com\/fr\/wp-json\/wp\/v2\/categories?post=490251"},{"taxonomy":"post_tag","embeddable":true,"href":"https:\/\/www.europesays.com\/fr\/wp-json\/wp\/v2\/tags?post=490251"}],"curies":[{"name":"wp","href":"https:\/\/api.w.org\/{rel}","templated":true}]}}