{"id":490257,"date":"2025-10-26T02:19:19","date_gmt":"2025-10-26T02:19:19","guid":{"rendered":"https:\/\/www.europesays.com\/fr\/490257\/"},"modified":"2025-10-26T02:19:19","modified_gmt":"2025-10-26T02:19:19","slug":"les-cinq-articles-les-plus-lus","status":"publish","type":"post","link":"https:\/\/www.europesays.com\/fr\/490257\/","title":{"rendered":"les cinq articles les plus lus"},"content":{"rendered":"<p>                                         &#13;<br \/>\n\t1 &#8211; 320 milliards d&rsquo;euros de budget, 16800 kilom\u00e8tres de nouvelles lignes&#8230; L&rsquo;immense chantier de la refonte du r\u00e9seau \u00e9lectrique en Allemagne<\/p>\n<p>&#13;<br \/>\n\tAvec l\u2019arriv\u00e9e des \u00e9nergies renouvelables, <a href=\"https:\/\/www.usinenouvelle.com\/article\/320-milliards-d-euros-de-budget-16800-kilometres-de-nouvelles-lignes-l-immense-chantier-de-la-refonte-du-reseau-electrique-en-allemagne.N2236796\" target=\"_blank\" rel=\"nofollow noopener\">Berlin est contraint de repenser en profondeur son r\u00e9seau \u00e9lectrique<\/a>. Un chantier co\u00fbteux, longtemps repouss\u00e9, qui impose de la concertation.<\/p>\n<p>&#13;<br \/>\n\t2 &#8211; Ancien patron d&rsquo;Airbus, Tom Enders va prendre la pr\u00e9sidence du conseil d&rsquo;administration de KNDS<\/p>\n<p>&#13;<br \/>\n\tKNDS a annonc\u00e9 lundi 21 octobre que Tom Enders, ancien dirigeant d&rsquo;<a title=\"Actualit\u00e9s et news \u00e9conomiques sur le constructeur a\u00e9ronautique europ\u00e9en \" href=\"https:\/\/www.usinenouvelle.com\/airbus\/\" rel=\"nofollow noopener\" target=\"\" class=\"lien-contextuel\">Airbus<\/a>, <a href=\"https:\/\/www.usinenouvelle.com\/article\/l-ancien-patron-d-airbus-tom-enders-prend-la-presidence-du-conseil-de-surveillance.N2239883\" target=\"_blank\" rel=\"nofollow noopener\">deviendra pr\u00e9sident du conseil d&rsquo;administration du fabricant de chars franco-allemand \u00e0 partir du 3 novembre<\/a>. Il sera notamment charg\u00e9 d&rsquo;accompagner un groupe qui veut revoir sa gouvernance, et qui songe \u00e0 entrer en bourse.<\/p>\n<p>&#13;<br \/>\n\t3 &#8211; Victime de la hausse des co\u00fbts, l\u2019usine de madeleines Maison Colibri de Pons est \u00e0 vendre<\/p>\n<p>&#13;<br \/>\n\tVictime de la hausse des co\u00fbts et d&rsquo;une baisse de sa comp\u00e9titivit\u00e9, l\u2019usine de madeleines Colibri situ\u00e9e \u00e0 Pons (Charente-Maritime) pourrait fermer ses portes \u00e0 la fin 2026. <a href=\"https:\/\/www.usinenouvelle.com\/article\/agroalimentaire-victime-de-la-hausse-des-couts-l-usine-de-madeleines-maison-colibri-de-pons-est-a-vendre.N2239951\" target=\"_blank\" rel=\"nofollow noopener\">Sa maison m\u00e8re, Paticeo, cherche un repreneur pour le site.<\/a><\/p>\n<p>&#13;<br \/>\n\t4 &#8211; L\u2019ing\u00e9nierie de Renault \u00e0 l\u2019aube d\u2019une nouvelle r\u00e9organisation<\/p>\n<p>&#13;<br \/>\n\tL&rsquo;ing\u00e9nierie produit de <a title=\"Actualit\u00e9s du constructeur automobile fran\u00e7ais Renault sur L&#039;Usine Nouvelle\" href=\"https:\/\/www.usinenouvelle.com\/renault\/\" rel=\"nofollow noopener\" target=\"\" class=\"lien-contextuel\">Renault<\/a> se pr\u00e9pare \u00e0 une nouvelle m\u00e9tamorphose en janvier 2026. Philippe Brunet, directeur des technologies du constructeur automobile fran\u00e7ais depuis septembre 2025, <a href=\"https:\/\/www.usinenouvelle.com\/article\/l-ingenierie-de-renault-a-l-aube-d-une-nouvelle-reorganisation.N2239902\" target=\"_blank\" rel=\"nofollow noopener\">souhaite adapter l&rsquo;organigramme et les m\u00e9thodes de fonctionnement pour coller \u00e0 un rythme de d\u00e9veloppement plus soutenu des v\u00e9hicules.<\/a><\/p>\n<p>&#13;<br \/>\n\t5 &#8211; Airbus, Thales et Leonardo ont conclu un accord pour fusionner leurs activit\u00e9s dans les satellites<\/p>\n<p>&#13;<br \/>\n\tLes fran\u00e7ais Airbus et <a title=\"News du groupe Thales sp\u00e9cialis\u00e9 dans l&#039;a\u00e9rospatial\" href=\"https:\/\/www.usinenouvelle.com\/thales\/\" rel=\"nofollow noopener\" target=\"\" class=\"lien-contextuel\">Thales<\/a> et l\u2019Italien Leonardo ont conclu <a href=\"https:\/\/www.usinenouvelle.com\/article\/airbus-thales-et-leonardo-ont-conclu-un-accord-pour-une-fusion-de-leurs-activites-satellitaires-selon-sources.N2239885\" target=\"_blank\" rel=\"nofollow noopener\">un accord-cadre pour fusionner leurs activit\u00e9s respectives dans les satellites<\/a>. Les trois industriels discutent depuis plus d\u2019un an pour cr\u00e9er un concurrent europ\u00e9en solide face aux rivaux chinois et am\u00e9ricains, notamment Starlink.<\/p>\n<p class=\"editoTitleType1 editoTitleType1--lagoon is-uppercase\">S\u00e9lectionn\u00e9 <b>pour vous<\/b><\/p>\n<p>                                                                            <a class=\"editoCardType21__link editoCardType21__containerImage\" href=\"https:\/\/www.usinenouvelle.com\/article\/ces-ingenieurs-si-difficiles-a-recruter-suspension-de-la-reforme-des-retraites-renault-5-les-cinq-articles-les-plus-lus.N2239831\" data-xiti-name=\"2239831\" rel=\"nofollow noopener\" target=\"_blank\"><\/p>\n<p>                                                                                                                                                    <img decoding=\"async\" src=\"data:image\/gif;base64,R0lGODdhAQABAPAAAMPDwwAAACwAAAAAAQABAAACAkQBADs=\" data-original=\"\/mediatheque\/9\/9\/7\/001532799_256x170_c.jpg\" alt=\"Ces ing\u00e9nieurs si difficiles \u00e0 recruter, suspension de la r\u00e9forme des retraites, Renault 5... Les cinq articles les plus lus\"\/><\/p>\n<p>                            <\/a><\/p>\n","protected":false},"excerpt":{"rendered":"&#13; 1 &#8211; 320 milliards d&rsquo;euros de budget, 16800 kilom\u00e8tres de nouvelles lignes&#8230; L&rsquo;immense chantier de la refonte&hellip;\n","protected":false},"author":2,"featured_media":490258,"comment_status":"","ping_status":"","sticky":false,"template":"","format":"standard","meta":{"footnotes":""},"categories":[1587],"tags":[11,672,1804,1805,1803,1777,674,43020,1801,43019,12,1802],"class_list":{"0":"post-490257","1":"post","2":"type-post","3":"status-publish","4":"format-standard","5":"has-post-thumbnail","7":"category-allemagne","8":"tag-actualites","9":"tag-allemagne","10":"tag-bundesrepublik-deutschland","11":"tag-de","12":"tag-deutschland","13":"tag-eu","14":"tag-europe","15":"tag-evenement-de-la-semain","16":"tag-germany","17":"tag-le-bilan-de-la-semaine","18":"tag-news","19":"tag-republique-federale-dallemagne"},"share_on_mastodon":{"url":"https:\/\/pubeurope.com\/@fr\/115438076773040437","error":""},"_links":{"self":[{"href":"https:\/\/www.europesays.com\/fr\/wp-json\/wp\/v2\/posts\/490257","targetHints":{"allow":["GET"]}}],"collection":[{"href":"https:\/\/www.europesays.com\/fr\/wp-json\/wp\/v2\/posts"}],"about":[{"href":"https:\/\/www.europesays.com\/fr\/wp-json\/wp\/v2\/types\/post"}],"author":[{"embeddable":true,"href":"https:\/\/www.europesays.com\/fr\/wp-json\/wp\/v2\/users\/2"}],"replies":[{"embeddable":true,"href":"https:\/\/www.europesays.com\/fr\/wp-json\/wp\/v2\/comments?post=490257"}],"version-history":[{"count":0,"href":"https:\/\/www.europesays.com\/fr\/wp-json\/wp\/v2\/posts\/490257\/revisions"}],"wp:featuredmedia":[{"embeddable":true,"href":"https:\/\/www.europesays.com\/fr\/wp-json\/wp\/v2\/media\/490258"}],"wp:attachment":[{"href":"https:\/\/www.europesays.com\/fr\/wp-json\/wp\/v2\/media?parent=490257"}],"wp:term":[{"taxonomy":"category","embeddable":true,"href":"https:\/\/www.europesays.com\/fr\/wp-json\/wp\/v2\/categories?post=490257"},{"taxonomy":"post_tag","embeddable":true,"href":"https:\/\/www.europesays.com\/fr\/wp-json\/wp\/v2\/tags?post=490257"}],"curies":[{"name":"wp","href":"https:\/\/api.w.org\/{rel}","templated":true}]}}